{"id":21677,"date":"2026-03-31T21:54:31","date_gmt":"2026-03-31T19:54:31","guid":{"rendered":"http:\/\/roczyny.duszpasterstwa.bielsko.pl\/?p=21677"},"modified":"2026-03-31T21:54:31","modified_gmt":"2026-03-31T19:54:31","slug":"nowy-grob-ciemnica-przygotowane","status":"publish","type":"post","link":"http:\/\/roczyny.duszpasterstwa.bielsko.pl\/?p=21677","title":{"rendered":"NOWY GR\u00d3B, CIEMNICA PRZYGOTOWANE&#8230;"},"content":{"rendered":"\n<p>Tradycyjnie przed TRIDUUM PASCHALNYM powstaje GR\u00d3B I CIEMNICA&#8230;<\/p>\n\n\n\n<p>W tym roku nowa ods\u0142ona Grobu Pa\u0144skiego&#8230; Nasi Parafianie przygotowali r\u00f3wnie\u017c Ciemnic\u0119&#8230;<\/p>\n\n\n\n<p>Bardzo IM DZI\u0118KUJEMY, za mo\u017cliwo\u015b\u0107 szczeg\u00f3lnego prze\u017cywania TRIDUUM&#8230;<\/p>\n\n\n\n<figure class=\"wp-block-gallery has-nested-images columns-default is-cropped wp-block-gallery-1 is-layout-flex wp-block-gallery-is-layout-flex\">\n<figure class=\"wp-block-image size-large\"><a href=\"http:\/\/roczyny.duszpasterstwa.bielsko.pl\/wp-content\/uploads\/2026\/03\/IMG_5422-scaled.jpeg\"><img fetchpriority=\"high\" decoding=\"async\" width=\"1024\" height=\"768\" data-id=\"21683\" src=\"http:\/\/roczyny.duszpasterstwa.bielsko.pl\/wp-content\/uploads\/2026\/03\/IMG_5422-1024x768.jpeg\" alt=\"\" class=\"wp-image-21683\" srcset=\"http:\/\/roczyny.duszpasterstwa.bielsko.pl\/wp-content\/uploads\/2026\/03\/IMG_5422-1024x768.jpeg 1024w, http:\/\/roczyny.duszpasterstwa.bielsko.pl\/wp-content\/uploads\/2026\/03\/IMG_5422-300x225.jpeg 300w, http:\/\/roczyny.duszpasterstwa.bielsko.pl\/wp-content\/uploads\/2026\/03\/IMG_5422-768x576.jpeg 768w, http:\/\/roczyny.duszpasterstwa.bielsko.pl\/wp-content\/uploads\/2026\/03\/IMG_5422-1536x1152.jpeg 1536w, http:\/\/roczyny.duszpasterstwa.bielsko.pl\/wp-content\/uploads\/2026\/03\/IMG_5422-2048x1536.jpeg 2048w, http:\/\/roczyny.duszpasterstwa.bielsko.pl\/wp-content\/uploads\/2026\/03\/IMG_5422-200x150.jpeg 200w, http:\/\/roczyny.duszpasterstwa.bielsko.pl\/wp-content\/uploads\/2026\/03\/IMG_5422-690x518.jpeg 690w\" sizes=\"(max-width: 1024px) 100vw, 1024px\" \/><\/a><\/figure>\n\n\n\n<figure class=\"wp-block-image size-large\"><a href=\"http:\/\/roczyny.duszpasterstwa.bielsko.pl\/wp-content\/uploads\/2026\/03\/IMG_5423-scaled.jpeg\"><img decoding=\"async\" width=\"1024\" height=\"768\" data-id=\"21679\" src=\"http:\/\/roczyny.duszpasterstwa.bielsko.pl\/wp-content\/uploads\/2026\/03\/IMG_5423-1024x768.jpeg\" alt=\"\" class=\"wp-image-21679\" srcset=\"http:\/\/roczyny.duszpasterstwa.bielsko.pl\/wp-content\/uploads\/2026\/03\/IMG_5423-1024x768.jpeg 1024w, http:\/\/roczyny.duszpasterstwa.bielsko.pl\/wp-content\/uploads\/2026\/03\/IMG_5423-300x225.jpeg 300w, http:\/\/roczyny.duszpasterstwa.bielsko.pl\/wp-content\/uploads\/2026\/03\/IMG_5423-768x576.jpeg 768w, http:\/\/roczyny.duszpasterstwa.bielsko.pl\/wp-content\/uploads\/2026\/03\/IMG_5423-1536x1152.jpeg 1536w, http:\/\/roczyny.duszpasterstwa.bielsko.pl\/wp-content\/uploads\/2026\/03\/IMG_5423-2048x1536.jpeg 2048w, http:\/\/roczyny.duszpasterstwa.bielsko.pl\/wp-content\/uploads\/2026\/03\/IMG_5423-200x150.jpeg 200w, http:\/\/roczyny.duszpasterstwa.bielsko.pl\/wp-content\/uploads\/2026\/03\/IMG_5423-690x518.jpeg 690w\" sizes=\"(max-width: 1024px) 100vw, 1024px\" \/><\/a><\/figure>\n\n\n\n<figure class=\"wp-block-image size-large\"><a href=\"http:\/\/roczyny.duszpasterstwa.bielsko.pl\/wp-content\/uploads\/2026\/03\/IMG_5424-scaled.jpeg\"><img decoding=\"async\" width=\"1024\" height=\"768\" data-id=\"21680\" src=\"http:\/\/roczyny.duszpasterstwa.bielsko.pl\/wp-content\/uploads\/2026\/03\/IMG_5424-1024x768.jpeg\" alt=\"\" class=\"wp-image-21680\" srcset=\"http:\/\/roczyny.duszpasterstwa.bielsko.pl\/wp-content\/uploads\/2026\/03\/IMG_5424-1024x768.jpeg 1024w, http:\/\/roczyny.duszpasterstwa.bielsko.pl\/wp-content\/uploads\/2026\/03\/IMG_5424-300x225.jpeg 300w, http:\/\/roczyny.duszpasterstwa.bielsko.pl\/wp-content\/uploads\/2026\/03\/IMG_5424-768x576.jpeg 768w, http:\/\/roczyny.duszpasterstwa.bielsko.pl\/wp-content\/uploads\/2026\/03\/IMG_5424-1536x1152.jpeg 1536w, http:\/\/roczyny.duszpasterstwa.bielsko.pl\/wp-content\/uploads\/2026\/03\/IMG_5424-2048x1536.jpeg 2048w, http:\/\/roczyny.duszpasterstwa.bielsko.pl\/wp-content\/uploads\/2026\/03\/IMG_5424-200x150.jpeg 200w, http:\/\/roczyny.duszpasterstwa.bielsko.pl\/wp-content\/uploads\/2026\/03\/IMG_5424-690x518.jpeg 690w\" sizes=\"(max-width: 1024px) 100vw, 1024px\" \/><\/a><\/figure>\n\n\n\n<figure class=\"wp-block-image size-large\"><a href=\"http:\/\/roczyny.duszpasterstwa.bielsko.pl\/wp-content\/uploads\/2026\/03\/IMG_5425-scaled.jpeg\"><img loading=\"lazy\" decoding=\"async\" width=\"1024\" height=\"768\" data-id=\"21678\" src=\"http:\/\/roczyny.duszpasterstwa.bielsko.pl\/wp-content\/uploads\/2026\/03\/IMG_5425-1024x768.jpeg\" alt=\"\" class=\"wp-image-21678\" srcset=\"http:\/\/roczyny.duszpasterstwa.bielsko.pl\/wp-content\/uploads\/2026\/03\/IMG_5425-1024x768.jpeg 1024w, http:\/\/roczyny.duszpasterstwa.bielsko.pl\/wp-content\/uploads\/2026\/03\/IMG_5425-300x225.jpeg 300w, http:\/\/roczyny.duszpasterstwa.bielsko.pl\/wp-content\/uploads\/2026\/03\/IMG_5425-768x576.jpeg 768w, http:\/\/roczyny.duszpasterstwa.bielsko.pl\/wp-content\/uploads\/2026\/03\/IMG_5425-1536x1152.jpeg 1536w, http:\/\/roczyny.duszpasterstwa.bielsko.pl\/wp-content\/uploads\/2026\/03\/IMG_5425-2048x1536.jpeg 2048w, http:\/\/roczyny.duszpasterstwa.bielsko.pl\/wp-content\/uploads\/2026\/03\/IMG_5425-200x150.jpeg 200w, http:\/\/roczyny.duszpasterstwa.bielsko.pl\/wp-content\/uploads\/2026\/03\/IMG_5425-690x518.jpeg 690w\" sizes=\"(max-width: 1024px) 100vw, 1024px\" \/><\/a><\/figure>\n\n\n\n<figure class=\"wp-block-image size-large\"><a href=\"http:\/\/roczyny.duszpasterstwa.bielsko.pl\/wp-content\/uploads\/2026\/03\/IMG_5429-scaled.jpeg\"><img loading=\"lazy\" decoding=\"async\" width=\"1024\" height=\"768\" data-id=\"21682\" src=\"http:\/\/roczyny.duszpasterstwa.bielsko.pl\/wp-content\/uploads\/2026\/03\/IMG_5429-1024x768.jpeg\" alt=\"\" class=\"wp-image-21682\" srcset=\"http:\/\/roczyny.duszpasterstwa.bielsko.pl\/wp-content\/uploads\/2026\/03\/IMG_5429-1024x768.jpeg 1024w, http:\/\/roczyny.duszpasterstwa.bielsko.pl\/wp-content\/uploads\/2026\/03\/IMG_5429-300x225.jpeg 300w, http:\/\/roczyny.duszpasterstwa.bielsko.pl\/wp-content\/uploads\/2026\/03\/IMG_5429-768x576.jpeg 768w, http:\/\/roczyny.duszpasterstwa.bielsko.pl\/wp-content\/uploads\/2026\/03\/IMG_5429-1536x1152.jpeg 1536w, http:\/\/roczyny.duszpasterstwa.bielsko.pl\/wp-content\/uploads\/2026\/03\/IMG_5429-2048x1536.jpeg 2048w, http:\/\/roczyny.duszpasterstwa.bielsko.pl\/wp-content\/uploads\/2026\/03\/IMG_5429-200x150.jpeg 200w, http:\/\/roczyny.duszpasterstwa.bielsko.pl\/wp-content\/uploads\/2026\/03\/IMG_5429-690x518.jpeg 690w\" sizes=\"(max-width: 1024px) 100vw, 1024px\" \/><\/a><\/figure>\n\n\n\n<figure class=\"wp-block-image size-large\"><a href=\"http:\/\/roczyny.duszpasterstwa.bielsko.pl\/wp-content\/uploads\/2026\/03\/IMG_5432-scaled.jpeg\"><img loading=\"lazy\" decoding=\"async\" width=\"1024\" height=\"768\" data-id=\"21681\" src=\"http:\/\/roczyny.duszpasterstwa.bielsko.pl\/wp-content\/uploads\/2026\/03\/IMG_5432-1024x768.jpeg\" alt=\"\" class=\"wp-image-21681\" srcset=\"http:\/\/roczyny.duszpasterstwa.bielsko.pl\/wp-content\/uploads\/2026\/03\/IMG_5432-1024x768.jpeg 1024w, http:\/\/roczyny.duszpasterstwa.bielsko.pl\/wp-content\/uploads\/2026\/03\/IMG_5432-300x225.jpeg 300w, http:\/\/roczyny.duszpasterstwa.bielsko.pl\/wp-content\/uploads\/2026\/03\/IMG_5432-768x576.jpeg 768w, http:\/\/roczyny.duszpasterstwa.bielsko.pl\/wp-content\/uploads\/2026\/03\/IMG_5432-1536x1152.jpeg 1536w, http:\/\/roczyny.duszpasterstwa.bielsko.pl\/wp-content\/uploads\/2026\/03\/IMG_5432-2048x1536.jpeg 2048w, http:\/\/roczyny.duszpasterstwa.bielsko.pl\/wp-content\/uploads\/2026\/03\/IMG_5432-200x150.jpeg 200w, http:\/\/roczyny.duszpasterstwa.bielsko.pl\/wp-content\/uploads\/2026\/03\/IMG_5432-690x518.jpeg 690w\" sizes=\"(max-width: 1024px) 100vw, 1024px\" \/><\/a><\/figure>\n\n\n\n<figure class=\"wp-block-image size-large\"><a href=\"http:\/\/roczyny.duszpasterstwa.bielsko.pl\/wp-content\/uploads\/2026\/03\/IMG_5435-scaled.jpeg\"><img loading=\"lazy\" decoding=\"async\" width=\"1024\" height=\"768\" data-id=\"21684\" src=\"http:\/\/roczyny.duszpasterstwa.bielsko.pl\/wp-content\/uploads\/2026\/03\/IMG_5435-1024x768.jpeg\" alt=\"\" class=\"wp-image-21684\" srcset=\"http:\/\/roczyny.duszpasterstwa.bielsko.pl\/wp-content\/uploads\/2026\/03\/IMG_5435-1024x768.jpeg 1024w, http:\/\/roczyny.duszpasterstwa.bielsko.pl\/wp-content\/uploads\/2026\/03\/IMG_5435-300x225.jpeg 300w, http:\/\/roczyny.duszpasterstwa.bielsko.pl\/wp-content\/uploads\/2026\/03\/IMG_5435-768x576.jpeg 768w, http:\/\/roczyny.duszpasterstwa.bielsko.pl\/wp-content\/uploads\/2026\/03\/IMG_5435-1536x1152.jpeg 1536w, http:\/\/roczyny.duszpasterstwa.bielsko.pl\/wp-content\/uploads\/2026\/03\/IMG_5435-2048x1536.jpeg 2048w, http:\/\/roczyny.duszpasterstwa.bielsko.pl\/wp-content\/uploads\/2026\/03\/IMG_5435-200x150.jpeg 200w, http:\/\/roczyny.duszpasterstwa.bielsko.pl\/wp-content\/uploads\/2026\/03\/IMG_5435-690x518.jpeg 690w\" sizes=\"(max-width: 1024px) 100vw, 1024px\" \/><\/a><\/figure>\n\n\n\n<figure class=\"wp-block-image size-large\"><a href=\"http:\/\/roczyny.duszpasterstwa.bielsko.pl\/wp-content\/uploads\/2026\/03\/IMG_5437-scaled.jpeg\"><img loading=\"lazy\" decoding=\"async\" width=\"1024\" height=\"768\" data-id=\"21685\" src=\"http:\/\/roczyny.duszpasterstwa.bielsko.pl\/wp-content\/uploads\/2026\/03\/IMG_5437-1024x768.jpeg\" alt=\"\" class=\"wp-image-21685\" srcset=\"http:\/\/roczyny.duszpasterstwa.bielsko.pl\/wp-content\/uploads\/2026\/03\/IMG_5437-1024x768.jpeg 1024w, http:\/\/roczyny.duszpasterstwa.bielsko.pl\/wp-content\/uploads\/2026\/03\/IMG_5437-300x225.jpeg 300w, http:\/\/roczyny.duszpasterstwa.bielsko.pl\/wp-content\/uploads\/2026\/03\/IMG_5437-768x576.jpeg 768w, http:\/\/roczyny.duszpasterstwa.bielsko.pl\/wp-content\/uploads\/2026\/03\/IMG_5437-1536x1152.jpeg 1536w, http:\/\/roczyny.duszpasterstwa.bielsko.pl\/wp-content\/uploads\/2026\/03\/IMG_5437-2048x1536.jpeg 2048w, http:\/\/roczyny.duszpasterstwa.bielsko.pl\/wp-content\/uploads\/2026\/03\/IMG_5437-200x150.jpeg 200w, http:\/\/roczyny.duszpasterstwa.bielsko.pl\/wp-content\/uploads\/2026\/03\/IMG_5437-690x518.jpeg 690w\" sizes=\"(max-width: 1024px) 100vw, 1024px\" \/><\/a><\/figure>\n\n\n\n<figure class=\"wp-block-image size-large\"><a href=\"http:\/\/roczyny.duszpasterstwa.bielsko.pl\/wp-content\/uploads\/2026\/03\/IMG_5438-scaled.jpeg\"><img loading=\"lazy\" decoding=\"async\" width=\"1024\" height=\"768\" data-id=\"21686\" src=\"http:\/\/roczyny.duszpasterstwa.bielsko.pl\/wp-content\/uploads\/2026\/03\/IMG_5438-1024x768.jpeg\" alt=\"\" class=\"wp-image-21686\" srcset=\"http:\/\/roczyny.duszpasterstwa.bielsko.pl\/wp-content\/uploads\/2026\/03\/IMG_5438-1024x768.jpeg 1024w, http:\/\/roczyny.duszpasterstwa.bielsko.pl\/wp-content\/uploads\/2026\/03\/IMG_5438-300x225.jpeg 300w, http:\/\/roczyny.duszpasterstwa.bielsko.pl\/wp-content\/uploads\/2026\/03\/IMG_5438-768x576.jpeg 768w, http:\/\/roczyny.duszpasterstwa.bielsko.pl\/wp-content\/uploads\/2026\/03\/IMG_5438-1536x1152.jpeg 1536w, http:\/\/roczyny.duszpasterstwa.bielsko.pl\/wp-content\/uploads\/2026\/03\/IMG_5438-2048x1536.jpeg 2048w, http:\/\/roczyny.duszpasterstwa.bielsko.pl\/wp-content\/uploads\/2026\/03\/IMG_5438-200x150.jpeg 200w, http:\/\/roczyny.duszpasterstwa.bielsko.pl\/wp-content\/uploads\/2026\/03\/IMG_5438-690x518.jpeg 690w\" sizes=\"(max-width: 1024px) 100vw, 1024px\" \/><\/a><\/figure>\n\n\n\n<figure class=\"wp-block-image size-large\"><a href=\"http:\/\/roczyny.duszpasterstwa.bielsko.pl\/wp-content\/uploads\/2026\/03\/IMG_5448-scaled.jpeg\"><img loading=\"lazy\" decoding=\"async\" width=\"1024\" height=\"768\" data-id=\"21687\" src=\"http:\/\/roczyny.duszpasterstwa.bielsko.pl\/wp-content\/uploads\/2026\/03\/IMG_5448-1024x768.jpeg\" alt=\"\" class=\"wp-image-21687\" srcset=\"http:\/\/roczyny.duszpasterstwa.bielsko.pl\/wp-content\/uploads\/2026\/03\/IMG_5448-1024x768.jpeg 1024w, http:\/\/roczyny.duszpasterstwa.bielsko.pl\/wp-content\/uploads\/2026\/03\/IMG_5448-300x225.jpeg 300w, http:\/\/roczyny.duszpasterstwa.bielsko.pl\/wp-content\/uploads\/2026\/03\/IMG_5448-768x576.jpeg 768w, http:\/\/roczyny.duszpasterstwa.bielsko.pl\/wp-content\/uploads\/2026\/03\/IMG_5448-1536x1152.jpeg 1536w, http:\/\/roczyny.duszpasterstwa.bielsko.pl\/wp-content\/uploads\/2026\/03\/IMG_5448-2048x1536.jpeg 2048w, http:\/\/roczyny.duszpasterstwa.bielsko.pl\/wp-content\/uploads\/2026\/03\/IMG_5448-200x150.jpeg 200w, http:\/\/roczyny.duszpasterstwa.bielsko.pl\/wp-content\/uploads\/2026\/03\/IMG_5448-690x518.jpeg 690w\" sizes=\"(max-width: 1024px) 100vw, 1024px\" \/><\/a><\/figure>\n\n\n\n<figure class=\"wp-block-image size-large\"><a href=\"http:\/\/roczyny.duszpasterstwa.bielsko.pl\/wp-content\/uploads\/2026\/03\/IMG_5453-scaled.jpeg\"><img loading=\"lazy\" decoding=\"async\" width=\"1024\" height=\"768\" data-id=\"21688\" src=\"http:\/\/roczyny.duszpasterstwa.bielsko.pl\/wp-content\/uploads\/2026\/03\/IMG_5453-1024x768.jpeg\" alt=\"\" class=\"wp-image-21688\" srcset=\"http:\/\/roczyny.duszpasterstwa.bielsko.pl\/wp-content\/uploads\/2026\/03\/IMG_5453-1024x768.jpeg 1024w, http:\/\/roczyny.duszpasterstwa.bielsko.pl\/wp-content\/uploads\/2026\/03\/IMG_5453-300x225.jpeg 300w, http:\/\/roczyny.duszpasterstwa.bielsko.pl\/wp-content\/uploads\/2026\/03\/IMG_5453-768x576.jpeg 768w, http:\/\/roczyny.duszpasterstwa.bielsko.pl\/wp-content\/uploads\/2026\/03\/IMG_5453-1536x1152.jpeg 1536w, http:\/\/roczyny.duszpasterstwa.bielsko.pl\/wp-content\/uploads\/2026\/03\/IMG_5453-2048x1536.jpeg 2048w, http:\/\/roczyny.duszpasterstwa.bielsko.pl\/wp-content\/uploads\/2026\/03\/IMG_5453-200x150.jpeg 200w, http:\/\/roczyny.duszpasterstwa.bielsko.pl\/wp-content\/uploads\/2026\/03\/IMG_5453-690x518.jpeg 690w\" sizes=\"(max-width: 1024px) 100vw, 1024px\" \/><\/a><\/figure>\n\n\n\n<figure class=\"wp-block-image size-large\"><a href=\"http:\/\/roczyny.duszpasterstwa.bielsko.pl\/wp-content\/uploads\/2026\/03\/IMG_5460-scaled.jpeg\"><img loading=\"lazy\" decoding=\"async\" width=\"1024\" height=\"768\" data-id=\"21689\" src=\"http:\/\/roczyny.duszpasterstwa.bielsko.pl\/wp-content\/uploads\/2026\/03\/IMG_5460-1024x768.jpeg\" alt=\"\" class=\"wp-image-21689\" srcset=\"http:\/\/roczyny.duszpasterstwa.bielsko.pl\/wp-content\/uploads\/2026\/03\/IMG_5460-1024x768.jpeg 1024w, http:\/\/roczyny.duszpasterstwa.bielsko.pl\/wp-content\/uploads\/2026\/03\/IMG_5460-300x225.jpeg 300w, http:\/\/roczyny.duszpasterstwa.bielsko.pl\/wp-content\/uploads\/2026\/03\/IMG_5460-768x576.jpeg 768w, http:\/\/roczyny.duszpasterstwa.bielsko.pl\/wp-content\/uploads\/2026\/03\/IMG_5460-1536x1152.jpeg 1536w, http:\/\/roczyny.duszpasterstwa.bielsko.pl\/wp-content\/uploads\/2026\/03\/IMG_5460-2048x1536.jpeg 2048w, http:\/\/roczyny.duszpasterstwa.bielsko.pl\/wp-content\/uploads\/2026\/03\/IMG_5460-200x150.jpeg 200w, http:\/\/roczyny.duszpasterstwa.bielsko.pl\/wp-content\/uploads\/2026\/03\/IMG_5460-690x518.jpeg 690w\" sizes=\"(max-width: 1024px) 100vw, 1024px\" \/><\/a><\/figure>\n\n\n\n<figure class=\"wp-block-image size-large\"><a href=\"http:\/\/roczyny.duszpasterstwa.bielsko.pl\/wp-content\/uploads\/2026\/03\/IMG_5461-scaled.jpeg\"><img loading=\"lazy\" decoding=\"async\" width=\"768\" height=\"1024\" data-id=\"21691\" src=\"http:\/\/roczyny.duszpasterstwa.bielsko.pl\/wp-content\/uploads\/2026\/03\/IMG_5461-768x1024.jpeg\" alt=\"\" class=\"wp-image-21691\" srcset=\"http:\/\/roczyny.duszpasterstwa.bielsko.pl\/wp-content\/uploads\/2026\/03\/IMG_5461-768x1024.jpeg 768w, http:\/\/roczyny.duszpasterstwa.bielsko.pl\/wp-content\/uploads\/2026\/03\/IMG_5461-225x300.jpeg 225w, http:\/\/roczyny.duszpasterstwa.bielsko.pl\/wp-content\/uploads\/2026\/03\/IMG_5461-1152x1536.jpeg 1152w, http:\/\/roczyny.duszpasterstwa.bielsko.pl\/wp-content\/uploads\/2026\/03\/IMG_5461-1536x2048.jpeg 1536w, http:\/\/roczyny.duszpasterstwa.bielsko.pl\/wp-content\/uploads\/2026\/03\/IMG_5461-200x267.jpeg 200w, http:\/\/roczyny.duszpasterstwa.bielsko.pl\/wp-content\/uploads\/2026\/03\/IMG_5461-690x920.jpeg 690w, http:\/\/roczyny.duszpasterstwa.bielsko.pl\/wp-content\/uploads\/2026\/03\/IMG_5461-scaled.jpeg 1920w\" sizes=\"(max-width: 768px) 100vw, 768px\" \/><\/a><\/figure>\n\n\n\n<figure class=\"wp-block-image size-large\"><a href=\"http:\/\/roczyny.duszpasterstwa.bielsko.pl\/wp-content\/uploads\/2026\/03\/IMG_5463-scaled.jpeg\"><img loading=\"lazy\" decoding=\"async\" width=\"1024\" height=\"768\" data-id=\"21690\" src=\"http:\/\/roczyny.duszpasterstwa.bielsko.pl\/wp-content\/uploads\/2026\/03\/IMG_5463-1024x768.jpeg\" alt=\"\" class=\"wp-image-21690\" srcset=\"http:\/\/roczyny.duszpasterstwa.bielsko.pl\/wp-content\/uploads\/2026\/03\/IMG_5463-1024x768.jpeg 1024w, http:\/\/roczyny.duszpasterstwa.bielsko.pl\/wp-content\/uploads\/2026\/03\/IMG_5463-300x225.jpeg 300w, http:\/\/roczyny.duszpasterstwa.bielsko.pl\/wp-content\/uploads\/2026\/03\/IMG_5463-768x576.jpeg 768w, http:\/\/roczyny.duszpasterstwa.bielsko.pl\/wp-content\/uploads\/2026\/03\/IMG_5463-1536x1152.jpeg 1536w, http:\/\/roczyny.duszpasterstwa.bielsko.pl\/wp-content\/uploads\/2026\/03\/IMG_5463-2048x1536.jpeg 2048w, http:\/\/roczyny.duszpasterstwa.bielsko.pl\/wp-content\/uploads\/2026\/03\/IMG_5463-200x150.jpeg 200w, http:\/\/roczyny.duszpasterstwa.bielsko.pl\/wp-content\/uploads\/2026\/03\/IMG_5463-690x518.jpeg 690w\" sizes=\"(max-width: 1024px) 100vw, 1024px\" \/><\/a><\/figure>\n\n\n\n<figure class=\"wp-block-image size-large\"><a href=\"http:\/\/roczyny.duszpasterstwa.bielsko.pl\/wp-content\/uploads\/2026\/03\/IMG_5466-scaled.jpeg\"><img loading=\"lazy\" decoding=\"async\" width=\"768\" height=\"1024\" data-id=\"21692\" src=\"http:\/\/roczyny.duszpasterstwa.bielsko.pl\/wp-content\/uploads\/2026\/03\/IMG_5466-768x1024.jpeg\" alt=\"\" class=\"wp-image-21692\" srcset=\"http:\/\/roczyny.duszpasterstwa.bielsko.pl\/wp-content\/uploads\/2026\/03\/IMG_5466-768x1024.jpeg 768w, http:\/\/roczyny.duszpasterstwa.bielsko.pl\/wp-content\/uploads\/2026\/03\/IMG_5466-225x300.jpeg 225w, http:\/\/roczyny.duszpasterstwa.bielsko.pl\/wp-content\/uploads\/2026\/03\/IMG_5466-1152x1536.jpeg 1152w, http:\/\/roczyny.duszpasterstwa.bielsko.pl\/wp-content\/uploads\/2026\/03\/IMG_5466-1536x2048.jpeg 1536w, http:\/\/roczyny.duszpasterstwa.bielsko.pl\/wp-content\/uploads\/2026\/03\/IMG_5466-200x267.jpeg 200w, http:\/\/roczyny.duszpasterstwa.bielsko.pl\/wp-content\/uploads\/2026\/03\/IMG_5466-690x920.jpeg 690w, http:\/\/roczyny.duszpasterstwa.bielsko.pl\/wp-content\/uploads\/2026\/03\/IMG_5466-scaled.jpeg 1920w\" sizes=\"(max-width: 768px) 100vw, 768px\" \/><\/a><\/figure>\n<\/figure>\n","protected":false},"excerpt":{"rendered":"<p>Tradycyjnie przed TRIDUUM PASCHALNYM powstaje GR\u00d3B I CIEMNICA&#8230; W tym roku nowa ods\u0142ona Grobu Pa\u0144skiego&#8230; Nasi Parafianie przygotowali r\u00f3wnie\u017c Ciemnic\u0119&#8230; <a class=\"read-more\" href=\"http:\/\/roczyny.duszpasterstwa.bielsko.pl\/?p=21677\">czytaj dalej<\/a><\/p>\n","protected":false},"author":2,"featured_media":21682,"comment_status":"closed","ping_status":"open","sticky":false,"template":"","format":"standard","meta":{"ngg_post_thumbnail":0,"footnotes":""},"categories":[15],"tags":[],"class_list":["post-21677","post","type-post","status-publish","format-standard","has-post-thumbnail","hentry","category-aktualnosci","post-item clearfix"],"_links":{"self":[{"href":"http:\/\/roczyny.duszpasterstwa.bielsko.pl\/index.php?rest_route=\/wp\/v2\/posts\/21677"}],"collection":[{"href":"http:\/\/roczyny.duszpasterstwa.bielsko.pl\/index.php?rest_route=\/wp\/v2\/posts"}],"about":[{"href":"http:\/\/roczyny.duszpasterstwa.bielsko.pl\/index.php?rest_route=\/wp\/v2\/types\/post"}],"author":[{"embeddable":true,"href":"http:\/\/roczyny.duszpasterstwa.bielsko.pl\/index.php?rest_route=\/wp\/v2\/users\/2"}],"replies":[{"embeddable":true,"href":"http:\/\/roczyny.duszpasterstwa.bielsko.pl\/index.php?rest_route=%2Fwp%2Fv2%2Fcomments&post=21677"}],"version-history":[{"count":1,"href":"http:\/\/roczyny.duszpasterstwa.bielsko.pl\/index.php?rest_route=\/wp\/v2\/posts\/21677\/revisions"}],"predecessor-version":[{"id":21693,"href":"http:\/\/roczyny.duszpasterstwa.bielsko.pl\/index.php?rest_route=\/wp\/v2\/posts\/21677\/revisions\/21693"}],"wp:featuredmedia":[{"embeddable":true,"href":"http:\/\/roczyny.duszpasterstwa.bielsko.pl\/index.php?rest_route=\/wp\/v2\/media\/21682"}],"wp:attachment":[{"href":"http:\/\/roczyny.duszpasterstwa.bielsko.pl\/index.php?rest_route=%2Fwp%2Fv2%2Fmedia&parent=21677"}],"wp:term":[{"taxonomy":"category","embeddable":true,"href":"http:\/\/roczyny.duszpasterstwa.bielsko.pl\/index.php?rest_route=%2Fwp%2Fv2%2Fcategories&post=21677"},{"taxonomy":"post_tag","embeddable":true,"href":"http:\/\/roczyny.duszpasterstwa.bielsko.pl\/index.php?rest_route=%2Fwp%2Fv2%2Ftags&post=21677"}],"curies":[{"name":"wp","href":"https:\/\/api.w.org\/{rel}","templated":true}]}}