{"id":21646,"date":"2026-03-29T13:05:41","date_gmt":"2026-03-29T11:05:41","guid":{"rendered":"http:\/\/roczyny.duszpasterstwa.bielsko.pl\/?p=21646"},"modified":"2026-03-29T13:05:41","modified_gmt":"2026-03-29T11:05:41","slug":"niedziela-palmowa-i-nasze-dzieciaki","status":"publish","type":"post","link":"http:\/\/roczyny.duszpasterstwa.bielsko.pl\/?p=21646","title":{"rendered":"NIEDZIELA PALMOWA I NASZE DZIECIAKI&#8230;"},"content":{"rendered":"\n<p>Niedziela Palmowa to zawsze uroczysta chwila, kt\u00f3ra rozpoczyna WIELKI TYDZIE\u0143&#8230; T\u0142umy Dzieciak\u00f3w z palmami wita\u0142y Jezusa &#8211; fajnie by by\u0142o gdyby ka\u017cda Niedziela widzia\u0142a tyle Skarb\u00f3w&#8230;<\/p>\n\n\n\n<figure class=\"wp-block-gallery has-nested-images columns-default is-cropped wp-block-gallery-1 is-layout-flex wp-block-gallery-is-layout-flex\">\n<figure class=\"wp-block-image size-large\"><a href=\"http:\/\/roczyny.duszpasterstwa.bielsko.pl\/wp-content\/uploads\/2026\/03\/IMG_5346-scaled.jpeg\"><img fetchpriority=\"high\" decoding=\"async\" width=\"1024\" height=\"768\" data-id=\"21647\" src=\"http:\/\/roczyny.duszpasterstwa.bielsko.pl\/wp-content\/uploads\/2026\/03\/IMG_5346-1024x768.jpeg\" alt=\"\" class=\"wp-image-21647\" srcset=\"http:\/\/roczyny.duszpasterstwa.bielsko.pl\/wp-content\/uploads\/2026\/03\/IMG_5346-1024x768.jpeg 1024w, http:\/\/roczyny.duszpasterstwa.bielsko.pl\/wp-content\/uploads\/2026\/03\/IMG_5346-300x225.jpeg 300w, http:\/\/roczyny.duszpasterstwa.bielsko.pl\/wp-content\/uploads\/2026\/03\/IMG_5346-768x576.jpeg 768w, http:\/\/roczyny.duszpasterstwa.bielsko.pl\/wp-content\/uploads\/2026\/03\/IMG_5346-1536x1152.jpeg 1536w, http:\/\/roczyny.duszpasterstwa.bielsko.pl\/wp-content\/uploads\/2026\/03\/IMG_5346-2048x1536.jpeg 2048w, http:\/\/roczyny.duszpasterstwa.bielsko.pl\/wp-content\/uploads\/2026\/03\/IMG_5346-200x150.jpeg 200w, http:\/\/roczyny.duszpasterstwa.bielsko.pl\/wp-content\/uploads\/2026\/03\/IMG_5346-690x518.jpeg 690w\" sizes=\"(max-width: 1024px) 100vw, 1024px\" \/><\/a><\/figure>\n\n\n\n<figure class=\"wp-block-image size-large\"><a href=\"http:\/\/roczyny.duszpasterstwa.bielsko.pl\/wp-content\/uploads\/2026\/03\/IMG_5344-scaled.jpeg\"><img decoding=\"async\" width=\"1024\" height=\"768\" data-id=\"21648\" src=\"http:\/\/roczyny.duszpasterstwa.bielsko.pl\/wp-content\/uploads\/2026\/03\/IMG_5344-1024x768.jpeg\" alt=\"\" class=\"wp-image-21648\" srcset=\"http:\/\/roczyny.duszpasterstwa.bielsko.pl\/wp-content\/uploads\/2026\/03\/IMG_5344-1024x768.jpeg 1024w, http:\/\/roczyny.duszpasterstwa.bielsko.pl\/wp-content\/uploads\/2026\/03\/IMG_5344-300x225.jpeg 300w, http:\/\/roczyny.duszpasterstwa.bielsko.pl\/wp-content\/uploads\/2026\/03\/IMG_5344-768x576.jpeg 768w, http:\/\/roczyny.duszpasterstwa.bielsko.pl\/wp-content\/uploads\/2026\/03\/IMG_5344-1536x1152.jpeg 1536w, http:\/\/roczyny.duszpasterstwa.bielsko.pl\/wp-content\/uploads\/2026\/03\/IMG_5344-2048x1536.jpeg 2048w, http:\/\/roczyny.duszpasterstwa.bielsko.pl\/wp-content\/uploads\/2026\/03\/IMG_5344-200x150.jpeg 200w, http:\/\/roczyny.duszpasterstwa.bielsko.pl\/wp-content\/uploads\/2026\/03\/IMG_5344-690x518.jpeg 690w\" sizes=\"(max-width: 1024px) 100vw, 1024px\" \/><\/a><\/figure>\n\n\n\n<figure class=\"wp-block-image size-large\"><a href=\"http:\/\/roczyny.duszpasterstwa.bielsko.pl\/wp-content\/uploads\/2026\/03\/IMG_5343-scaled.jpeg\"><img decoding=\"async\" width=\"1024\" height=\"768\" data-id=\"21649\" src=\"http:\/\/roczyny.duszpasterstwa.bielsko.pl\/wp-content\/uploads\/2026\/03\/IMG_5343-1024x768.jpeg\" alt=\"\" class=\"wp-image-21649\" srcset=\"http:\/\/roczyny.duszpasterstwa.bielsko.pl\/wp-content\/uploads\/2026\/03\/IMG_5343-1024x768.jpeg 1024w, http:\/\/roczyny.duszpasterstwa.bielsko.pl\/wp-content\/uploads\/2026\/03\/IMG_5343-300x225.jpeg 300w, http:\/\/roczyny.duszpasterstwa.bielsko.pl\/wp-content\/uploads\/2026\/03\/IMG_5343-768x576.jpeg 768w, http:\/\/roczyny.duszpasterstwa.bielsko.pl\/wp-content\/uploads\/2026\/03\/IMG_5343-1536x1152.jpeg 1536w, http:\/\/roczyny.duszpasterstwa.bielsko.pl\/wp-content\/uploads\/2026\/03\/IMG_5343-2048x1536.jpeg 2048w, http:\/\/roczyny.duszpasterstwa.bielsko.pl\/wp-content\/uploads\/2026\/03\/IMG_5343-200x150.jpeg 200w, http:\/\/roczyny.duszpasterstwa.bielsko.pl\/wp-content\/uploads\/2026\/03\/IMG_5343-690x518.jpeg 690w\" sizes=\"(max-width: 1024px) 100vw, 1024px\" \/><\/a><\/figure>\n\n\n\n<figure class=\"wp-block-image size-large\"><a href=\"http:\/\/roczyny.duszpasterstwa.bielsko.pl\/wp-content\/uploads\/2026\/03\/IMG_5349-scaled.jpeg\"><img loading=\"lazy\" decoding=\"async\" width=\"1024\" height=\"768\" data-id=\"21650\" src=\"http:\/\/roczyny.duszpasterstwa.bielsko.pl\/wp-content\/uploads\/2026\/03\/IMG_5349-1024x768.jpeg\" alt=\"\" class=\"wp-image-21650\" srcset=\"http:\/\/roczyny.duszpasterstwa.bielsko.pl\/wp-content\/uploads\/2026\/03\/IMG_5349-1024x768.jpeg 1024w, http:\/\/roczyny.duszpasterstwa.bielsko.pl\/wp-content\/uploads\/2026\/03\/IMG_5349-300x225.jpeg 300w, http:\/\/roczyny.duszpasterstwa.bielsko.pl\/wp-content\/uploads\/2026\/03\/IMG_5349-768x576.jpeg 768w, http:\/\/roczyny.duszpasterstwa.bielsko.pl\/wp-content\/uploads\/2026\/03\/IMG_5349-1536x1152.jpeg 1536w, http:\/\/roczyny.duszpasterstwa.bielsko.pl\/wp-content\/uploads\/2026\/03\/IMG_5349-2048x1536.jpeg 2048w, http:\/\/roczyny.duszpasterstwa.bielsko.pl\/wp-content\/uploads\/2026\/03\/IMG_5349-200x150.jpeg 200w, http:\/\/roczyny.duszpasterstwa.bielsko.pl\/wp-content\/uploads\/2026\/03\/IMG_5349-690x518.jpeg 690w\" sizes=\"(max-width: 1024px) 100vw, 1024px\" \/><\/a><\/figure>\n\n\n\n<figure class=\"wp-block-image size-large\"><a href=\"http:\/\/roczyny.duszpasterstwa.bielsko.pl\/wp-content\/uploads\/2026\/03\/IMG_5352-scaled.jpeg\"><img loading=\"lazy\" decoding=\"async\" width=\"1024\" height=\"768\" data-id=\"21651\" src=\"http:\/\/roczyny.duszpasterstwa.bielsko.pl\/wp-content\/uploads\/2026\/03\/IMG_5352-1024x768.jpeg\" alt=\"\" class=\"wp-image-21651\" srcset=\"http:\/\/roczyny.duszpasterstwa.bielsko.pl\/wp-content\/uploads\/2026\/03\/IMG_5352-1024x768.jpeg 1024w, http:\/\/roczyny.duszpasterstwa.bielsko.pl\/wp-content\/uploads\/2026\/03\/IMG_5352-300x225.jpeg 300w, http:\/\/roczyny.duszpasterstwa.bielsko.pl\/wp-content\/uploads\/2026\/03\/IMG_5352-768x576.jpeg 768w, http:\/\/roczyny.duszpasterstwa.bielsko.pl\/wp-content\/uploads\/2026\/03\/IMG_5352-1536x1152.jpeg 1536w, http:\/\/roczyny.duszpasterstwa.bielsko.pl\/wp-content\/uploads\/2026\/03\/IMG_5352-2048x1536.jpeg 2048w, http:\/\/roczyny.duszpasterstwa.bielsko.pl\/wp-content\/uploads\/2026\/03\/IMG_5352-200x150.jpeg 200w, http:\/\/roczyny.duszpasterstwa.bielsko.pl\/wp-content\/uploads\/2026\/03\/IMG_5352-690x518.jpeg 690w\" sizes=\"(max-width: 1024px) 100vw, 1024px\" \/><\/a><\/figure>\n\n\n\n<figure class=\"wp-block-image size-large\"><a href=\"http:\/\/roczyny.duszpasterstwa.bielsko.pl\/wp-content\/uploads\/2026\/03\/IMG_5354-scaled.jpeg\"><img loading=\"lazy\" decoding=\"async\" width=\"1024\" height=\"768\" data-id=\"21652\" src=\"http:\/\/roczyny.duszpasterstwa.bielsko.pl\/wp-content\/uploads\/2026\/03\/IMG_5354-1024x768.jpeg\" alt=\"\" class=\"wp-image-21652\" srcset=\"http:\/\/roczyny.duszpasterstwa.bielsko.pl\/wp-content\/uploads\/2026\/03\/IMG_5354-1024x768.jpeg 1024w, http:\/\/roczyny.duszpasterstwa.bielsko.pl\/wp-content\/uploads\/2026\/03\/IMG_5354-300x225.jpeg 300w, http:\/\/roczyny.duszpasterstwa.bielsko.pl\/wp-content\/uploads\/2026\/03\/IMG_5354-768x576.jpeg 768w, http:\/\/roczyny.duszpasterstwa.bielsko.pl\/wp-content\/uploads\/2026\/03\/IMG_5354-1536x1152.jpeg 1536w, http:\/\/roczyny.duszpasterstwa.bielsko.pl\/wp-content\/uploads\/2026\/03\/IMG_5354-2048x1536.jpeg 2048w, http:\/\/roczyny.duszpasterstwa.bielsko.pl\/wp-content\/uploads\/2026\/03\/IMG_5354-200x150.jpeg 200w, http:\/\/roczyny.duszpasterstwa.bielsko.pl\/wp-content\/uploads\/2026\/03\/IMG_5354-690x518.jpeg 690w\" sizes=\"(max-width: 1024px) 100vw, 1024px\" \/><\/a><\/figure>\n\n\n\n<figure class=\"wp-block-image size-large\"><a href=\"http:\/\/roczyny.duszpasterstwa.bielsko.pl\/wp-content\/uploads\/2026\/03\/IMG_5355-scaled.jpeg\"><img loading=\"lazy\" decoding=\"async\" width=\"1024\" height=\"768\" data-id=\"21653\" src=\"http:\/\/roczyny.duszpasterstwa.bielsko.pl\/wp-content\/uploads\/2026\/03\/IMG_5355-1024x768.jpeg\" alt=\"\" class=\"wp-image-21653\" srcset=\"http:\/\/roczyny.duszpasterstwa.bielsko.pl\/wp-content\/uploads\/2026\/03\/IMG_5355-1024x768.jpeg 1024w, http:\/\/roczyny.duszpasterstwa.bielsko.pl\/wp-content\/uploads\/2026\/03\/IMG_5355-300x225.jpeg 300w, http:\/\/roczyny.duszpasterstwa.bielsko.pl\/wp-content\/uploads\/2026\/03\/IMG_5355-768x576.jpeg 768w, http:\/\/roczyny.duszpasterstwa.bielsko.pl\/wp-content\/uploads\/2026\/03\/IMG_5355-1536x1152.jpeg 1536w, http:\/\/roczyny.duszpasterstwa.bielsko.pl\/wp-content\/uploads\/2026\/03\/IMG_5355-2048x1536.jpeg 2048w, http:\/\/roczyny.duszpasterstwa.bielsko.pl\/wp-content\/uploads\/2026\/03\/IMG_5355-200x150.jpeg 200w, http:\/\/roczyny.duszpasterstwa.bielsko.pl\/wp-content\/uploads\/2026\/03\/IMG_5355-690x518.jpeg 690w\" sizes=\"(max-width: 1024px) 100vw, 1024px\" \/><\/a><\/figure>\n\n\n\n<figure class=\"wp-block-image size-large\"><a href=\"http:\/\/roczyny.duszpasterstwa.bielsko.pl\/wp-content\/uploads\/2026\/03\/IMG_5356-scaled.jpeg\"><img loading=\"lazy\" decoding=\"async\" width=\"1024\" height=\"768\" data-id=\"21654\" src=\"http:\/\/roczyny.duszpasterstwa.bielsko.pl\/wp-content\/uploads\/2026\/03\/IMG_5356-1024x768.jpeg\" alt=\"\" class=\"wp-image-21654\" srcset=\"http:\/\/roczyny.duszpasterstwa.bielsko.pl\/wp-content\/uploads\/2026\/03\/IMG_5356-1024x768.jpeg 1024w, http:\/\/roczyny.duszpasterstwa.bielsko.pl\/wp-content\/uploads\/2026\/03\/IMG_5356-300x225.jpeg 300w, http:\/\/roczyny.duszpasterstwa.bielsko.pl\/wp-content\/uploads\/2026\/03\/IMG_5356-768x576.jpeg 768w, http:\/\/roczyny.duszpasterstwa.bielsko.pl\/wp-content\/uploads\/2026\/03\/IMG_5356-1536x1152.jpeg 1536w, http:\/\/roczyny.duszpasterstwa.bielsko.pl\/wp-content\/uploads\/2026\/03\/IMG_5356-2048x1536.jpeg 2048w, http:\/\/roczyny.duszpasterstwa.bielsko.pl\/wp-content\/uploads\/2026\/03\/IMG_5356-200x150.jpeg 200w, http:\/\/roczyny.duszpasterstwa.bielsko.pl\/wp-content\/uploads\/2026\/03\/IMG_5356-690x518.jpeg 690w\" sizes=\"(max-width: 1024px) 100vw, 1024px\" \/><\/a><\/figure>\n\n\n\n<figure class=\"wp-block-image size-large\"><a href=\"http:\/\/roczyny.duszpasterstwa.bielsko.pl\/wp-content\/uploads\/2026\/03\/IMG_5358-scaled.jpeg\"><img loading=\"lazy\" decoding=\"async\" width=\"1024\" height=\"768\" data-id=\"21655\" src=\"http:\/\/roczyny.duszpasterstwa.bielsko.pl\/wp-content\/uploads\/2026\/03\/IMG_5358-1024x768.jpeg\" alt=\"\" class=\"wp-image-21655\" srcset=\"http:\/\/roczyny.duszpasterstwa.bielsko.pl\/wp-content\/uploads\/2026\/03\/IMG_5358-1024x768.jpeg 1024w, http:\/\/roczyny.duszpasterstwa.bielsko.pl\/wp-content\/uploads\/2026\/03\/IMG_5358-300x225.jpeg 300w, http:\/\/roczyny.duszpasterstwa.bielsko.pl\/wp-content\/uploads\/2026\/03\/IMG_5358-768x576.jpeg 768w, http:\/\/roczyny.duszpasterstwa.bielsko.pl\/wp-content\/uploads\/2026\/03\/IMG_5358-1536x1152.jpeg 1536w, http:\/\/roczyny.duszpasterstwa.bielsko.pl\/wp-content\/uploads\/2026\/03\/IMG_5358-2048x1536.jpeg 2048w, http:\/\/roczyny.duszpasterstwa.bielsko.pl\/wp-content\/uploads\/2026\/03\/IMG_5358-200x150.jpeg 200w, http:\/\/roczyny.duszpasterstwa.bielsko.pl\/wp-content\/uploads\/2026\/03\/IMG_5358-690x518.jpeg 690w\" sizes=\"(max-width: 1024px) 100vw, 1024px\" \/><\/a><\/figure>\n\n\n\n<figure class=\"wp-block-image size-large\"><a href=\"http:\/\/roczyny.duszpasterstwa.bielsko.pl\/wp-content\/uploads\/2026\/03\/IMG_5359-scaled.jpeg\"><img loading=\"lazy\" decoding=\"async\" width=\"1024\" height=\"768\" data-id=\"21656\" src=\"http:\/\/roczyny.duszpasterstwa.bielsko.pl\/wp-content\/uploads\/2026\/03\/IMG_5359-1024x768.jpeg\" alt=\"\" class=\"wp-image-21656\" srcset=\"http:\/\/roczyny.duszpasterstwa.bielsko.pl\/wp-content\/uploads\/2026\/03\/IMG_5359-1024x768.jpeg 1024w, http:\/\/roczyny.duszpasterstwa.bielsko.pl\/wp-content\/uploads\/2026\/03\/IMG_5359-300x225.jpeg 300w, http:\/\/roczyny.duszpasterstwa.bielsko.pl\/wp-content\/uploads\/2026\/03\/IMG_5359-768x576.jpeg 768w, http:\/\/roczyny.duszpasterstwa.bielsko.pl\/wp-content\/uploads\/2026\/03\/IMG_5359-1536x1152.jpeg 1536w, http:\/\/roczyny.duszpasterstwa.bielsko.pl\/wp-content\/uploads\/2026\/03\/IMG_5359-2048x1536.jpeg 2048w, http:\/\/roczyny.duszpasterstwa.bielsko.pl\/wp-content\/uploads\/2026\/03\/IMG_5359-200x150.jpeg 200w, http:\/\/roczyny.duszpasterstwa.bielsko.pl\/wp-content\/uploads\/2026\/03\/IMG_5359-690x518.jpeg 690w\" sizes=\"(max-width: 1024px) 100vw, 1024px\" \/><\/a><\/figure>\n\n\n\n<figure class=\"wp-block-image size-large\"><a href=\"http:\/\/roczyny.duszpasterstwa.bielsko.pl\/wp-content\/uploads\/2026\/03\/IMG_5360-scaled.jpeg\"><img loading=\"lazy\" decoding=\"async\" width=\"1024\" height=\"768\" data-id=\"21657\" src=\"http:\/\/roczyny.duszpasterstwa.bielsko.pl\/wp-content\/uploads\/2026\/03\/IMG_5360-1024x768.jpeg\" alt=\"\" class=\"wp-image-21657\" srcset=\"http:\/\/roczyny.duszpasterstwa.bielsko.pl\/wp-content\/uploads\/2026\/03\/IMG_5360-1024x768.jpeg 1024w, http:\/\/roczyny.duszpasterstwa.bielsko.pl\/wp-content\/uploads\/2026\/03\/IMG_5360-300x225.jpeg 300w, http:\/\/roczyny.duszpasterstwa.bielsko.pl\/wp-content\/uploads\/2026\/03\/IMG_5360-768x576.jpeg 768w, http:\/\/roczyny.duszpasterstwa.bielsko.pl\/wp-content\/uploads\/2026\/03\/IMG_5360-1536x1152.jpeg 1536w, http:\/\/roczyny.duszpasterstwa.bielsko.pl\/wp-content\/uploads\/2026\/03\/IMG_5360-2048x1536.jpeg 2048w, http:\/\/roczyny.duszpasterstwa.bielsko.pl\/wp-content\/uploads\/2026\/03\/IMG_5360-200x150.jpeg 200w, http:\/\/roczyny.duszpasterstwa.bielsko.pl\/wp-content\/uploads\/2026\/03\/IMG_5360-690x518.jpeg 690w\" sizes=\"(max-width: 1024px) 100vw, 1024px\" \/><\/a><\/figure>\n\n\n\n<figure class=\"wp-block-image size-large\"><a href=\"http:\/\/roczyny.duszpasterstwa.bielsko.pl\/wp-content\/uploads\/2026\/03\/IMG_5361-scaled.jpeg\"><img loading=\"lazy\" decoding=\"async\" width=\"1024\" height=\"768\" data-id=\"21658\" src=\"http:\/\/roczyny.duszpasterstwa.bielsko.pl\/wp-content\/uploads\/2026\/03\/IMG_5361-1024x768.jpeg\" alt=\"\" class=\"wp-image-21658\" srcset=\"http:\/\/roczyny.duszpasterstwa.bielsko.pl\/wp-content\/uploads\/2026\/03\/IMG_5361-1024x768.jpeg 1024w, http:\/\/roczyny.duszpasterstwa.bielsko.pl\/wp-content\/uploads\/2026\/03\/IMG_5361-300x225.jpeg 300w, http:\/\/roczyny.duszpasterstwa.bielsko.pl\/wp-content\/uploads\/2026\/03\/IMG_5361-768x576.jpeg 768w, http:\/\/roczyny.duszpasterstwa.bielsko.pl\/wp-content\/uploads\/2026\/03\/IMG_5361-1536x1152.jpeg 1536w, http:\/\/roczyny.duszpasterstwa.bielsko.pl\/wp-content\/uploads\/2026\/03\/IMG_5361-2048x1536.jpeg 2048w, http:\/\/roczyny.duszpasterstwa.bielsko.pl\/wp-content\/uploads\/2026\/03\/IMG_5361-200x150.jpeg 200w, http:\/\/roczyny.duszpasterstwa.bielsko.pl\/wp-content\/uploads\/2026\/03\/IMG_5361-690x518.jpeg 690w\" sizes=\"(max-width: 1024px) 100vw, 1024px\" \/><\/a><\/figure>\n\n\n\n<figure class=\"wp-block-image size-large\"><a href=\"http:\/\/roczyny.duszpasterstwa.bielsko.pl\/wp-content\/uploads\/2026\/03\/IMG_5362-scaled.jpeg\"><img loading=\"lazy\" decoding=\"async\" width=\"1024\" height=\"768\" data-id=\"21659\" src=\"http:\/\/roczyny.duszpasterstwa.bielsko.pl\/wp-content\/uploads\/2026\/03\/IMG_5362-1024x768.jpeg\" alt=\"\" class=\"wp-image-21659\" srcset=\"http:\/\/roczyny.duszpasterstwa.bielsko.pl\/wp-content\/uploads\/2026\/03\/IMG_5362-1024x768.jpeg 1024w, http:\/\/roczyny.duszpasterstwa.bielsko.pl\/wp-content\/uploads\/2026\/03\/IMG_5362-300x225.jpeg 300w, http:\/\/roczyny.duszpasterstwa.bielsko.pl\/wp-content\/uploads\/2026\/03\/IMG_5362-768x576.jpeg 768w, http:\/\/roczyny.duszpasterstwa.bielsko.pl\/wp-content\/uploads\/2026\/03\/IMG_5362-1536x1152.jpeg 1536w, http:\/\/roczyny.duszpasterstwa.bielsko.pl\/wp-content\/uploads\/2026\/03\/IMG_5362-2048x1536.jpeg 2048w, http:\/\/roczyny.duszpasterstwa.bielsko.pl\/wp-content\/uploads\/2026\/03\/IMG_5362-200x150.jpeg 200w, http:\/\/roczyny.duszpasterstwa.bielsko.pl\/wp-content\/uploads\/2026\/03\/IMG_5362-690x518.jpeg 690w\" sizes=\"(max-width: 1024px) 100vw, 1024px\" \/><\/a><\/figure>\n\n\n\n<figure class=\"wp-block-image size-large\"><a href=\"http:\/\/roczyny.duszpasterstwa.bielsko.pl\/wp-content\/uploads\/2026\/03\/IMG_5363-scaled.jpeg\"><img loading=\"lazy\" decoding=\"async\" width=\"1024\" height=\"768\" data-id=\"21660\" src=\"http:\/\/roczyny.duszpasterstwa.bielsko.pl\/wp-content\/uploads\/2026\/03\/IMG_5363-1024x768.jpeg\" alt=\"\" class=\"wp-image-21660\" srcset=\"http:\/\/roczyny.duszpasterstwa.bielsko.pl\/wp-content\/uploads\/2026\/03\/IMG_5363-1024x768.jpeg 1024w, http:\/\/roczyny.duszpasterstwa.bielsko.pl\/wp-content\/uploads\/2026\/03\/IMG_5363-300x225.jpeg 300w, http:\/\/roczyny.duszpasterstwa.bielsko.pl\/wp-content\/uploads\/2026\/03\/IMG_5363-768x576.jpeg 768w, http:\/\/roczyny.duszpasterstwa.bielsko.pl\/wp-content\/uploads\/2026\/03\/IMG_5363-1536x1152.jpeg 1536w, http:\/\/roczyny.duszpasterstwa.bielsko.pl\/wp-content\/uploads\/2026\/03\/IMG_5363-2048x1536.jpeg 2048w, http:\/\/roczyny.duszpasterstwa.bielsko.pl\/wp-content\/uploads\/2026\/03\/IMG_5363-200x150.jpeg 200w, http:\/\/roczyny.duszpasterstwa.bielsko.pl\/wp-content\/uploads\/2026\/03\/IMG_5363-690x518.jpeg 690w\" sizes=\"(max-width: 1024px) 100vw, 1024px\" \/><\/a><\/figure>\n\n\n\n<figure class=\"wp-block-image size-large\"><a href=\"http:\/\/roczyny.duszpasterstwa.bielsko.pl\/wp-content\/uploads\/2026\/03\/IMG_5364-scaled.jpeg\"><img loading=\"lazy\" decoding=\"async\" width=\"1024\" height=\"768\" data-id=\"21661\" src=\"http:\/\/roczyny.duszpasterstwa.bielsko.pl\/wp-content\/uploads\/2026\/03\/IMG_5364-1024x768.jpeg\" alt=\"\" class=\"wp-image-21661\" srcset=\"http:\/\/roczyny.duszpasterstwa.bielsko.pl\/wp-content\/uploads\/2026\/03\/IMG_5364-1024x768.jpeg 1024w, http:\/\/roczyny.duszpasterstwa.bielsko.pl\/wp-content\/uploads\/2026\/03\/IMG_5364-300x225.jpeg 300w, http:\/\/roczyny.duszpasterstwa.bielsko.pl\/wp-content\/uploads\/2026\/03\/IMG_5364-768x576.jpeg 768w, http:\/\/roczyny.duszpasterstwa.bielsko.pl\/wp-content\/uploads\/2026\/03\/IMG_5364-1536x1152.jpeg 1536w, http:\/\/roczyny.duszpasterstwa.bielsko.pl\/wp-content\/uploads\/2026\/03\/IMG_5364-2048x1536.jpeg 2048w, http:\/\/roczyny.duszpasterstwa.bielsko.pl\/wp-content\/uploads\/2026\/03\/IMG_5364-200x150.jpeg 200w, http:\/\/roczyny.duszpasterstwa.bielsko.pl\/wp-content\/uploads\/2026\/03\/IMG_5364-690x518.jpeg 690w\" sizes=\"(max-width: 1024px) 100vw, 1024px\" \/><\/a><\/figure>\n\n\n\n<figure class=\"wp-block-image size-large\"><a href=\"http:\/\/roczyny.duszpasterstwa.bielsko.pl\/wp-content\/uploads\/2026\/03\/IMG_5365-scaled.jpeg\"><img loading=\"lazy\" decoding=\"async\" width=\"1024\" height=\"768\" data-id=\"21662\" src=\"http:\/\/roczyny.duszpasterstwa.bielsko.pl\/wp-content\/uploads\/2026\/03\/IMG_5365-1024x768.jpeg\" alt=\"\" class=\"wp-image-21662\" srcset=\"http:\/\/roczyny.duszpasterstwa.bielsko.pl\/wp-content\/uploads\/2026\/03\/IMG_5365-1024x768.jpeg 1024w, http:\/\/roczyny.duszpasterstwa.bielsko.pl\/wp-content\/uploads\/2026\/03\/IMG_5365-300x225.jpeg 300w, http:\/\/roczyny.duszpasterstwa.bielsko.pl\/wp-content\/uploads\/2026\/03\/IMG_5365-768x576.jpeg 768w, http:\/\/roczyny.duszpasterstwa.bielsko.pl\/wp-content\/uploads\/2026\/03\/IMG_5365-1536x1152.jpeg 1536w, http:\/\/roczyny.duszpasterstwa.bielsko.pl\/wp-content\/uploads\/2026\/03\/IMG_5365-2048x1536.jpeg 2048w, http:\/\/roczyny.duszpasterstwa.bielsko.pl\/wp-content\/uploads\/2026\/03\/IMG_5365-200x150.jpeg 200w, http:\/\/roczyny.duszpasterstwa.bielsko.pl\/wp-content\/uploads\/2026\/03\/IMG_5365-690x518.jpeg 690w\" sizes=\"(max-width: 1024px) 100vw, 1024px\" \/><\/a><\/figure>\n\n\n\n<figure class=\"wp-block-image size-large\"><a href=\"http:\/\/roczyny.duszpasterstwa.bielsko.pl\/wp-content\/uploads\/2026\/03\/IMG_5366-scaled.jpeg\"><img loading=\"lazy\" decoding=\"async\" width=\"1024\" height=\"768\" data-id=\"21663\" src=\"http:\/\/roczyny.duszpasterstwa.bielsko.pl\/wp-content\/uploads\/2026\/03\/IMG_5366-1024x768.jpeg\" alt=\"\" class=\"wp-image-21663\" srcset=\"http:\/\/roczyny.duszpasterstwa.bielsko.pl\/wp-content\/uploads\/2026\/03\/IMG_5366-1024x768.jpeg 1024w, http:\/\/roczyny.duszpasterstwa.bielsko.pl\/wp-content\/uploads\/2026\/03\/IMG_5366-300x225.jpeg 300w, http:\/\/roczyny.duszpasterstwa.bielsko.pl\/wp-content\/uploads\/2026\/03\/IMG_5366-768x576.jpeg 768w, http:\/\/roczyny.duszpasterstwa.bielsko.pl\/wp-content\/uploads\/2026\/03\/IMG_5366-1536x1152.jpeg 1536w, http:\/\/roczyny.duszpasterstwa.bielsko.pl\/wp-content\/uploads\/2026\/03\/IMG_5366-2048x1536.jpeg 2048w, http:\/\/roczyny.duszpasterstwa.bielsko.pl\/wp-content\/uploads\/2026\/03\/IMG_5366-200x150.jpeg 200w, http:\/\/roczyny.duszpasterstwa.bielsko.pl\/wp-content\/uploads\/2026\/03\/IMG_5366-690x518.jpeg 690w\" sizes=\"(max-width: 1024px) 100vw, 1024px\" \/><\/a><\/figure>\n\n\n\n<figure class=\"wp-block-image size-large\"><a href=\"http:\/\/roczyny.duszpasterstwa.bielsko.pl\/wp-content\/uploads\/2026\/03\/IMG_5367-scaled.jpeg\"><img loading=\"lazy\" decoding=\"async\" width=\"1024\" height=\"768\" data-id=\"21664\" src=\"http:\/\/roczyny.duszpasterstwa.bielsko.pl\/wp-content\/uploads\/2026\/03\/IMG_5367-1024x768.jpeg\" alt=\"\" class=\"wp-image-21664\" srcset=\"http:\/\/roczyny.duszpasterstwa.bielsko.pl\/wp-content\/uploads\/2026\/03\/IMG_5367-1024x768.jpeg 1024w, http:\/\/roczyny.duszpasterstwa.bielsko.pl\/wp-content\/uploads\/2026\/03\/IMG_5367-300x225.jpeg 300w, http:\/\/roczyny.duszpasterstwa.bielsko.pl\/wp-content\/uploads\/2026\/03\/IMG_5367-768x576.jpeg 768w, http:\/\/roczyny.duszpasterstwa.bielsko.pl\/wp-content\/uploads\/2026\/03\/IMG_5367-1536x1152.jpeg 1536w, http:\/\/roczyny.duszpasterstwa.bielsko.pl\/wp-content\/uploads\/2026\/03\/IMG_5367-2048x1536.jpeg 2048w, http:\/\/roczyny.duszpasterstwa.bielsko.pl\/wp-content\/uploads\/2026\/03\/IMG_5367-200x150.jpeg 200w, http:\/\/roczyny.duszpasterstwa.bielsko.pl\/wp-content\/uploads\/2026\/03\/IMG_5367-690x518.jpeg 690w\" sizes=\"(max-width: 1024px) 100vw, 1024px\" \/><\/a><\/figure>\n\n\n\n<figure class=\"wp-block-image size-large\"><a href=\"http:\/\/roczyny.duszpasterstwa.bielsko.pl\/wp-content\/uploads\/2026\/03\/IMG_5377-scaled.jpeg\"><img loading=\"lazy\" decoding=\"async\" width=\"1024\" height=\"768\" data-id=\"21665\" src=\"http:\/\/roczyny.duszpasterstwa.bielsko.pl\/wp-content\/uploads\/2026\/03\/IMG_5377-1024x768.jpeg\" alt=\"\" class=\"wp-image-21665\" srcset=\"http:\/\/roczyny.duszpasterstwa.bielsko.pl\/wp-content\/uploads\/2026\/03\/IMG_5377-1024x768.jpeg 1024w, http:\/\/roczyny.duszpasterstwa.bielsko.pl\/wp-content\/uploads\/2026\/03\/IMG_5377-300x225.jpeg 300w, http:\/\/roczyny.duszpasterstwa.bielsko.pl\/wp-content\/uploads\/2026\/03\/IMG_5377-768x576.jpeg 768w, http:\/\/roczyny.duszpasterstwa.bielsko.pl\/wp-content\/uploads\/2026\/03\/IMG_5377-1536x1152.jpeg 1536w, http:\/\/roczyny.duszpasterstwa.bielsko.pl\/wp-content\/uploads\/2026\/03\/IMG_5377-2048x1536.jpeg 2048w, http:\/\/roczyny.duszpasterstwa.bielsko.pl\/wp-content\/uploads\/2026\/03\/IMG_5377-200x150.jpeg 200w, http:\/\/roczyny.duszpasterstwa.bielsko.pl\/wp-content\/uploads\/2026\/03\/IMG_5377-690x518.jpeg 690w\" sizes=\"(max-width: 1024px) 100vw, 1024px\" \/><\/a><\/figure>\n\n\n\n<figure class=\"wp-block-image size-large\"><a href=\"http:\/\/roczyny.duszpasterstwa.bielsko.pl\/wp-content\/uploads\/2026\/03\/IMG_5374-scaled.jpeg\"><img loading=\"lazy\" decoding=\"async\" width=\"1024\" height=\"768\" data-id=\"21666\" src=\"http:\/\/roczyny.duszpasterstwa.bielsko.pl\/wp-content\/uploads\/2026\/03\/IMG_5374-1024x768.jpeg\" alt=\"\" class=\"wp-image-21666\" srcset=\"http:\/\/roczyny.duszpasterstwa.bielsko.pl\/wp-content\/uploads\/2026\/03\/IMG_5374-1024x768.jpeg 1024w, http:\/\/roczyny.duszpasterstwa.bielsko.pl\/wp-content\/uploads\/2026\/03\/IMG_5374-300x225.jpeg 300w, http:\/\/roczyny.duszpasterstwa.bielsko.pl\/wp-content\/uploads\/2026\/03\/IMG_5374-768x576.jpeg 768w, http:\/\/roczyny.duszpasterstwa.bielsko.pl\/wp-content\/uploads\/2026\/03\/IMG_5374-1536x1152.jpeg 1536w, http:\/\/roczyny.duszpasterstwa.bielsko.pl\/wp-content\/uploads\/2026\/03\/IMG_5374-2048x1536.jpeg 2048w, http:\/\/roczyny.duszpasterstwa.bielsko.pl\/wp-content\/uploads\/2026\/03\/IMG_5374-200x150.jpeg 200w, http:\/\/roczyny.duszpasterstwa.bielsko.pl\/wp-content\/uploads\/2026\/03\/IMG_5374-690x518.jpeg 690w\" sizes=\"(max-width: 1024px) 100vw, 1024px\" \/><\/a><\/figure>\n\n\n\n<figure class=\"wp-block-image size-large\"><a href=\"http:\/\/roczyny.duszpasterstwa.bielsko.pl\/wp-content\/uploads\/2026\/03\/IMG_5373-scaled.jpeg\"><img loading=\"lazy\" decoding=\"async\" width=\"1024\" height=\"768\" data-id=\"21667\" src=\"http:\/\/roczyny.duszpasterstwa.bielsko.pl\/wp-content\/uploads\/2026\/03\/IMG_5373-1024x768.jpeg\" alt=\"\" class=\"wp-image-21667\" srcset=\"http:\/\/roczyny.duszpasterstwa.bielsko.pl\/wp-content\/uploads\/2026\/03\/IMG_5373-1024x768.jpeg 1024w, http:\/\/roczyny.duszpasterstwa.bielsko.pl\/wp-content\/uploads\/2026\/03\/IMG_5373-300x225.jpeg 300w, http:\/\/roczyny.duszpasterstwa.bielsko.pl\/wp-content\/uploads\/2026\/03\/IMG_5373-768x576.jpeg 768w, http:\/\/roczyny.duszpasterstwa.bielsko.pl\/wp-content\/uploads\/2026\/03\/IMG_5373-1536x1152.jpeg 1536w, http:\/\/roczyny.duszpasterstwa.bielsko.pl\/wp-content\/uploads\/2026\/03\/IMG_5373-2048x1536.jpeg 2048w, http:\/\/roczyny.duszpasterstwa.bielsko.pl\/wp-content\/uploads\/2026\/03\/IMG_5373-200x150.jpeg 200w, http:\/\/roczyny.duszpasterstwa.bielsko.pl\/wp-content\/uploads\/2026\/03\/IMG_5373-690x518.jpeg 690w\" sizes=\"(max-width: 1024px) 100vw, 1024px\" \/><\/a><\/figure>\n\n\n\n<figure class=\"wp-block-image size-large\"><a href=\"http:\/\/roczyny.duszpasterstwa.bielsko.pl\/wp-content\/uploads\/2026\/03\/IMG_5371-scaled.jpeg\"><img loading=\"lazy\" decoding=\"async\" width=\"1024\" height=\"768\" data-id=\"21668\" src=\"http:\/\/roczyny.duszpasterstwa.bielsko.pl\/wp-content\/uploads\/2026\/03\/IMG_5371-1024x768.jpeg\" alt=\"\" class=\"wp-image-21668\" srcset=\"http:\/\/roczyny.duszpasterstwa.bielsko.pl\/wp-content\/uploads\/2026\/03\/IMG_5371-1024x768.jpeg 1024w, http:\/\/roczyny.duszpasterstwa.bielsko.pl\/wp-content\/uploads\/2026\/03\/IMG_5371-300x225.jpeg 300w, http:\/\/roczyny.duszpasterstwa.bielsko.pl\/wp-content\/uploads\/2026\/03\/IMG_5371-768x576.jpeg 768w, http:\/\/roczyny.duszpasterstwa.bielsko.pl\/wp-content\/uploads\/2026\/03\/IMG_5371-1536x1152.jpeg 1536w, http:\/\/roczyny.duszpasterstwa.bielsko.pl\/wp-content\/uploads\/2026\/03\/IMG_5371-2048x1536.jpeg 2048w, http:\/\/roczyny.duszpasterstwa.bielsko.pl\/wp-content\/uploads\/2026\/03\/IMG_5371-200x150.jpeg 200w, http:\/\/roczyny.duszpasterstwa.bielsko.pl\/wp-content\/uploads\/2026\/03\/IMG_5371-690x518.jpeg 690w\" sizes=\"(max-width: 1024px) 100vw, 1024px\" \/><\/a><\/figure>\n\n\n\n<figure class=\"wp-block-image size-large\"><a href=\"http:\/\/roczyny.duszpasterstwa.bielsko.pl\/wp-content\/uploads\/2026\/03\/IMG_5379-scaled.jpeg\"><img loading=\"lazy\" decoding=\"async\" width=\"1024\" height=\"768\" data-id=\"21669\" src=\"http:\/\/roczyny.duszpasterstwa.bielsko.pl\/wp-content\/uploads\/2026\/03\/IMG_5379-1024x768.jpeg\" alt=\"\" class=\"wp-image-21669\" srcset=\"http:\/\/roczyny.duszpasterstwa.bielsko.pl\/wp-content\/uploads\/2026\/03\/IMG_5379-1024x768.jpeg 1024w, http:\/\/roczyny.duszpasterstwa.bielsko.pl\/wp-content\/uploads\/2026\/03\/IMG_5379-300x225.jpeg 300w, http:\/\/roczyny.duszpasterstwa.bielsko.pl\/wp-content\/uploads\/2026\/03\/IMG_5379-768x576.jpeg 768w, http:\/\/roczyny.duszpasterstwa.bielsko.pl\/wp-content\/uploads\/2026\/03\/IMG_5379-1536x1152.jpeg 1536w, http:\/\/roczyny.duszpasterstwa.bielsko.pl\/wp-content\/uploads\/2026\/03\/IMG_5379-2048x1536.jpeg 2048w, http:\/\/roczyny.duszpasterstwa.bielsko.pl\/wp-content\/uploads\/2026\/03\/IMG_5379-200x150.jpeg 200w, http:\/\/roczyny.duszpasterstwa.bielsko.pl\/wp-content\/uploads\/2026\/03\/IMG_5379-690x518.jpeg 690w\" sizes=\"(max-width: 1024px) 100vw, 1024px\" \/><\/a><\/figure>\n\n\n\n<figure class=\"wp-block-image size-large\"><a href=\"http:\/\/roczyny.duszpasterstwa.bielsko.pl\/wp-content\/uploads\/2026\/03\/IMG_5381-scaled.jpeg\"><img loading=\"lazy\" decoding=\"async\" width=\"1024\" height=\"768\" data-id=\"21670\" src=\"http:\/\/roczyny.duszpasterstwa.bielsko.pl\/wp-content\/uploads\/2026\/03\/IMG_5381-1024x768.jpeg\" alt=\"\" class=\"wp-image-21670\" srcset=\"http:\/\/roczyny.duszpasterstwa.bielsko.pl\/wp-content\/uploads\/2026\/03\/IMG_5381-1024x768.jpeg 1024w, http:\/\/roczyny.duszpasterstwa.bielsko.pl\/wp-content\/uploads\/2026\/03\/IMG_5381-300x225.jpeg 300w, http:\/\/roczyny.duszpasterstwa.bielsko.pl\/wp-content\/uploads\/2026\/03\/IMG_5381-768x576.jpeg 768w, http:\/\/roczyny.duszpasterstwa.bielsko.pl\/wp-content\/uploads\/2026\/03\/IMG_5381-1536x1152.jpeg 1536w, http:\/\/roczyny.duszpasterstwa.bielsko.pl\/wp-content\/uploads\/2026\/03\/IMG_5381-2048x1536.jpeg 2048w, http:\/\/roczyny.duszpasterstwa.bielsko.pl\/wp-content\/uploads\/2026\/03\/IMG_5381-200x150.jpeg 200w, http:\/\/roczyny.duszpasterstwa.bielsko.pl\/wp-content\/uploads\/2026\/03\/IMG_5381-690x518.jpeg 690w\" sizes=\"(max-width: 1024px) 100vw, 1024px\" \/><\/a><\/figure>\n\n\n\n<figure class=\"wp-block-image size-large\"><a href=\"http:\/\/roczyny.duszpasterstwa.bielsko.pl\/wp-content\/uploads\/2026\/03\/IMG_5383-scaled.jpeg\"><img loading=\"lazy\" decoding=\"async\" width=\"1024\" height=\"768\" data-id=\"21671\" src=\"http:\/\/roczyny.duszpasterstwa.bielsko.pl\/wp-content\/uploads\/2026\/03\/IMG_5383-1024x768.jpeg\" alt=\"\" class=\"wp-image-21671\" srcset=\"http:\/\/roczyny.duszpasterstwa.bielsko.pl\/wp-content\/uploads\/2026\/03\/IMG_5383-1024x768.jpeg 1024w, http:\/\/roczyny.duszpasterstwa.bielsko.pl\/wp-content\/uploads\/2026\/03\/IMG_5383-300x225.jpeg 300w, http:\/\/roczyny.duszpasterstwa.bielsko.pl\/wp-content\/uploads\/2026\/03\/IMG_5383-768x576.jpeg 768w, http:\/\/roczyny.duszpasterstwa.bielsko.pl\/wp-content\/uploads\/2026\/03\/IMG_5383-1536x1152.jpeg 1536w, http:\/\/roczyny.duszpasterstwa.bielsko.pl\/wp-content\/uploads\/2026\/03\/IMG_5383-2048x1536.jpeg 2048w, http:\/\/roczyny.duszpasterstwa.bielsko.pl\/wp-content\/uploads\/2026\/03\/IMG_5383-200x150.jpeg 200w, http:\/\/roczyny.duszpasterstwa.bielsko.pl\/wp-content\/uploads\/2026\/03\/IMG_5383-690x518.jpeg 690w\" sizes=\"(max-width: 1024px) 100vw, 1024px\" \/><\/a><\/figure>\n\n\n\n<figure class=\"wp-block-image size-large\"><a href=\"http:\/\/roczyny.duszpasterstwa.bielsko.pl\/wp-content\/uploads\/2026\/03\/IMG_5385-scaled.jpeg\"><img loading=\"lazy\" decoding=\"async\" width=\"1024\" height=\"768\" data-id=\"21672\" src=\"http:\/\/roczyny.duszpasterstwa.bielsko.pl\/wp-content\/uploads\/2026\/03\/IMG_5385-1024x768.jpeg\" alt=\"\" class=\"wp-image-21672\" srcset=\"http:\/\/roczyny.duszpasterstwa.bielsko.pl\/wp-content\/uploads\/2026\/03\/IMG_5385-1024x768.jpeg 1024w, http:\/\/roczyny.duszpasterstwa.bielsko.pl\/wp-content\/uploads\/2026\/03\/IMG_5385-300x225.jpeg 300w, http:\/\/roczyny.duszpasterstwa.bielsko.pl\/wp-content\/uploads\/2026\/03\/IMG_5385-768x576.jpeg 768w, http:\/\/roczyny.duszpasterstwa.bielsko.pl\/wp-content\/uploads\/2026\/03\/IMG_5385-1536x1152.jpeg 1536w, http:\/\/roczyny.duszpasterstwa.bielsko.pl\/wp-content\/uploads\/2026\/03\/IMG_5385-2048x1536.jpeg 2048w, http:\/\/roczyny.duszpasterstwa.bielsko.pl\/wp-content\/uploads\/2026\/03\/IMG_5385-200x150.jpeg 200w, http:\/\/roczyny.duszpasterstwa.bielsko.pl\/wp-content\/uploads\/2026\/03\/IMG_5385-690x518.jpeg 690w\" sizes=\"(max-width: 1024px) 100vw, 1024px\" \/><\/a><\/figure>\n\n\n\n<figure class=\"wp-block-image size-large\"><a href=\"http:\/\/roczyny.duszpasterstwa.bielsko.pl\/wp-content\/uploads\/2026\/03\/IMG_5387-scaled.jpeg\"><img loading=\"lazy\" decoding=\"async\" width=\"1024\" height=\"768\" data-id=\"21673\" src=\"http:\/\/roczyny.duszpasterstwa.bielsko.pl\/wp-content\/uploads\/2026\/03\/IMG_5387-1024x768.jpeg\" alt=\"\" class=\"wp-image-21673\" srcset=\"http:\/\/roczyny.duszpasterstwa.bielsko.pl\/wp-content\/uploads\/2026\/03\/IMG_5387-1024x768.jpeg 1024w, http:\/\/roczyny.duszpasterstwa.bielsko.pl\/wp-content\/uploads\/2026\/03\/IMG_5387-300x225.jpeg 300w, http:\/\/roczyny.duszpasterstwa.bielsko.pl\/wp-content\/uploads\/2026\/03\/IMG_5387-768x576.jpeg 768w, http:\/\/roczyny.duszpasterstwa.bielsko.pl\/wp-content\/uploads\/2026\/03\/IMG_5387-1536x1152.jpeg 1536w, http:\/\/roczyny.duszpasterstwa.bielsko.pl\/wp-content\/uploads\/2026\/03\/IMG_5387-2048x1536.jpeg 2048w, http:\/\/roczyny.duszpasterstwa.bielsko.pl\/wp-content\/uploads\/2026\/03\/IMG_5387-200x150.jpeg 200w, http:\/\/roczyny.duszpasterstwa.bielsko.pl\/wp-content\/uploads\/2026\/03\/IMG_5387-690x518.jpeg 690w\" sizes=\"(max-width: 1024px) 100vw, 1024px\" \/><\/a><\/figure>\n\n\n\n<figure class=\"wp-block-image size-large\"><a href=\"http:\/\/roczyny.duszpasterstwa.bielsko.pl\/wp-content\/uploads\/2026\/03\/IMG_5390-scaled.jpeg\"><img loading=\"lazy\" decoding=\"async\" width=\"1024\" height=\"768\" data-id=\"21674\" src=\"http:\/\/roczyny.duszpasterstwa.bielsko.pl\/wp-content\/uploads\/2026\/03\/IMG_5390-1024x768.jpeg\" alt=\"\" class=\"wp-image-21674\" srcset=\"http:\/\/roczyny.duszpasterstwa.bielsko.pl\/wp-content\/uploads\/2026\/03\/IMG_5390-1024x768.jpeg 1024w, http:\/\/roczyny.duszpasterstwa.bielsko.pl\/wp-content\/uploads\/2026\/03\/IMG_5390-300x225.jpeg 300w, http:\/\/roczyny.duszpasterstwa.bielsko.pl\/wp-content\/uploads\/2026\/03\/IMG_5390-768x576.jpeg 768w, http:\/\/roczyny.duszpasterstwa.bielsko.pl\/wp-content\/uploads\/2026\/03\/IMG_5390-1536x1152.jpeg 1536w, http:\/\/roczyny.duszpasterstwa.bielsko.pl\/wp-content\/uploads\/2026\/03\/IMG_5390-2048x1536.jpeg 2048w, http:\/\/roczyny.duszpasterstwa.bielsko.pl\/wp-content\/uploads\/2026\/03\/IMG_5390-200x150.jpeg 200w, http:\/\/roczyny.duszpasterstwa.bielsko.pl\/wp-content\/uploads\/2026\/03\/IMG_5390-690x518.jpeg 690w\" sizes=\"(max-width: 1024px) 100vw, 1024px\" \/><\/a><\/figure>\n\n\n\n<figure class=\"wp-block-image size-large\"><a href=\"http:\/\/roczyny.duszpasterstwa.bielsko.pl\/wp-content\/uploads\/2026\/03\/IMG_5392-scaled.jpeg\"><img loading=\"lazy\" decoding=\"async\" width=\"1024\" height=\"768\" data-id=\"21675\" src=\"http:\/\/roczyny.duszpasterstwa.bielsko.pl\/wp-content\/uploads\/2026\/03\/IMG_5392-1024x768.jpeg\" alt=\"\" class=\"wp-image-21675\" srcset=\"http:\/\/roczyny.duszpasterstwa.bielsko.pl\/wp-content\/uploads\/2026\/03\/IMG_5392-1024x768.jpeg 1024w, http:\/\/roczyny.duszpasterstwa.bielsko.pl\/wp-content\/uploads\/2026\/03\/IMG_5392-300x225.jpeg 300w, http:\/\/roczyny.duszpasterstwa.bielsko.pl\/wp-content\/uploads\/2026\/03\/IMG_5392-768x576.jpeg 768w, http:\/\/roczyny.duszpasterstwa.bielsko.pl\/wp-content\/uploads\/2026\/03\/IMG_5392-1536x1152.jpeg 1536w, http:\/\/roczyny.duszpasterstwa.bielsko.pl\/wp-content\/uploads\/2026\/03\/IMG_5392-2048x1536.jpeg 2048w, http:\/\/roczyny.duszpasterstwa.bielsko.pl\/wp-content\/uploads\/2026\/03\/IMG_5392-200x150.jpeg 200w, http:\/\/roczyny.duszpasterstwa.bielsko.pl\/wp-content\/uploads\/2026\/03\/IMG_5392-690x518.jpeg 690w\" sizes=\"(max-width: 1024px) 100vw, 1024px\" \/><\/a><\/figure>\n<\/figure>\n","protected":false},"excerpt":{"rendered":"<p>Niedziela Palmowa to zawsze uroczysta chwila, kt\u00f3ra rozpoczyna WIELKI TYDZIE\u0143&#8230; T\u0142umy Dzieciak\u00f3w z palmami wita\u0142y Jezusa &#8211; fajnie by by\u0142o <a class=\"read-more\" href=\"http:\/\/roczyny.duszpasterstwa.bielsko.pl\/?p=21646\">czytaj dalej<\/a><\/p>\n","protected":false},"author":2,"featured_media":21672,"comment_status":"closed","ping_status":"open","sticky":false,"template":"","format":"standard","meta":{"ngg_post_thumbnail":0,"footnotes":""},"categories":[15,25],"tags":[],"class_list":["post-21646","post","type-post","status-publish","format-standard","has-post-thumbnail","hentry","category-aktualnosci","category-oaza-dzieci-bozych","post-item clearfix"],"_links":{"self":[{"href":"http:\/\/roczyny.duszpasterstwa.bielsko.pl\/index.php?rest_route=\/wp\/v2\/posts\/21646"}],"collection":[{"href":"http:\/\/roczyny.duszpasterstwa.bielsko.pl\/index.php?rest_route=\/wp\/v2\/posts"}],"about":[{"href":"http:\/\/roczyny.duszpasterstwa.bielsko.pl\/index.php?rest_route=\/wp\/v2\/types\/post"}],"author":[{"embeddable":true,"href":"http:\/\/roczyny.duszpasterstwa.bielsko.pl\/index.php?rest_route=\/wp\/v2\/users\/2"}],"replies":[{"embeddable":true,"href":"http:\/\/roczyny.duszpasterstwa.bielsko.pl\/index.php?rest_route=%2Fwp%2Fv2%2Fcomments&post=21646"}],"version-history":[{"count":1,"href":"http:\/\/roczyny.duszpasterstwa.bielsko.pl\/index.php?rest_route=\/wp\/v2\/posts\/21646\/revisions"}],"predecessor-version":[{"id":21676,"href":"http:\/\/roczyny.duszpasterstwa.bielsko.pl\/index.php?rest_route=\/wp\/v2\/posts\/21646\/revisions\/21676"}],"wp:featuredmedia":[{"embeddable":true,"href":"http:\/\/roczyny.duszpasterstwa.bielsko.pl\/index.php?rest_route=\/wp\/v2\/media\/21672"}],"wp:attachment":[{"href":"http:\/\/roczyny.duszpasterstwa.bielsko.pl\/index.php?rest_route=%2Fwp%2Fv2%2Fmedia&parent=21646"}],"wp:term":[{"taxonomy":"category","embeddable":true,"href":"http:\/\/roczyny.duszpasterstwa.bielsko.pl\/index.php?rest_route=%2Fwp%2Fv2%2Fcategories&post=21646"},{"taxonomy":"post_tag","embeddable":true,"href":"http:\/\/roczyny.duszpasterstwa.bielsko.pl\/index.php?rest_route=%2Fwp%2Fv2%2Ftags&post=21646"}],"curies":[{"name":"wp","href":"https:\/\/api.w.org\/{rel}","templated":true}]}}