{"id":21509,"date":"2026-03-17T14:35:10","date_gmt":"2026-03-17T13:35:10","guid":{"rendered":"http:\/\/roczyny.duszpasterstwa.bielsko.pl\/?p=21509"},"modified":"2026-03-17T14:35:10","modified_gmt":"2026-03-17T13:35:10","slug":"zapraszamy-rowniez-na-edk","status":"publish","type":"post","link":"http:\/\/roczyny.duszpasterstwa.bielsko.pl\/?p=21509","title":{"rendered":"ZAPRASZAMY R\u00d3WNIE\u017b NA EDK&#8230;"},"content":{"rendered":"\n<p>Po naszej Drodze Krzy\u017cowej ulicami Roczyn przyjdzie czas na&#8230; ZAPOWIADAMY!!!<\/p>\n\n\n\n<p>Parafialna Terenowa Droga Krzy\u017cowa &#8211; Zach\u0119camy do udzia\u0142u w Parafialnej Terenowej Drodze Krzy\u017cowej przez ca\u0142y Wielki Post w dogodnym dla ka\u017cdego czasie na wybranej przez siebie drodze. , G\u0142\u00f3wne wyj\u015bcie:<\/p>\n\n\n\n<p>27 Marzec 2026 (pi\u0105tek)<br \/>19:00 Msza \u015bwi\u0119ta na rozpocz\u0119cie drogi krzy\u017cowej<br \/>20:00 wyruszenie na jedn\u0105 z Parafialnych Terenowych Dr\u00f3g Krzy\u017cowych . Drogi i rozwa\u017cania do pobrania z poni\u017cszego linku.<br \/>http:\/\/droga.swmaciej.org.pl .<\/p>\n\n\n\n<p>Aplikacja na telefon https:\/\/droga-krzyzowa.vercel.app\/ S\u0105 tam trasy z Andrychowa i Roczyn<\/p>\n\n\n\n<figure class=\"wp-block-image size-large\"><a href=\"http:\/\/roczyny.duszpasterstwa.bielsko.pl\/wp-content\/uploads\/2026\/03\/EDYCJA.jpeg\"><img fetchpriority=\"high\" decoding=\"async\" width=\"724\" height=\"1024\" src=\"http:\/\/roczyny.duszpasterstwa.bielsko.pl\/wp-content\/uploads\/2026\/03\/EDYCJA-724x1024.jpeg\" alt=\"\" class=\"wp-image-21510\" srcset=\"http:\/\/roczyny.duszpasterstwa.bielsko.pl\/wp-content\/uploads\/2026\/03\/EDYCJA-724x1024.jpeg 724w, http:\/\/roczyny.duszpasterstwa.bielsko.pl\/wp-content\/uploads\/2026\/03\/EDYCJA-212x300.jpeg 212w, http:\/\/roczyny.duszpasterstwa.bielsko.pl\/wp-content\/uploads\/2026\/03\/EDYCJA-768x1086.jpeg 768w, http:\/\/roczyny.duszpasterstwa.bielsko.pl\/wp-content\/uploads\/2026\/03\/EDYCJA-1086x1536.jpeg 1086w, http:\/\/roczyny.duszpasterstwa.bielsko.pl\/wp-content\/uploads\/2026\/03\/EDYCJA-1448x2048.jpeg 1448w, http:\/\/roczyny.duszpasterstwa.bielsko.pl\/wp-content\/uploads\/2026\/03\/EDYCJA-200x283.jpeg 200w, http:\/\/roczyny.duszpasterstwa.bielsko.pl\/wp-content\/uploads\/2026\/03\/EDYCJA-690x976.jpeg 690w, http:\/\/roczyny.duszpasterstwa.bielsko.pl\/wp-content\/uploads\/2026\/03\/EDYCJA.jpeg 1587w\" sizes=\"(max-width: 724px) 100vw, 724px\" \/><\/a><\/figure>\n","protected":false},"excerpt":{"rendered":"<p>Po naszej Drodze Krzy\u017cowej ulicami Roczyn przyjdzie czas na&#8230; ZAPOWIADAMY!!! Parafialna Terenowa Droga Krzy\u017cowa &#8211; Zach\u0119camy do udzia\u0142u w Parafialnej <a class=\"read-more\" href=\"http:\/\/roczyny.duszpasterstwa.bielsko.pl\/?p=21509\">czytaj dalej<\/a><\/p>\n","protected":false},"author":2,"featured_media":21511,"comment_status":"closed","ping_status":"open","sticky":false,"template":"","format":"standard","meta":{"ngg_post_thumbnail":0,"footnotes":""},"categories":[29],"tags":[],"class_list":["post-21509","post","type-post","status-publish","format-standard","has-post-thumbnail","hentry","category-ekstremalna-droga-krzyzowa","post-item clearfix"],"_links":{"self":[{"href":"http:\/\/roczyny.duszpasterstwa.bielsko.pl\/index.php?rest_route=\/wp\/v2\/posts\/21509"}],"collection":[{"href":"http:\/\/roczyny.duszpasterstwa.bielsko.pl\/index.php?rest_route=\/wp\/v2\/posts"}],"about":[{"href":"http:\/\/roczyny.duszpasterstwa.bielsko.pl\/index.php?rest_route=\/wp\/v2\/types\/post"}],"author":[{"embeddable":true,"href":"http:\/\/roczyny.duszpasterstwa.bielsko.pl\/index.php?rest_route=\/wp\/v2\/users\/2"}],"replies":[{"embeddable":true,"href":"http:\/\/roczyny.duszpasterstwa.bielsko.pl\/index.php?rest_route=%2Fwp%2Fv2%2Fcomments&post=21509"}],"version-history":[{"count":1,"href":"http:\/\/roczyny.duszpasterstwa.bielsko.pl\/index.php?rest_route=\/wp\/v2\/posts\/21509\/revisions"}],"predecessor-version":[{"id":21512,"href":"http:\/\/roczyny.duszpasterstwa.bielsko.pl\/index.php?rest_route=\/wp\/v2\/posts\/21509\/revisions\/21512"}],"wp:featuredmedia":[{"embeddable":true,"href":"http:\/\/roczyny.duszpasterstwa.bielsko.pl\/index.php?rest_route=\/wp\/v2\/media\/21511"}],"wp:attachment":[{"href":"http:\/\/roczyny.duszpasterstwa.bielsko.pl\/index.php?rest_route=%2Fwp%2Fv2%2Fmedia&parent=21509"}],"wp:term":[{"taxonomy":"category","embeddable":true,"href":"http:\/\/roczyny.duszpasterstwa.bielsko.pl\/index.php?rest_route=%2Fwp%2Fv2%2Fcategories&post=21509"},{"taxonomy":"post_tag","embeddable":true,"href":"http:\/\/roczyny.duszpasterstwa.bielsko.pl\/index.php?rest_route=%2Fwp%2Fv2%2Ftags&post=21509"}],"curies":[{"name":"wp","href":"https:\/\/api.w.org\/{rel}","templated":true}]}}