{"id":21443,"date":"2026-02-21T08:26:10","date_gmt":"2026-02-21T07:26:10","guid":{"rendered":"http:\/\/roczyny.duszpasterstwa.bielsko.pl\/?p=21443"},"modified":"2026-02-21T08:26:11","modified_gmt":"2026-02-21T07:26:11","slug":"ogloszenia-parafialne-i-niedziela-wielkiego-postu-2","status":"publish","type":"post","link":"http:\/\/roczyny.duszpasterstwa.bielsko.pl\/?p=21443","title":{"rendered":"OG\u0141OSZENIA PARAFIALNE &#8211; I NIEDZIELA WIELKIEGO POSTU&#8230;"},"content":{"rendered":"\n<p><strong><u>I&nbsp;&nbsp;&nbsp;N I E D Z I E L A&nbsp;&nbsp;&nbsp;W I E L K I E G O&nbsp;&nbsp;&nbsp;P O S T U<\/u><\/strong>&nbsp;&nbsp;&nbsp;(22.o2.2026r.)<\/p>\n\n\n\n<p>Dzi\u015b I-wsza&nbsp;&nbsp;niedziela przygotowania paschalnego.<\/p>\n\n\n\n<p>W. Post jest czasem, w kt\u00f3rym Ko\u015bci\u00f3\u0142 mobilizuje si\u0142y, aby odnie\u015b\u0107 zwyci\u0119stwo nad wsp\u00f3\u0142czesnymi pokusami.<\/p>\n\n\n\n<p><strong><em>I N T E N C J E&nbsp;&nbsp;&nbsp;M S Z Y&nbsp;&nbsp;&nbsp;\u015a W.<\/em><\/strong><\/p>\n\n\n\n<p>Poniedzia\u0142ek(23)<\/p>\n\n\n\n<p>&nbsp;&nbsp;&nbsp;godz.6.3o&nbsp;&nbsp;&nbsp;&#8211; +W\u0142adys\u0142aw\u0119 Ku\u017ama w 30-ty dzie\u0144 po \u015bmierci<\/p>\n\n\n\n<p>&nbsp;&nbsp;&nbsp;godz.17.oo&nbsp;&#8211; +W\u0142adys\u0142awa \u015acig\u0119<\/p>\n\n\n\n<p>Wtorek(24)<\/p>\n\n\n\n<p>&nbsp;&nbsp;&nbsp;godz.6.3o&nbsp;&nbsp;&nbsp;&#8211; +Rozali\u0119 Paw\u0142owsk\u0105<\/p>\n\n\n\n<p>&nbsp;&nbsp;&nbsp;godz.17.oo&nbsp;\u2013 W int. Martyny w 18-t\u0105 r. urodzin<\/p>\n\n\n\n<p>\u015aroda(25)<\/p>\n\n\n\n<p>&nbsp;&nbsp;&nbsp;godz.6.3o&nbsp;&nbsp;&nbsp;&#8211; +Stanis\u0142awa Helen\u0119 Sordyl&nbsp;<\/p>\n\n\n\n<p>&nbsp;&nbsp;&nbsp;godz.17.oo&nbsp;&#8211; +Zofi\u0119 Nalborczyk<\/p>\n\n\n\n<p>Czwartek(26)<\/p>\n\n\n\n<p>&nbsp;&nbsp;&nbsp;godz.6.3o&nbsp;&nbsp;&nbsp;&#8211; +Stefani\u0119 Mi\u015bk\u00f3w<\/p>\n\n\n\n<p>&nbsp;&nbsp;&nbsp;godz.17.oo&nbsp;&#8211; +Franciszka Szostak z \u017con\u0105 Anastazj\u0105 synem Franciszkiem<\/p>\n\n\n\n<p>Pi\u0105tek(27)<\/p>\n\n\n\n<p>&nbsp;&nbsp;&nbsp;godz.6.3o&nbsp;&nbsp;&nbsp;&#8211; +Rozali\u0119 Paw\u0142owsk\u0105<\/p>\n\n\n\n<p>&nbsp;&nbsp;&nbsp;godz.17.oo&nbsp;&#8211; +Bart\u0142omieja 4 r. \u015bm.<\/p>\n\n\n\n<p>Sobota(28)<\/p>\n\n\n\n<p>&nbsp;&nbsp;&nbsp;godz.6.3o&nbsp;&nbsp;&nbsp;&#8211; +Mari\u0119 Andrzeja Zawi\u0142a od najbli\u017cszych<\/p>\n\n\n\n<p>&nbsp;&nbsp;&nbsp;godz.17.oo&nbsp;&#8211; +W\u0142adys\u0142aw\u0119 Turek 4 r. \u015bm. z m\u0119\u017cem Piotrem<\/p>\n\n\n\n<p>Niedziela(1)&nbsp;<\/p>\n\n\n\n<p>&nbsp;&nbsp;&nbsp;godz.7.oo&nbsp;&nbsp;&nbsp;&#8211; +J\u00f3zefa \u0141yso\u0144 5 r. \u015bm. z \u017con\u0105 Janin\u0105<\/p>\n\n\n\n<p>&nbsp;&nbsp;&nbsp;&nbsp;&nbsp;&nbsp;&nbsp;&nbsp;&nbsp;&nbsp;&nbsp;&nbsp;&nbsp;&nbsp;&nbsp;&nbsp;&nbsp;&nbsp;&nbsp;&nbsp;&nbsp;&nbsp;&nbsp;&nbsp;&#8211; +Jana Sikor\u0119 2 r. \u015bm. z rodzicami i te\u015bciami<\/p>\n\n\n\n<p>&nbsp;&nbsp;&nbsp;godz.9.oo&nbsp;&nbsp;&nbsp;&#8211; +Jana Karolin\u0119 Smaza z synem Janem synow\u0105 Janin\u0105<\/p>\n\n\n\n<p>&nbsp;&nbsp;&nbsp;&nbsp;&nbsp;&nbsp;&nbsp;&nbsp;&nbsp;&nbsp;&nbsp;&nbsp;&nbsp;&nbsp;&nbsp;&nbsp;&nbsp;&nbsp;&nbsp;&nbsp;&nbsp;&nbsp;&nbsp;&nbsp;&nbsp;&nbsp;&nbsp;zi\u0119ciami Kazimierzem i Romanem<\/p>\n\n\n\n<p>&nbsp;&nbsp;&nbsp;godz.11.oo&nbsp;&#8211; +Genowef\u0119 i Mariana Kurzyniec i dusze w czy\u015bcu cierpi\u0105ce<\/p>\n\n\n\n<p>&nbsp;&nbsp;&nbsp;godz.15.oo&nbsp;&#8211; +Kazimierza Tato\u0144 z rodzicami Stanis\u0142aw\u0105 i Edwardem<\/p>\n\n\n\n<p>&nbsp;&nbsp;&nbsp;&nbsp;&nbsp;&nbsp;&nbsp;&nbsp;&nbsp;&nbsp;&nbsp;&nbsp;&nbsp;&nbsp;&nbsp;&nbsp;&nbsp;&nbsp;&nbsp;&nbsp;&nbsp;&nbsp;&nbsp;&nbsp;&#8211; W int. Ojczyzny i pomordowanych \u017co\u0142nierzy wykl\u0119tych<\/p>\n","protected":false},"excerpt":{"rendered":"<p>I&nbsp;&nbsp;&nbsp;N I E D Z I E L A&nbsp;&nbsp;&nbsp;W I E L K I E G O&nbsp;&nbsp;&nbsp;P O S T <a class=\"read-more\" href=\"http:\/\/roczyny.duszpasterstwa.bielsko.pl\/?p=21443\">czytaj dalej<\/a><\/p>\n","protected":false},"author":2,"featured_media":21444,"comment_status":"closed","ping_status":"open","sticky":false,"template":"","format":"standard","meta":{"ngg_post_thumbnail":0,"footnotes":""},"categories":[12],"tags":[],"class_list":["post-21443","post","type-post","status-publish","format-standard","has-post-thumbnail","hentry","category-ogloszenia-parafialne","post-item clearfix"],"_links":{"self":[{"href":"http:\/\/roczyny.duszpasterstwa.bielsko.pl\/index.php?rest_route=\/wp\/v2\/posts\/21443"}],"collection":[{"href":"http:\/\/roczyny.duszpasterstwa.bielsko.pl\/index.php?rest_route=\/wp\/v2\/posts"}],"about":[{"href":"http:\/\/roczyny.duszpasterstwa.bielsko.pl\/index.php?rest_route=\/wp\/v2\/types\/post"}],"author":[{"embeddable":true,"href":"http:\/\/roczyny.duszpasterstwa.bielsko.pl\/index.php?rest_route=\/wp\/v2\/users\/2"}],"replies":[{"embeddable":true,"href":"http:\/\/roczyny.duszpasterstwa.bielsko.pl\/index.php?rest_route=%2Fwp%2Fv2%2Fcomments&post=21443"}],"version-history":[{"count":1,"href":"http:\/\/roczyny.duszpasterstwa.bielsko.pl\/index.php?rest_route=\/wp\/v2\/posts\/21443\/revisions"}],"predecessor-version":[{"id":21445,"href":"http:\/\/roczyny.duszpasterstwa.bielsko.pl\/index.php?rest_route=\/wp\/v2\/posts\/21443\/revisions\/21445"}],"wp:featuredmedia":[{"embeddable":true,"href":"http:\/\/roczyny.duszpasterstwa.bielsko.pl\/index.php?rest_route=\/wp\/v2\/media\/21444"}],"wp:attachment":[{"href":"http:\/\/roczyny.duszpasterstwa.bielsko.pl\/index.php?rest_route=%2Fwp%2Fv2%2Fmedia&parent=21443"}],"wp:term":[{"taxonomy":"category","embeddable":true,"href":"http:\/\/roczyny.duszpasterstwa.bielsko.pl\/index.php?rest_route=%2Fwp%2Fv2%2Fcategories&post=21443"},{"taxonomy":"post_tag","embeddable":true,"href":"http:\/\/roczyny.duszpasterstwa.bielsko.pl\/index.php?rest_route=%2Fwp%2Fv2%2Ftags&post=21443"}],"curies":[{"name":"wp","href":"https:\/\/api.w.org\/{rel}","templated":true}]}}