{"id":21426,"date":"2026-02-14T19:04:47","date_gmt":"2026-02-14T18:04:47","guid":{"rendered":"http:\/\/roczyny.duszpasterstwa.bielsko.pl\/?p=21426"},"modified":"2026-02-14T19:04:47","modified_gmt":"2026-02-14T18:04:47","slug":"zmarl-stanislaw-kruczala-zasluzony-dla-naszej-parafii","status":"publish","type":"post","link":"http:\/\/roczyny.duszpasterstwa.bielsko.pl\/?p=21426","title":{"rendered":"ZMAR\u0141 + STANIS\u0141AW KRUCZA\u0141A &#8211; ZAS\u0141U\u017bONY DLA NASZEJ PARAFII!!!"},"content":{"rendered":"\n<p>W pi\u0105tek przed po\u0142udniem zmar\u0142 zas\u0142u\u017cony parafianin Stanis\u0142aw Krucza\u0142a. <\/p>\n\n\n\n<p>Pe\u0142ni\u0142 funkcj\u0119 g\u0142\u00f3wnego zbrojarza podczas budowy ko\u015bcio\u0142a w Roczynach. <\/p>\n\n\n\n<p>By\u0142 osob\u0105 niezwykle zaanga\u017cowan\u0105 w realizacj\u0119 tego przedsi\u0119wzi\u0119cia. Swoj\u0105 prac\u0119 wykonywa\u0142 z du\u017c\u0105 staranno\u015bci\u0105 i odpowiedzialno\u015bci\u0105. <\/p>\n\n\n\n<p>By\u0142 te\u017c aktywnym cz\u0142onkiem rady parafialnej wspieraj\u0105c wszystkich naszych proboszcz\u00f3w w pracach przy i w ko\u015bciele. <\/p>\n\n\n\n<p>Mia\u0142 pi\u0119kny g\u0142os, a \u015bpiew towarzyszy\u0142 mu cz\u0119sto podczas prac. <\/p>\n\n\n\n<p>Prowadzi\u0142 r\u00f3wnie\u017c r\u00f3\u017ca\u0144ce na pogrzebach, to te\u017c by\u0142a jego s\u0142u\u017cba dla naszej spo\u0142eczno\u015bci parafialnej i okolicznych miejscowo\u015bci. Bardzo \u017cyczliwy i ch\u0119tny do pomocy, z ogromnym poczuciem humoru. <\/p>\n\n\n\n<p>Dzi\u0119kujemy Bogu za dar jego \u017cycia.<br \/>Pogrzeb we wtorek 17 lutego o godzinie 15:00<\/p>\n\n\n\n<figure class=\"wp-block-gallery has-nested-images columns-default is-cropped wp-block-gallery-1 is-layout-flex wp-block-gallery-is-layout-flex\">\n<figure class=\"wp-block-image size-large\"><a href=\"http:\/\/roczyny.duszpasterstwa.bielsko.pl\/wp-content\/uploads\/2026\/02\/afdeb049-96ee-4230-8d32-3a76ccce7685.jpeg\"><img fetchpriority=\"high\" decoding=\"async\" width=\"1024\" height=\"847\" data-id=\"21431\" src=\"http:\/\/roczyny.duszpasterstwa.bielsko.pl\/wp-content\/uploads\/2026\/02\/afdeb049-96ee-4230-8d32-3a76ccce7685-1024x847.jpeg\" alt=\"\" class=\"wp-image-21431\" srcset=\"http:\/\/roczyny.duszpasterstwa.bielsko.pl\/wp-content\/uploads\/2026\/02\/afdeb049-96ee-4230-8d32-3a76ccce7685-1024x847.jpeg 1024w, http:\/\/roczyny.duszpasterstwa.bielsko.pl\/wp-content\/uploads\/2026\/02\/afdeb049-96ee-4230-8d32-3a76ccce7685-300x248.jpeg 300w, http:\/\/roczyny.duszpasterstwa.bielsko.pl\/wp-content\/uploads\/2026\/02\/afdeb049-96ee-4230-8d32-3a76ccce7685-768x635.jpeg 768w, http:\/\/roczyny.duszpasterstwa.bielsko.pl\/wp-content\/uploads\/2026\/02\/afdeb049-96ee-4230-8d32-3a76ccce7685-200x165.jpeg 200w, http:\/\/roczyny.duszpasterstwa.bielsko.pl\/wp-content\/uploads\/2026\/02\/afdeb049-96ee-4230-8d32-3a76ccce7685-690x570.jpeg 690w, http:\/\/roczyny.duszpasterstwa.bielsko.pl\/wp-content\/uploads\/2026\/02\/afdeb049-96ee-4230-8d32-3a76ccce7685.jpeg 1200w\" sizes=\"(max-width: 1024px) 100vw, 1024px\" \/><\/a><\/figure>\n\n\n\n<figure class=\"wp-block-image size-large\"><a href=\"http:\/\/roczyny.duszpasterstwa.bielsko.pl\/wp-content\/uploads\/2026\/02\/4e6a0591-0996-4454-8325-0a1bbd2f8f9b.jpeg\"><img decoding=\"async\" width=\"789\" height=\"1024\" data-id=\"21428\" src=\"http:\/\/roczyny.duszpasterstwa.bielsko.pl\/wp-content\/uploads\/2026\/02\/4e6a0591-0996-4454-8325-0a1bbd2f8f9b-789x1024.jpeg\" alt=\"\" class=\"wp-image-21428\" srcset=\"http:\/\/roczyny.duszpasterstwa.bielsko.pl\/wp-content\/uploads\/2026\/02\/4e6a0591-0996-4454-8325-0a1bbd2f8f9b-789x1024.jpeg 789w, http:\/\/roczyny.duszpasterstwa.bielsko.pl\/wp-content\/uploads\/2026\/02\/4e6a0591-0996-4454-8325-0a1bbd2f8f9b-231x300.jpeg 231w, http:\/\/roczyny.duszpasterstwa.bielsko.pl\/wp-content\/uploads\/2026\/02\/4e6a0591-0996-4454-8325-0a1bbd2f8f9b-768x997.jpeg 768w, http:\/\/roczyny.duszpasterstwa.bielsko.pl\/wp-content\/uploads\/2026\/02\/4e6a0591-0996-4454-8325-0a1bbd2f8f9b-200x260.jpeg 200w, http:\/\/roczyny.duszpasterstwa.bielsko.pl\/wp-content\/uploads\/2026\/02\/4e6a0591-0996-4454-8325-0a1bbd2f8f9b-690x896.jpeg 690w, http:\/\/roczyny.duszpasterstwa.bielsko.pl\/wp-content\/uploads\/2026\/02\/4e6a0591-0996-4454-8325-0a1bbd2f8f9b.jpeg 1178w\" sizes=\"(max-width: 789px) 100vw, 789px\" \/><\/a><\/figure>\n\n\n\n<figure class=\"wp-block-image size-large\"><a href=\"http:\/\/roczyny.duszpasterstwa.bielsko.pl\/wp-content\/uploads\/2026\/02\/322111bf-46c5-4791-96c6-ab09416bb072.jpeg\"><img decoding=\"async\" width=\"1024\" height=\"746\" data-id=\"21427\" src=\"http:\/\/roczyny.duszpasterstwa.bielsko.pl\/wp-content\/uploads\/2026\/02\/322111bf-46c5-4791-96c6-ab09416bb072-1024x746.jpeg\" alt=\"\" class=\"wp-image-21427\" srcset=\"http:\/\/roczyny.duszpasterstwa.bielsko.pl\/wp-content\/uploads\/2026\/02\/322111bf-46c5-4791-96c6-ab09416bb072-1024x746.jpeg 1024w, http:\/\/roczyny.duszpasterstwa.bielsko.pl\/wp-content\/uploads\/2026\/02\/322111bf-46c5-4791-96c6-ab09416bb072-300x218.jpeg 300w, http:\/\/roczyny.duszpasterstwa.bielsko.pl\/wp-content\/uploads\/2026\/02\/322111bf-46c5-4791-96c6-ab09416bb072-768x559.jpeg 768w, http:\/\/roczyny.duszpasterstwa.bielsko.pl\/wp-content\/uploads\/2026\/02\/322111bf-46c5-4791-96c6-ab09416bb072-1536x1118.jpeg 1536w, http:\/\/roczyny.duszpasterstwa.bielsko.pl\/wp-content\/uploads\/2026\/02\/322111bf-46c5-4791-96c6-ab09416bb072-200x146.jpeg 200w, http:\/\/roczyny.duszpasterstwa.bielsko.pl\/wp-content\/uploads\/2026\/02\/322111bf-46c5-4791-96c6-ab09416bb072-690x502.jpeg 690w, http:\/\/roczyny.duszpasterstwa.bielsko.pl\/wp-content\/uploads\/2026\/02\/322111bf-46c5-4791-96c6-ab09416bb072.jpeg 2048w\" sizes=\"(max-width: 1024px) 100vw, 1024px\" \/><\/a><\/figure>\n\n\n\n<figure class=\"wp-block-image size-large\"><a href=\"http:\/\/roczyny.duszpasterstwa.bielsko.pl\/wp-content\/uploads\/2026\/02\/b08c5c0b-e559-436d-a212-10526d9a43bd.jpeg\"><img loading=\"lazy\" decoding=\"async\" width=\"1024\" height=\"647\" data-id=\"21430\" src=\"http:\/\/roczyny.duszpasterstwa.bielsko.pl\/wp-content\/uploads\/2026\/02\/b08c5c0b-e559-436d-a212-10526d9a43bd-1024x647.jpeg\" alt=\"\" class=\"wp-image-21430\" srcset=\"http:\/\/roczyny.duszpasterstwa.bielsko.pl\/wp-content\/uploads\/2026\/02\/b08c5c0b-e559-436d-a212-10526d9a43bd-1024x647.jpeg 1024w, http:\/\/roczyny.duszpasterstwa.bielsko.pl\/wp-content\/uploads\/2026\/02\/b08c5c0b-e559-436d-a212-10526d9a43bd-300x189.jpeg 300w, http:\/\/roczyny.duszpasterstwa.bielsko.pl\/wp-content\/uploads\/2026\/02\/b08c5c0b-e559-436d-a212-10526d9a43bd-768x485.jpeg 768w, http:\/\/roczyny.duszpasterstwa.bielsko.pl\/wp-content\/uploads\/2026\/02\/b08c5c0b-e559-436d-a212-10526d9a43bd-1536x970.jpeg 1536w, http:\/\/roczyny.duszpasterstwa.bielsko.pl\/wp-content\/uploads\/2026\/02\/b08c5c0b-e559-436d-a212-10526d9a43bd-200x126.jpeg 200w, http:\/\/roczyny.duszpasterstwa.bielsko.pl\/wp-content\/uploads\/2026\/02\/b08c5c0b-e559-436d-a212-10526d9a43bd-690x436.jpeg 690w, http:\/\/roczyny.duszpasterstwa.bielsko.pl\/wp-content\/uploads\/2026\/02\/b08c5c0b-e559-436d-a212-10526d9a43bd.jpeg 1694w\" sizes=\"(max-width: 1024px) 100vw, 1024px\" \/><\/a><\/figure>\n\n\n\n<figure class=\"wp-block-image size-large\"><a href=\"http:\/\/roczyny.duszpasterstwa.bielsko.pl\/wp-content\/uploads\/2026\/02\/be322463-f0e0-4c6f-b5f8-65249764b34e.jpeg\"><img loading=\"lazy\" decoding=\"async\" width=\"692\" height=\"1024\" data-id=\"21429\" src=\"http:\/\/roczyny.duszpasterstwa.bielsko.pl\/wp-content\/uploads\/2026\/02\/be322463-f0e0-4c6f-b5f8-65249764b34e-692x1024.jpeg\" alt=\"\" class=\"wp-image-21429\" srcset=\"http:\/\/roczyny.duszpasterstwa.bielsko.pl\/wp-content\/uploads\/2026\/02\/be322463-f0e0-4c6f-b5f8-65249764b34e-692x1024.jpeg 692w, http:\/\/roczyny.duszpasterstwa.bielsko.pl\/wp-content\/uploads\/2026\/02\/be322463-f0e0-4c6f-b5f8-65249764b34e-203x300.jpeg 203w, http:\/\/roczyny.duszpasterstwa.bielsko.pl\/wp-content\/uploads\/2026\/02\/be322463-f0e0-4c6f-b5f8-65249764b34e-768x1137.jpeg 768w, http:\/\/roczyny.duszpasterstwa.bielsko.pl\/wp-content\/uploads\/2026\/02\/be322463-f0e0-4c6f-b5f8-65249764b34e-1037x1536.jpeg 1037w, http:\/\/roczyny.duszpasterstwa.bielsko.pl\/wp-content\/uploads\/2026\/02\/be322463-f0e0-4c6f-b5f8-65249764b34e-200x296.jpeg 200w, http:\/\/roczyny.duszpasterstwa.bielsko.pl\/wp-content\/uploads\/2026\/02\/be322463-f0e0-4c6f-b5f8-65249764b34e-690x1022.jpeg 690w, http:\/\/roczyny.duszpasterstwa.bielsko.pl\/wp-content\/uploads\/2026\/02\/be322463-f0e0-4c6f-b5f8-65249764b34e.jpeg 1383w\" sizes=\"(max-width: 692px) 100vw, 692px\" \/><\/a><\/figure>\n<\/figure>\n","protected":false},"excerpt":{"rendered":"<p>W pi\u0105tek przed po\u0142udniem zmar\u0142 zas\u0142u\u017cony parafianin Stanis\u0142aw Krucza\u0142a. Pe\u0142ni\u0142 funkcj\u0119 g\u0142\u00f3wnego zbrojarza podczas budowy ko\u015bcio\u0142a w Roczynach. By\u0142 osob\u0105 <a class=\"read-more\" href=\"http:\/\/roczyny.duszpasterstwa.bielsko.pl\/?p=21426\">czytaj dalej<\/a><\/p>\n","protected":false},"author":2,"featured_media":21431,"comment_status":"closed","ping_status":"open","sticky":false,"template":"","format":"standard","meta":{"ngg_post_thumbnail":0,"footnotes":""},"categories":[15],"tags":[],"class_list":["post-21426","post","type-post","status-publish","format-standard","has-post-thumbnail","hentry","category-aktualnosci","post-item clearfix"],"_links":{"self":[{"href":"http:\/\/roczyny.duszpasterstwa.bielsko.pl\/index.php?rest_route=\/wp\/v2\/posts\/21426"}],"collection":[{"href":"http:\/\/roczyny.duszpasterstwa.bielsko.pl\/index.php?rest_route=\/wp\/v2\/posts"}],"about":[{"href":"http:\/\/roczyny.duszpasterstwa.bielsko.pl\/index.php?rest_route=\/wp\/v2\/types\/post"}],"author":[{"embeddable":true,"href":"http:\/\/roczyny.duszpasterstwa.bielsko.pl\/index.php?rest_route=\/wp\/v2\/users\/2"}],"replies":[{"embeddable":true,"href":"http:\/\/roczyny.duszpasterstwa.bielsko.pl\/index.php?rest_route=%2Fwp%2Fv2%2Fcomments&post=21426"}],"version-history":[{"count":1,"href":"http:\/\/roczyny.duszpasterstwa.bielsko.pl\/index.php?rest_route=\/wp\/v2\/posts\/21426\/revisions"}],"predecessor-version":[{"id":21432,"href":"http:\/\/roczyny.duszpasterstwa.bielsko.pl\/index.php?rest_route=\/wp\/v2\/posts\/21426\/revisions\/21432"}],"wp:featuredmedia":[{"embeddable":true,"href":"http:\/\/roczyny.duszpasterstwa.bielsko.pl\/index.php?rest_route=\/wp\/v2\/media\/21431"}],"wp:attachment":[{"href":"http:\/\/roczyny.duszpasterstwa.bielsko.pl\/index.php?rest_route=%2Fwp%2Fv2%2Fmedia&parent=21426"}],"wp:term":[{"taxonomy":"category","embeddable":true,"href":"http:\/\/roczyny.duszpasterstwa.bielsko.pl\/index.php?rest_route=%2Fwp%2Fv2%2Fcategories&post=21426"},{"taxonomy":"post_tag","embeddable":true,"href":"http:\/\/roczyny.duszpasterstwa.bielsko.pl\/index.php?rest_route=%2Fwp%2Fv2%2Ftags&post=21426"}],"curies":[{"name":"wp","href":"https:\/\/api.w.org\/{rel}","templated":true}]}}