{"id":21420,"date":"2026-02-14T08:44:42","date_gmt":"2026-02-14T07:44:42","guid":{"rendered":"http:\/\/roczyny.duszpasterstwa.bielsko.pl\/?p=21420"},"modified":"2026-02-14T08:44:43","modified_gmt":"2026-02-14T07:44:43","slug":"nasza-parafia-organizuje-pielgrzymke-do-ziemi-swietej","status":"publish","type":"post","link":"http:\/\/roczyny.duszpasterstwa.bielsko.pl\/?p=21420","title":{"rendered":"NASZA PARAFIA ORGANIZUJE PIELGRZYMK\u0118 DO ZIEMI \u015aWI\u0118TEJ&#8230;"},"content":{"rendered":"\n<p>Otworzy\u0142a si\u0119 ju\u017c Ziemia \u015awi\u0119ta dla Pielgrzym\u00f3w. Pami\u0119tamy jak przed 3 laty zabrak\u0142o nam tygodnia do pielgrzymowania w Ziemi Jezusa&#8230;<\/p>\n\n\n\n<p>Dzi\u015b wraz z Biurem ViaTravel Mariusza Surzyna pragniemy po raz drugi zorganizowa\u0107 nasz\u0105 Pielgrzymk\u0119&#8230;<\/p>\n\n\n\n<p>Termin ju\u017c ustalony &#8211; to 7-14 listopad tego roku&#8230;<\/p>\n\n\n\n<p>Zapisy w zakrystii&#8230; lub u ks. Paw\u0142a \/604057209; phubczak@op.pl\/<\/p>\n\n\n\n<figure class=\"wp-block-gallery has-nested-images columns-default is-cropped wp-block-gallery-1 is-layout-flex wp-block-gallery-is-layout-flex\">\n<figure class=\"wp-block-image size-large\"><a href=\"http:\/\/roczyny.duszpasterstwa.bielsko.pl\/wp-content\/uploads\/2026\/02\/3cbfb40a-7dca-45a6-8deb-59c25da6e568.jpeg\"><img fetchpriority=\"high\" decoding=\"async\" width=\"724\" height=\"1024\" data-id=\"21422\" src=\"http:\/\/roczyny.duszpasterstwa.bielsko.pl\/wp-content\/uploads\/2026\/02\/3cbfb40a-7dca-45a6-8deb-59c25da6e568-724x1024.jpeg\" alt=\"\" class=\"wp-image-21422\" srcset=\"http:\/\/roczyny.duszpasterstwa.bielsko.pl\/wp-content\/uploads\/2026\/02\/3cbfb40a-7dca-45a6-8deb-59c25da6e568-724x1024.jpeg 724w, http:\/\/roczyny.duszpasterstwa.bielsko.pl\/wp-content\/uploads\/2026\/02\/3cbfb40a-7dca-45a6-8deb-59c25da6e568-212x300.jpeg 212w, http:\/\/roczyny.duszpasterstwa.bielsko.pl\/wp-content\/uploads\/2026\/02\/3cbfb40a-7dca-45a6-8deb-59c25da6e568-768x1086.jpeg 768w, http:\/\/roczyny.duszpasterstwa.bielsko.pl\/wp-content\/uploads\/2026\/02\/3cbfb40a-7dca-45a6-8deb-59c25da6e568-1086x1536.jpeg 1086w, http:\/\/roczyny.duszpasterstwa.bielsko.pl\/wp-content\/uploads\/2026\/02\/3cbfb40a-7dca-45a6-8deb-59c25da6e568-200x283.jpeg 200w, http:\/\/roczyny.duszpasterstwa.bielsko.pl\/wp-content\/uploads\/2026\/02\/3cbfb40a-7dca-45a6-8deb-59c25da6e568-690x976.jpeg 690w, http:\/\/roczyny.duszpasterstwa.bielsko.pl\/wp-content\/uploads\/2026\/02\/3cbfb40a-7dca-45a6-8deb-59c25da6e568.jpeg 1240w\" sizes=\"(max-width: 724px) 100vw, 724px\" \/><\/a><\/figure>\n\n\n\n<figure class=\"wp-block-image size-large\"><a href=\"http:\/\/roczyny.duszpasterstwa.bielsko.pl\/wp-content\/uploads\/2026\/02\/9b8c2f2a-fd5f-47d0-accd-d79941b497a8.jpeg\"><img decoding=\"async\" width=\"724\" height=\"1024\" data-id=\"21421\" src=\"http:\/\/roczyny.duszpasterstwa.bielsko.pl\/wp-content\/uploads\/2026\/02\/9b8c2f2a-fd5f-47d0-accd-d79941b497a8-724x1024.jpeg\" alt=\"\" class=\"wp-image-21421\" srcset=\"http:\/\/roczyny.duszpasterstwa.bielsko.pl\/wp-content\/uploads\/2026\/02\/9b8c2f2a-fd5f-47d0-accd-d79941b497a8-724x1024.jpeg 724w, http:\/\/roczyny.duszpasterstwa.bielsko.pl\/wp-content\/uploads\/2026\/02\/9b8c2f2a-fd5f-47d0-accd-d79941b497a8-212x300.jpeg 212w, http:\/\/roczyny.duszpasterstwa.bielsko.pl\/wp-content\/uploads\/2026\/02\/9b8c2f2a-fd5f-47d0-accd-d79941b497a8-768x1086.jpeg 768w, http:\/\/roczyny.duszpasterstwa.bielsko.pl\/wp-content\/uploads\/2026\/02\/9b8c2f2a-fd5f-47d0-accd-d79941b497a8-1086x1536.jpeg 1086w, http:\/\/roczyny.duszpasterstwa.bielsko.pl\/wp-content\/uploads\/2026\/02\/9b8c2f2a-fd5f-47d0-accd-d79941b497a8-200x283.jpeg 200w, http:\/\/roczyny.duszpasterstwa.bielsko.pl\/wp-content\/uploads\/2026\/02\/9b8c2f2a-fd5f-47d0-accd-d79941b497a8-690x976.jpeg 690w, http:\/\/roczyny.duszpasterstwa.bielsko.pl\/wp-content\/uploads\/2026\/02\/9b8c2f2a-fd5f-47d0-accd-d79941b497a8.jpeg 1240w\" sizes=\"(max-width: 724px) 100vw, 724px\" \/><\/a><\/figure>\n<\/figure>\n","protected":false},"excerpt":{"rendered":"<p>Otworzy\u0142a si\u0119 ju\u017c Ziemia \u015awi\u0119ta dla Pielgrzym\u00f3w. Pami\u0119tamy jak przed 3 laty zabrak\u0142o nam tygodnia do pielgrzymowania w Ziemi Jezusa&#8230; <a class=\"read-more\" href=\"http:\/\/roczyny.duszpasterstwa.bielsko.pl\/?p=21420\">czytaj dalej<\/a><\/p>\n","protected":false},"author":2,"featured_media":21423,"comment_status":"closed","ping_status":"open","sticky":false,"template":"","format":"standard","meta":{"ngg_post_thumbnail":0,"footnotes":""},"categories":[15],"tags":[],"class_list":["post-21420","post","type-post","status-publish","format-standard","has-post-thumbnail","hentry","category-aktualnosci","post-item clearfix"],"_links":{"self":[{"href":"http:\/\/roczyny.duszpasterstwa.bielsko.pl\/index.php?rest_route=\/wp\/v2\/posts\/21420"}],"collection":[{"href":"http:\/\/roczyny.duszpasterstwa.bielsko.pl\/index.php?rest_route=\/wp\/v2\/posts"}],"about":[{"href":"http:\/\/roczyny.duszpasterstwa.bielsko.pl\/index.php?rest_route=\/wp\/v2\/types\/post"}],"author":[{"embeddable":true,"href":"http:\/\/roczyny.duszpasterstwa.bielsko.pl\/index.php?rest_route=\/wp\/v2\/users\/2"}],"replies":[{"embeddable":true,"href":"http:\/\/roczyny.duszpasterstwa.bielsko.pl\/index.php?rest_route=%2Fwp%2Fv2%2Fcomments&post=21420"}],"version-history":[{"count":1,"href":"http:\/\/roczyny.duszpasterstwa.bielsko.pl\/index.php?rest_route=\/wp\/v2\/posts\/21420\/revisions"}],"predecessor-version":[{"id":21424,"href":"http:\/\/roczyny.duszpasterstwa.bielsko.pl\/index.php?rest_route=\/wp\/v2\/posts\/21420\/revisions\/21424"}],"wp:featuredmedia":[{"embeddable":true,"href":"http:\/\/roczyny.duszpasterstwa.bielsko.pl\/index.php?rest_route=\/wp\/v2\/media\/21423"}],"wp:attachment":[{"href":"http:\/\/roczyny.duszpasterstwa.bielsko.pl\/index.php?rest_route=%2Fwp%2Fv2%2Fmedia&parent=21420"}],"wp:term":[{"taxonomy":"category","embeddable":true,"href":"http:\/\/roczyny.duszpasterstwa.bielsko.pl\/index.php?rest_route=%2Fwp%2Fv2%2Fcategories&post=21420"},{"taxonomy":"post_tag","embeddable":true,"href":"http:\/\/roczyny.duszpasterstwa.bielsko.pl\/index.php?rest_route=%2Fwp%2Fv2%2Ftags&post=21420"}],"curies":[{"name":"wp","href":"https:\/\/api.w.org\/{rel}","templated":true}]}}