{"id":21418,"date":"2026-02-14T08:27:46","date_gmt":"2026-02-14T07:27:46","guid":{"rendered":"http:\/\/roczyny.duszpasterstwa.bielsko.pl\/?p=21418"},"modified":"2026-02-14T12:34:09","modified_gmt":"2026-02-14T11:34:09","slug":"ogloszenia-parafialne-vi-niedziela-zwykla-3","status":"publish","type":"post","link":"http:\/\/roczyny.duszpasterstwa.bielsko.pl\/?p=21418","title":{"rendered":"OG\u0141OSZENIA PARAFIALNE &#8211; VI NIEDZIELA ZWYK\u0141A&#8230;"},"content":{"rendered":"\n<p><strong><u>V I&nbsp;&nbsp;&nbsp;N I E D Z I E L A&nbsp;&nbsp;&nbsp;Z W Y K \u0141 A&nbsp;<\/u><\/strong>(15.o2.2026r.)<\/p>\n\n\n\n<p>Dzi\u015b jest ostatnia niedziela przed tegorocznym okresem wielkiego postu. Rozpoczynamy tzw. nabo\u017ce\u0144stwo czterdziestogodzinne przed \u015arod\u0105 Popielcow\u0105. Pocz\u0105tek nabo\u017ce\u0144stwa po Mszy \u015bw. o godz.11.oo \u2013 zako\u0144czenie przed Msz\u0105 \u015bw. o godz.15.oo.<\/p>\n\n\n\n<p>Dnia 18 lutego, \u015arod\u0105 Popielcow\u0105 rozpoczynamy okres wielkiego postu. Rozpoczynaj\u0105ca ten czas \u015aroda Popielcowa jest dniem postu i wstrzemi\u0119\u017aliwo\u015bci od pokarm\u00f3w mi\u0119snych.<\/p>\n\n\n\n<p><strong>Msze \u015bw. w tym dniu o godz.7.oo;&nbsp;&nbsp;9.oo;&nbsp;&nbsp;17.oo.<\/strong><\/p>\n\n\n\n<p>W \u015brod\u0119, pi\u0105tek i sobot\u0119 przypadaj\u0105 Kwartalne Dni Modlitwy o ducha pokuty.<\/p>\n\n\n\n<p>Zach\u0119camy do udzia\u0142u w tradycyjnych nabo\u017ce\u0144stwach:<\/p>\n\n\n\n<p>1.Drogi Krzy\u017cowej odprawianej w pi\u0105tki o godz.16.3o i w niedziel\u0119 po Mszy \u015bw. o godz.7.oo<\/p>\n\n\n\n<p>2.Gorzkie \u017bale \u2013 odprawiane w niedziel\u0119 o godz.14.3o a po nich Msza \u015bw. wieczorna.<\/p>\n\n\n\n<p>Rekolekcje wielkopostne b\u0119d\u0105 od 13 marca (pi\u0105tek) \u2013 zako\u0144czenie w niedziel\u0119 15 marca. Rekolekcje b\u0119dzie prowadzi\u0142 ks. profesor Wojciech Pal z Uniwersytetu Papieskiego.<\/p>\n\n\n\n<p>W najbli\u017cszy poniedzia\u0142ek zapraszamy Rodzic\u00f3w i Dzieci I Komunijne na spotkanie formacyjne. Rozpoczniemy je Msz\u0105 na kt\u00f3rej Dzieci otrzymaj\u0105 ksi\u0105\u017ceczki. Po Mszy \u015bw. dalsza cz\u0119\u015b\u0107 spotkania. Zapraszamy!<\/p>\n\n\n\n<p>W pi\u0105tek zapraszamy\u00a0<strong>M\u0142odzie\u017c przygotowuj\u0105c\u0105 si\u0119 do bierzmowania<\/strong>. Nasze spotkanie rozpoczniemy drog\u0105 krzy\u017cow\u0105 o godz. 16.30.Nast\u0119pnie b\u0119dziemy uczestniczyli w Eucharystii by po niej uczestniczy\u0107 w spotkaniach w grupach.<\/p>\n\n\n\n<p><strong><em>I N T E N S J E&nbsp;&nbsp;&nbsp;&nbsp;M S Z Y&nbsp;&nbsp;&nbsp;\u015a W.<\/em><\/strong><\/p>\n\n\n\n<p>Poniedzia\u0142ek(16)<\/p>\n\n\n\n<p>&nbsp;&nbsp;&nbsp;godz.6.3o&nbsp;&nbsp;&nbsp;&#8211; +Janin\u0119 Stuglik w 30-ty dzie\u0144 po \u015bmierci<\/p>\n\n\n\n<p>&nbsp;&nbsp;&nbsp;godz.17.oo&nbsp;&#8211; +Mari\u0119 Wies\u0142awa Pa\u0142kowskich z rodzicami, Ann\u0119 Skupie\u0144.<\/p>\n\n\n\n<p>Wtorek(17)<\/p>\n\n\n\n<p>&nbsp;&nbsp;&nbsp;godz.6.3o&nbsp;&nbsp;&nbsp;&#8211; +Mari\u0119 Jo\u0144cza w 30-ty dzie\u0144 po \u015bmierci<\/p>\n\n\n\n<p>&nbsp;&nbsp;&nbsp;godz.17.oo&nbsp;&#8211; +W\u0142adys\u0142aw&nbsp;&nbsp;\u015aciga<\/p>\n\n\n\n<p>\u015aroda(18)<\/p>\n\n\n\n<p>&nbsp;&nbsp;&nbsp;godz.7.oo&nbsp;&nbsp;&nbsp;&nbsp;&#8211; +W\u0142adys\u0142awa&nbsp;&nbsp;\u017bydek<\/p>\n\n\n\n<p>&nbsp;&nbsp;&nbsp;godz.9.oo&nbsp;&nbsp;&nbsp;&nbsp;&#8211; +Karola Brasik z \u017con\u0105 Stanis\u0142aw\u0105<\/p>\n\n\n\n<p>&nbsp;&nbsp;&nbsp;godz.17.oo&nbsp;&#8211; +Rozali\u0119 Paw\u0142owsk\u0105<\/p>\n\n\n\n<p>Czwartek(19)<\/p>\n\n\n\n<p>&nbsp;&nbsp;&nbsp;godz.6.3o&nbsp;&nbsp;&nbsp;&#8211; +Mari\u0119 Talar<\/p>\n\n\n\n<p>&nbsp;&nbsp;&nbsp;godz.17.oo&nbsp;&#8211; +Zofi\u0119 Kowalik<\/p>\n\n\n\n<p>Pi\u0105tek(20)<\/p>\n\n\n\n<p>&nbsp;&nbsp;&nbsp;godz.6.3o&nbsp;&nbsp;&nbsp;&#8211; +Mari\u0119 Wykr\u0119t<\/p>\n\n\n\n<p>&nbsp;&nbsp;&nbsp;godz.17.oo&nbsp;&#8211; +Jana Helen\u0119 Sordyl r. \u015bm.<\/p>\n\n\n\n<p>Sobota(21)<\/p>\n\n\n\n<p>&nbsp;&nbsp;&nbsp;godz.6.3o&nbsp;&nbsp;&nbsp;&#8211; +Ann\u0119 Kierczak w 30-ty dzie\u0144 po \u015bmierci<\/p>\n\n\n\n<p>&nbsp;&nbsp;&nbsp;godz.17.oo&nbsp;&#8211; +Stanis\u0142awa Leokadi\u0119 Toma<\/p>\n\n\n\n<p>Niedziela(22)<\/p>\n\n\n\n<p>&nbsp;&nbsp;&nbsp;godz.7.oo&nbsp;&nbsp;&nbsp;&#8211; +Jana Mari\u0119 Ga\u0142osz z rodzicami i wnukiem Rafa\u0142em<\/p>\n\n\n\n<p>&nbsp;&nbsp;&nbsp;godz.9.oo&nbsp;&nbsp;&nbsp;&#8211; W int. Beaty i Andrzeja w 30-t\u0105 r. \u015blubu o b\u0142. Bo\u017ce na dalsze lata<\/p>\n\n\n\n<p>&nbsp;&nbsp;&nbsp;&nbsp;&nbsp;&nbsp;&nbsp;&nbsp;&nbsp;&nbsp;&nbsp;&nbsp;&nbsp;&nbsp;&nbsp;&nbsp;&nbsp;&nbsp;&nbsp;&nbsp;&nbsp;&nbsp;&nbsp;&nbsp;&#8211; +Mariana Wojtaszek 20 r. \u015bm. z \u017con\u0105 i c\u00f3rk\u0105<\/p>\n\n\n\n<p>&nbsp;&nbsp;&nbsp;godz.11.oo&nbsp;&#8211; +Kazimierza Zar\u0119b\u0119 z synem Paw\u0142em<\/p>\n\n\n\n<p>&nbsp;&nbsp;&nbsp;godz.15.oo&nbsp;&#8211; +Zygmunta Borak z \u017con\u0105 Helen\u0105<\/p>\n\n\n\n<p>&nbsp;&nbsp;&nbsp;&nbsp;&nbsp;&nbsp;&nbsp;&nbsp;&nbsp;&nbsp;&nbsp;&nbsp;&nbsp;&nbsp;&nbsp;&nbsp;&nbsp;&nbsp;&nbsp;&nbsp;&nbsp;&nbsp;&nbsp;&nbsp;&#8211; +Mariann\u0119 Smyrak z m\u0119\u017cem W\u0142adys\u0142awem, Kazimierzem synem&nbsp;&nbsp;<\/p>\n\n\n\n<p>&nbsp;&nbsp;&nbsp;&nbsp;&nbsp;&nbsp;&nbsp;&nbsp;&nbsp;&nbsp;&nbsp;&nbsp;&nbsp;&nbsp;&nbsp;&nbsp;&nbsp;&nbsp;&nbsp;&nbsp;&nbsp;&nbsp;&nbsp;&nbsp;&nbsp;&nbsp;&nbsp;&nbsp;3 r. \u015bm.<\/p>\n","protected":false},"excerpt":{"rendered":"<p>V I&nbsp;&nbsp;&nbsp;N I E D Z I E L A&nbsp;&nbsp;&nbsp;Z W Y K \u0141 A&nbsp;(15.o2.2026r.) Dzi\u015b jest ostatnia niedziela przed <a class=\"read-more\" href=\"http:\/\/roczyny.duszpasterstwa.bielsko.pl\/?p=21418\">czytaj dalej<\/a><\/p>\n","protected":false},"author":2,"featured_media":21312,"comment_status":"closed","ping_status":"open","sticky":false,"template":"","format":"standard","meta":{"ngg_post_thumbnail":0,"footnotes":""},"categories":[12],"tags":[],"class_list":["post-21418","post","type-post","status-publish","format-standard","has-post-thumbnail","hentry","category-ogloszenia-parafialne","post-item clearfix"],"_links":{"self":[{"href":"http:\/\/roczyny.duszpasterstwa.bielsko.pl\/index.php?rest_route=\/wp\/v2\/posts\/21418"}],"collection":[{"href":"http:\/\/roczyny.duszpasterstwa.bielsko.pl\/index.php?rest_route=\/wp\/v2\/posts"}],"about":[{"href":"http:\/\/roczyny.duszpasterstwa.bielsko.pl\/index.php?rest_route=\/wp\/v2\/types\/post"}],"author":[{"embeddable":true,"href":"http:\/\/roczyny.duszpasterstwa.bielsko.pl\/index.php?rest_route=\/wp\/v2\/users\/2"}],"replies":[{"embeddable":true,"href":"http:\/\/roczyny.duszpasterstwa.bielsko.pl\/index.php?rest_route=%2Fwp%2Fv2%2Fcomments&post=21418"}],"version-history":[{"count":2,"href":"http:\/\/roczyny.duszpasterstwa.bielsko.pl\/index.php?rest_route=\/wp\/v2\/posts\/21418\/revisions"}],"predecessor-version":[{"id":21425,"href":"http:\/\/roczyny.duszpasterstwa.bielsko.pl\/index.php?rest_route=\/wp\/v2\/posts\/21418\/revisions\/21425"}],"wp:featuredmedia":[{"embeddable":true,"href":"http:\/\/roczyny.duszpasterstwa.bielsko.pl\/index.php?rest_route=\/wp\/v2\/media\/21312"}],"wp:attachment":[{"href":"http:\/\/roczyny.duszpasterstwa.bielsko.pl\/index.php?rest_route=%2Fwp%2Fv2%2Fmedia&parent=21418"}],"wp:term":[{"taxonomy":"category","embeddable":true,"href":"http:\/\/roczyny.duszpasterstwa.bielsko.pl\/index.php?rest_route=%2Fwp%2Fv2%2Fcategories&post=21418"},{"taxonomy":"post_tag","embeddable":true,"href":"http:\/\/roczyny.duszpasterstwa.bielsko.pl\/index.php?rest_route=%2Fwp%2Fv2%2Ftags&post=21418"}],"curies":[{"name":"wp","href":"https:\/\/api.w.org\/{rel}","templated":true}]}}