{"id":21415,"date":"2026-02-02T14:22:57","date_gmt":"2026-02-02T13:22:57","guid":{"rendered":"http:\/\/roczyny.duszpasterstwa.bielsko.pl\/?p=21415"},"modified":"2026-02-02T14:22:57","modified_gmt":"2026-02-02T13:22:57","slug":"ogloszenia-parafialne-v-niedziela-zwykla-3","status":"publish","type":"post","link":"http:\/\/roczyny.duszpasterstwa.bielsko.pl\/?p=21415","title":{"rendered":"OG\u0141OSZENIA PARAFIALNE &#8211; V NIEDZIELA ZWYK\u0141A&#8230;"},"content":{"rendered":"\n<p><strong><u>V&nbsp;&nbsp;&nbsp;&nbsp;N I E D Z I E L A&nbsp;&nbsp;&nbsp;&nbsp;Z W Y K \u0141 A&nbsp;&nbsp;&nbsp;<\/u><\/strong>(8.o2.2026r.)<\/p>\n\n\n\n<p>Wtorek&nbsp;&nbsp;wsp. \u015bw. Scholastyki<\/p>\n\n\n\n<p>\u015aroda wsp. NMP z Lourdes. W tym dniu przypada&nbsp;&nbsp;\u015awiatowy Dzie\u0144 Chorego. Modlimy si\u0119 za ludzi dotkni\u0119tych b\u00f3lem i cierpieniem. Polecamy Bogu wszystkich pracownik\u00f3w s\u0142u\u017cby zdrowia.<\/p>\n\n\n\n<p>Sobota \u015bwi\u0119to Cyryla, mnicha i Metodego bp. patron\u00f3w Europy<\/p>\n\n\n\n<p>W przysz\u0142\u0105 niedziel\u0119 15 lutego \u2013 ostatni\u0105 niedziel\u0119 przed tegorocznym okresem wielkiego postu rozpoczynamy tzw. Nabo\u017ce\u0144stwo czterdziestogodzinne przed \u015arod\u0105 Popielcow\u0105.<\/p>\n\n\n\n<p>Adoracja Naj\u015bw. Sakramentu po Mszy \u015bw. o godz.11.oo \u2013 zako\u0144czenie przed Msz\u0105 \u015bw. o godz.15.oo.<\/p>\n\n\n\n<p><strong><em>I N T E N C J E&nbsp;&nbsp;&nbsp;&nbsp;M S Z Y&nbsp;&nbsp;&nbsp;\u015a W.<\/em><\/strong><\/p>\n\n\n\n<p>Poniedzia\u0142ek(9)<\/p>\n\n\n\n<p>&nbsp;&nbsp;&nbsp;godz.7.oo&nbsp;&nbsp;&nbsp;&#8211; +Rudolfa Kramarczyk w 30-ty dzie\u0144 po \u015bmierci<\/p>\n\n\n\n<p>&nbsp;&nbsp;&nbsp;godz.17.oo&nbsp;&#8211; +Ryszarda Szymoch\u0119<\/p>\n\n\n\n<p>Wtorek(1o)<\/p>\n\n\n\n<p>&nbsp;&nbsp;&nbsp;godz.6.3o&nbsp;&nbsp;&nbsp;&#8211; +Zbigniewa Nalborczyka<\/p>\n\n\n\n<p>&nbsp;&nbsp;&nbsp;godz.17.oo&nbsp;&#8211; +Mieczys\u0142awa M\u0142ocek 2 r. \u015bm<\/p>\n\n\n\n<p>\u015aroda(11)<\/p>\n\n\n\n<p>&nbsp;&nbsp;&nbsp;godz.6.3o&nbsp;&nbsp;&nbsp;&#8211; +Piotra Kud\u0142acika<\/p>\n\n\n\n<p>&nbsp;&nbsp;&nbsp;godz.17.oo&nbsp;&#8211; +J\u00f3zefa Bizo\u0144 z synem Grzegorzem<\/p>\n\n\n\n<p>Czwartek(12)<\/p>\n\n\n\n<p>&nbsp;&nbsp;&nbsp;godz.6.3o&nbsp;&nbsp;&nbsp;&#8211; Za zmar\u0142ych z okresu rocznego naszej parafii<\/p>\n\n\n\n<p>&nbsp;&nbsp;&nbsp;godz.17.oo&nbsp;&#8211; +Iren\u0119 J\u00f3zefa z rodzicami<\/p>\n\n\n\n<p>Pi\u0105tek(13)<\/p>\n\n\n\n<p>&nbsp;&nbsp;&nbsp;godz.6.3o&nbsp;&nbsp;&nbsp;&#8211; +Helen\u0119 Zawarus<\/p>\n\n\n\n<p>&nbsp;&nbsp;&nbsp;godz.17.oo&nbsp;&#8211; +Halin\u0119 \u0141ata 20 r. \u015bm.<\/p>\n\n\n\n<p>Sobota(14)<\/p>\n\n\n\n<p>&nbsp;&nbsp;&nbsp;godz.6.3o&nbsp;&nbsp;&nbsp;&#8211; +Mari\u0119 Babi\u0144sk\u0105<\/p>\n\n\n\n<p>&nbsp;&nbsp;&nbsp;godz.17.oo&nbsp;&#8211; +Romana Walusiaka 12 r. \u015bm. z te\u015bciami i rodzicami od \u017cony&nbsp;<\/p>\n\n\n\n<p>&nbsp;&nbsp;&nbsp;&nbsp;&nbsp;&nbsp;&nbsp;&nbsp;&nbsp;&nbsp;&nbsp;&nbsp;&nbsp;&nbsp;&nbsp;&nbsp;&nbsp;&nbsp;&nbsp;&nbsp;&nbsp;&nbsp;&nbsp;&nbsp;&nbsp;&nbsp;&nbsp;z dzie\u0107mi.<\/p>\n\n\n\n<p>Niedziela(15)<\/p>\n\n\n\n<p>&nbsp;&nbsp;&nbsp;godz.7.oo&nbsp;&nbsp;&nbsp;&#8211; +J\u00f3zef Bizon z synem Grzegorzem od najbli\u017cszych<\/p>\n\n\n\n<p>&nbsp;&nbsp;&nbsp;godz.9.oo&nbsp;&nbsp;&nbsp;&#8211; +J\u00f3zefa Sordyl z bratem Kazimierzem ojcem Januszem<\/p>\n\n\n\n<p>&nbsp;&nbsp;&nbsp;&nbsp;&nbsp;&nbsp;&nbsp;&nbsp;&nbsp;&nbsp;&nbsp;&nbsp;&nbsp;&nbsp;&nbsp;&nbsp;&nbsp;&nbsp;&nbsp;&nbsp;&nbsp;&nbsp;&nbsp;&nbsp;&#8211; +Eugeniusza \u017bydek 5 r. \u015bm. z rodzicami<\/p>\n\n\n\n<p>&nbsp;&nbsp;&nbsp;godz.11.oo&nbsp;&#8211; +Helen\u0119 Ogieg\u0142o z 2 m\u0119\u017cami synemAlojzym synow\u0105 Janin\u0105<\/p>\n\n\n\n<p>&nbsp;&nbsp;&nbsp;godz.15.oo&nbsp;&#8211; +Mari\u0119 Pszcz\u00f3\u0142ka 10 r. \u015bm. z m\u0119\u017cem Stanis\u0142awem i rodzicami<\/p>\n","protected":false},"excerpt":{"rendered":"<p>V&nbsp;&nbsp;&nbsp;&nbsp;N I E D Z I E L A&nbsp;&nbsp;&nbsp;&nbsp;Z W Y K \u0141 A&nbsp;&nbsp;&nbsp;(8.o2.2026r.) Wtorek&nbsp;&nbsp;wsp. \u015bw. Scholastyki \u015aroda wsp. NMP <a class=\"read-more\" href=\"http:\/\/roczyny.duszpasterstwa.bielsko.pl\/?p=21415\">czytaj dalej<\/a><\/p>\n","protected":false},"author":2,"featured_media":21312,"comment_status":"closed","ping_status":"open","sticky":false,"template":"","format":"standard","meta":{"ngg_post_thumbnail":0,"footnotes":""},"categories":[12],"tags":[],"class_list":["post-21415","post","type-post","status-publish","format-standard","has-post-thumbnail","hentry","category-ogloszenia-parafialne","post-item clearfix"],"_links":{"self":[{"href":"http:\/\/roczyny.duszpasterstwa.bielsko.pl\/index.php?rest_route=\/wp\/v2\/posts\/21415"}],"collection":[{"href":"http:\/\/roczyny.duszpasterstwa.bielsko.pl\/index.php?rest_route=\/wp\/v2\/posts"}],"about":[{"href":"http:\/\/roczyny.duszpasterstwa.bielsko.pl\/index.php?rest_route=\/wp\/v2\/types\/post"}],"author":[{"embeddable":true,"href":"http:\/\/roczyny.duszpasterstwa.bielsko.pl\/index.php?rest_route=\/wp\/v2\/users\/2"}],"replies":[{"embeddable":true,"href":"http:\/\/roczyny.duszpasterstwa.bielsko.pl\/index.php?rest_route=%2Fwp%2Fv2%2Fcomments&post=21415"}],"version-history":[{"count":1,"href":"http:\/\/roczyny.duszpasterstwa.bielsko.pl\/index.php?rest_route=\/wp\/v2\/posts\/21415\/revisions"}],"predecessor-version":[{"id":21416,"href":"http:\/\/roczyny.duszpasterstwa.bielsko.pl\/index.php?rest_route=\/wp\/v2\/posts\/21415\/revisions\/21416"}],"wp:featuredmedia":[{"embeddable":true,"href":"http:\/\/roczyny.duszpasterstwa.bielsko.pl\/index.php?rest_route=\/wp\/v2\/media\/21312"}],"wp:attachment":[{"href":"http:\/\/roczyny.duszpasterstwa.bielsko.pl\/index.php?rest_route=%2Fwp%2Fv2%2Fmedia&parent=21415"}],"wp:term":[{"taxonomy":"category","embeddable":true,"href":"http:\/\/roczyny.duszpasterstwa.bielsko.pl\/index.php?rest_route=%2Fwp%2Fv2%2Fcategories&post=21415"},{"taxonomy":"post_tag","embeddable":true,"href":"http:\/\/roczyny.duszpasterstwa.bielsko.pl\/index.php?rest_route=%2Fwp%2Fv2%2Ftags&post=21415"}],"curies":[{"name":"wp","href":"https:\/\/api.w.org\/{rel}","templated":true}]}}