{"id":21391,"date":"2026-01-31T08:24:01","date_gmt":"2026-01-31T07:24:01","guid":{"rendered":"http:\/\/roczyny.duszpasterstwa.bielsko.pl\/?p=21391"},"modified":"2026-01-31T08:25:45","modified_gmt":"2026-01-31T07:25:45","slug":"mlodzi-nie-jestescie-sami-telefon-zaufania","status":"publish","type":"post","link":"http:\/\/roczyny.duszpasterstwa.bielsko.pl\/?p=21391","title":{"rendered":"M\u0141ODZI NIE JESTE\u015aCIE SAMI &#8211; TELEFON ZAUFANIA!"},"content":{"rendered":"\n<h2 class=\"wp-block-heading\">\ud83d\udcde M\u0142odzi, nie jeste\u015bcie sami! \ud83d\udee1\ufe0f<\/h2>\n\n\n\n<p>W naszej parafii zale\u017cy nam na Waszym dobru \u2013 nie tylko duchowym, ale i psychicznym. Wiemy, \u017ce szko\u0142a, relacje czy l\u0119k o przysz\u0142o\u015b\u0107 potrafi\u0105 przyt\u0142oczy\u0107. Je\u015bli czujesz, \u017ce tracisz grunt pod nogami, pami\u0119taj:&nbsp;<strong>pro\u015bba o pomoc to odwaga, nie wstyd.<\/strong><\/p>\n\n\n\n<p>Masz kogo\u015b, kto Ci\u0119 wys\u0142ucha bez oceniania.<\/p>\n\n\n\n<h3 class=\"wp-block-heading\">\u260e\ufe0f&nbsp;Telefon Zaufania M\u0142odych: 22 484 88 04<\/h3>\n\n\n\n<p>\ud83d\udc49&nbsp;<strong>Dla kogo?<\/strong>&nbsp;Dzieci, m\u0142odzie\u017c i doro\u015bli do 25. roku \u017cycia. \ud83d\udc49&nbsp;<strong>Kiedy?<\/strong>&nbsp;Codziennie (pon-nd) w godz. 13:00 \u2013 20:00.<\/p>\n\n\n\n<p><strong>W czym pomog\u0105 specjali\u015bci?<\/strong><\/p>\n\n\n\n<ul class=\"wp-block-list\">\n<li>Gdy czujesz smutek, kt\u00f3ry nie mija (objawy depresji).<\/li>\n\n\n\n<li>Gdy masz problemy w domu, szkole lub pracy.<\/li>\n\n\n\n<li>Gdy nie radzisz sobie z codzienno\u015bci\u0105 i potrzebujesz rozmowy.<\/li>\n\n\n\n<li><strong>Konsultacje psychologiczne sa darmowe (5 wizyt online)<\/strong><\/li>\n<\/ul>\n\n\n\n<p><strong>Dodatkowe wsparcie:<\/strong><\/p>\n\n\n\n<ul class=\"wp-block-list\">\n<li>\u2696\ufe0f Wtorki (17-20): Prawnik<\/li>\n\n\n\n<li>\ud83c\udf4e Czwartki (13-16): Terapeuta zaburze\u0144 od\u017cywiania<\/li>\n\n\n\n<li>\ud83d\udcbb Mo\u017cliwo\u015b\u0107 bezp\u0142atnych sesji wideo online (zapisy pod numerem telefonu).<\/li>\n<\/ul>\n\n\n\n<p>Podajcie t\u0119 informacj\u0119 dalej!&nbsp;Jeden telefon mo\u017ce zmieni\u0107 wszystko.&nbsp;\ud83d\udd4a\ufe0f<\/p>\n\n\n\n<p>#Parafia #M\u0142odzie\u017c #Wsparcie #TelefonZaufania #ZdrowiePsychiczne #NieJeste\u015bSam<\/p>\n\n\n\n<p>Materia\u0142y dzi\u0119ki \u017cyczliwo\u015bci Pani Karoliny Szpaderskiej<\/p>\n\n\n\n<figure class=\"wp-block-image size-large\"><a href=\"http:\/\/roczyny.duszpasterstwa.bielsko.pl\/wp-content\/uploads\/2026\/01\/PLAKAT_TZM-1-1-scaled.jpeg\"><img fetchpriority=\"high\" decoding=\"async\" width=\"724\" height=\"1024\" src=\"http:\/\/roczyny.duszpasterstwa.bielsko.pl\/wp-content\/uploads\/2026\/01\/PLAKAT_TZM-1-1-724x1024.jpeg\" alt=\"\" class=\"wp-image-21393\" srcset=\"http:\/\/roczyny.duszpasterstwa.bielsko.pl\/wp-content\/uploads\/2026\/01\/PLAKAT_TZM-1-1-724x1024.jpeg 724w, http:\/\/roczyny.duszpasterstwa.bielsko.pl\/wp-content\/uploads\/2026\/01\/PLAKAT_TZM-1-1-212x300.jpeg 212w, http:\/\/roczyny.duszpasterstwa.bielsko.pl\/wp-content\/uploads\/2026\/01\/PLAKAT_TZM-1-1-768x1086.jpeg 768w, http:\/\/roczyny.duszpasterstwa.bielsko.pl\/wp-content\/uploads\/2026\/01\/PLAKAT_TZM-1-1-1086x1536.jpeg 1086w, http:\/\/roczyny.duszpasterstwa.bielsko.pl\/wp-content\/uploads\/2026\/01\/PLAKAT_TZM-1-1-1448x2048.jpeg 1448w, http:\/\/roczyny.duszpasterstwa.bielsko.pl\/wp-content\/uploads\/2026\/01\/PLAKAT_TZM-1-1-200x283.jpeg 200w, http:\/\/roczyny.duszpasterstwa.bielsko.pl\/wp-content\/uploads\/2026\/01\/PLAKAT_TZM-1-1-690x976.jpeg 690w, http:\/\/roczyny.duszpasterstwa.bielsko.pl\/wp-content\/uploads\/2026\/01\/PLAKAT_TZM-1-1-scaled.jpeg 1811w\" sizes=\"(max-width: 724px) 100vw, 724px\" \/><\/a><\/figure>\n","protected":false},"excerpt":{"rendered":"<p>\ud83d\udcde M\u0142odzi, nie jeste\u015bcie sami! \ud83d\udee1\ufe0f W naszej parafii zale\u017cy nam na Waszym dobru \u2013 nie tylko duchowym, ale i <a class=\"read-more\" href=\"http:\/\/roczyny.duszpasterstwa.bielsko.pl\/?p=21391\">czytaj dalej<\/a><\/p>\n","protected":false},"author":2,"featured_media":21392,"comment_status":"closed","ping_status":"open","sticky":false,"template":"","format":"standard","meta":{"ngg_post_thumbnail":0,"footnotes":""},"categories":[15],"tags":[],"class_list":["post-21391","post","type-post","status-publish","format-standard","has-post-thumbnail","hentry","category-aktualnosci","post-item clearfix"],"_links":{"self":[{"href":"http:\/\/roczyny.duszpasterstwa.bielsko.pl\/index.php?rest_route=\/wp\/v2\/posts\/21391"}],"collection":[{"href":"http:\/\/roczyny.duszpasterstwa.bielsko.pl\/index.php?rest_route=\/wp\/v2\/posts"}],"about":[{"href":"http:\/\/roczyny.duszpasterstwa.bielsko.pl\/index.php?rest_route=\/wp\/v2\/types\/post"}],"author":[{"embeddable":true,"href":"http:\/\/roczyny.duszpasterstwa.bielsko.pl\/index.php?rest_route=\/wp\/v2\/users\/2"}],"replies":[{"embeddable":true,"href":"http:\/\/roczyny.duszpasterstwa.bielsko.pl\/index.php?rest_route=%2Fwp%2Fv2%2Fcomments&post=21391"}],"version-history":[{"count":3,"href":"http:\/\/roczyny.duszpasterstwa.bielsko.pl\/index.php?rest_route=\/wp\/v2\/posts\/21391\/revisions"}],"predecessor-version":[{"id":21396,"href":"http:\/\/roczyny.duszpasterstwa.bielsko.pl\/index.php?rest_route=\/wp\/v2\/posts\/21391\/revisions\/21396"}],"wp:featuredmedia":[{"embeddable":true,"href":"http:\/\/roczyny.duszpasterstwa.bielsko.pl\/index.php?rest_route=\/wp\/v2\/media\/21392"}],"wp:attachment":[{"href":"http:\/\/roczyny.duszpasterstwa.bielsko.pl\/index.php?rest_route=%2Fwp%2Fv2%2Fmedia&parent=21391"}],"wp:term":[{"taxonomy":"category","embeddable":true,"href":"http:\/\/roczyny.duszpasterstwa.bielsko.pl\/index.php?rest_route=%2Fwp%2Fv2%2Fcategories&post=21391"},{"taxonomy":"post_tag","embeddable":true,"href":"http:\/\/roczyny.duszpasterstwa.bielsko.pl\/index.php?rest_route=%2Fwp%2Fv2%2Ftags&post=21391"}],"curies":[{"name":"wp","href":"https:\/\/api.w.org\/{rel}","templated":true}]}}