{"id":21389,"date":"2026-01-31T08:17:52","date_gmt":"2026-01-31T07:17:52","guid":{"rendered":"http:\/\/roczyny.duszpasterstwa.bielsko.pl\/?p=21389"},"modified":"2026-01-31T08:17:52","modified_gmt":"2026-01-31T07:17:52","slug":"ogloszenia-parafialne-iv-niedziela-zwykla-2","status":"publish","type":"post","link":"http:\/\/roczyny.duszpasterstwa.bielsko.pl\/?p=21389","title":{"rendered":"OG\u0141OSZENIA PARAFIALNE &#8211; IV NIEDZIELA ZWYK\u0141A&#8230;"},"content":{"rendered":"\n<p><strong><u>I V&nbsp;&nbsp;&nbsp;&nbsp;N I E D Z I E L A&nbsp;&nbsp;&nbsp;&nbsp;Z W Y K \u0141 A<\/u><\/strong>&nbsp;&nbsp;(1.o2.2026r.)<\/p>\n\n\n\n<p>Dzi\u015b I-wsza niedziela miesi\u0105ca \u2013 po Mszy \u015bw. Adoracja Naj\u015bw. Sakramentu.<\/p>\n\n\n\n<p>Poniedzia\u0142ek 2 lutego \u015bwi\u0119to Ofiarowania Pa\u0144skiego (Matki Bo\u017cej Gromnicznej) Po\u015bwi\u0119cenie gromnic w czasie ka\u017cdej Mszy \u015bw.&nbsp;<\/p>\n\n\n\n<p>Msze \u015bw. o godz.7.oo; 9.oo; 17.oo.<\/p>\n\n\n\n<p>Czwartek \u2013 wsp. \u015bw. Agaty dz. i m.<\/p>\n\n\n\n<p>Pi\u0105tek&nbsp;&nbsp;&nbsp;&nbsp;&nbsp;&nbsp;&nbsp;&#8211; wsp. \u015bw. M\u0119czennik\u00f3w Paw\u0142a Miki i Towarzyszy<\/p>\n\n\n\n<p>W tym tygodniu I-wszy czwartek i I-wszy pi\u0105tek miesi\u0105ca<\/p>\n\n\n\n<p><strong><em>I N T E N C J E&nbsp;&nbsp;&nbsp;M S Z Y&nbsp;&nbsp;&nbsp;\u015a W.<\/em><\/strong><\/p>\n\n\n\n<p>Poniedzia\u0142ek(2)<\/p>\n\n\n\n<p>&nbsp;&nbsp;&nbsp;godz.7.oo&nbsp;&nbsp;&nbsp;&#8211; +Zofi\u0119 30 r. \u015bm. z m\u0119\u017cem Franciszkiem siostr\u0105 Teres\u0105<\/p>\n\n\n\n<p>&nbsp;&nbsp;&nbsp;godz.9.oo&nbsp;&nbsp;&nbsp;&#8211; Dzi\u0119kczynna za powo\u0142anie siostry Miriam i o b\u0142. Bo\u017ce i opiek\u0119&nbsp;<\/p>\n\n\n\n<p>&nbsp;&nbsp;&nbsp;&nbsp;&nbsp;&nbsp;&nbsp;&nbsp;&nbsp;&nbsp;&nbsp;&nbsp;&nbsp;&nbsp;&nbsp;&nbsp;&nbsp;&nbsp;&nbsp;&nbsp;&nbsp;&nbsp;&nbsp;&nbsp;&nbsp;&nbsp;Matki Bo\u017cej na dalsze lata od najbli\u017cszych<\/p>\n\n\n\n<p>&nbsp;&nbsp;&nbsp;godz.17.oo&nbsp;&#8211; +Helen\u0119 Ry\u0142ko 13 r. \u015bm. z m\u0119\u017cem J\u00f3zefem synem Stanis\u0142awem<\/p>\n\n\n\n<p>Wtorek(3)<\/p>\n\n\n\n<p>&nbsp;&nbsp;&nbsp;godz.6.3o&nbsp;&nbsp;&nbsp;&#8211; +W\u0142adys\u0142awa Hatal\u0119 w 30-ty dzie\u0144 po \u015bmierci<\/p>\n\n\n\n<p>&nbsp;&nbsp;&nbsp;godz.17.oo&nbsp;&#8211; +Leokadi\u0119 Nalborczyk 3 r. \u015bm od m\u0119\u017ca z rodzin\u0105<\/p>\n\n\n\n<p>\u015aroda(4)<\/p>\n\n\n\n<p>&nbsp;&nbsp;&nbsp;godz.6.3o&nbsp;&nbsp;&nbsp;&#8211; +Tadeusza Szotanka 5 r. \u015bm. z rodzicami<\/p>\n\n\n\n<p>&nbsp;&nbsp;&nbsp;godz.17.oo&nbsp;&#8211; +Ludwik\u0119 Talar z m\u0119\u017cem Franciszkiem.<\/p>\n\n\n\n<p>Czwartek(5)<\/p>\n\n\n\n<p>&nbsp;&nbsp;&nbsp;godz.6.3o&nbsp;&nbsp;&nbsp;&#8211; Za dusze wypominane (WYPOMINKI)<\/p>\n\n\n\n<p>&nbsp;&nbsp;&nbsp;godz.17.oo&nbsp;&#8211; +Helen\u0119 Sordyl z m\u0119\u017cem c\u00f3rk\u0105 i synem<\/p>\n\n\n\n<p>Pi\u0105tek(6)<\/p>\n\n\n\n<p>&nbsp;&nbsp;&nbsp;godz.6.3o&nbsp;&nbsp;&nbsp;&#8211; +W\u0142adys\u0142awa \u017bydek<\/p>\n\n\n\n<p>&nbsp;&nbsp;&nbsp;godz.17.oo&nbsp;&#8211; +Mari\u0119 Ma\u0142ysa<\/p>\n\n\n\n<p>Sobota(7)<\/p>\n\n\n\n<p>&nbsp;&nbsp;&nbsp;godz.6.3o&nbsp;&nbsp;&nbsp;&#8211; +Zbigniewa Nalborczyk<\/p>\n\n\n\n<p>&nbsp;&nbsp;&nbsp;godz.17.oo&nbsp;&#8211; +Kazimierza Kud\u0142acika 16 r. \u015bm. z \u017con\u0105 El\u017cbiet\u0105<\/p>\n\n\n\n<p>Niedziela(8)<\/p>\n\n\n\n<p>&nbsp;&nbsp;&nbsp;godz.7.oo&nbsp;&nbsp;&nbsp;&#8211; W int. El\u017cbiety i Tadeusza w 35 r. \u015blubu<\/p>\n\n\n\n<p>&nbsp;&nbsp;&nbsp;godz.9.oo&nbsp;&nbsp;&nbsp;&nbsp;&#8211; +J\u00f3zefa \u0141yso\u0144 z \u017con\u0105 Janin\u0105 i rodzicami<\/p>\n\n\n\n<p>&nbsp;&nbsp;&nbsp;godz.11.oo&nbsp;&#8211; +Alojz\u0119 Matejko 6 r. \u015bm.<\/p>\n\n\n\n<p>&nbsp;&nbsp;&nbsp;godz.15.oo&nbsp;\u2013 W int. Doroty w 60-t\u0105 urodzin z pro\u015bb\u0105 o zdrowie i b\u0142. Bo\u017ce<\/p>\n","protected":false},"excerpt":{"rendered":"<p>I V&nbsp;&nbsp;&nbsp;&nbsp;N I E D Z I E L A&nbsp;&nbsp;&nbsp;&nbsp;Z W Y K \u0141 A&nbsp;&nbsp;(1.o2.2026r.) Dzi\u015b I-wsza niedziela miesi\u0105ca \u2013 <a class=\"read-more\" href=\"http:\/\/roczyny.duszpasterstwa.bielsko.pl\/?p=21389\">czytaj dalej<\/a><\/p>\n","protected":false},"author":2,"featured_media":21312,"comment_status":"closed","ping_status":"open","sticky":false,"template":"","format":"standard","meta":{"ngg_post_thumbnail":0,"footnotes":""},"categories":[12],"tags":[],"class_list":["post-21389","post","type-post","status-publish","format-standard","has-post-thumbnail","hentry","category-ogloszenia-parafialne","post-item clearfix"],"_links":{"self":[{"href":"http:\/\/roczyny.duszpasterstwa.bielsko.pl\/index.php?rest_route=\/wp\/v2\/posts\/21389"}],"collection":[{"href":"http:\/\/roczyny.duszpasterstwa.bielsko.pl\/index.php?rest_route=\/wp\/v2\/posts"}],"about":[{"href":"http:\/\/roczyny.duszpasterstwa.bielsko.pl\/index.php?rest_route=\/wp\/v2\/types\/post"}],"author":[{"embeddable":true,"href":"http:\/\/roczyny.duszpasterstwa.bielsko.pl\/index.php?rest_route=\/wp\/v2\/users\/2"}],"replies":[{"embeddable":true,"href":"http:\/\/roczyny.duszpasterstwa.bielsko.pl\/index.php?rest_route=%2Fwp%2Fv2%2Fcomments&post=21389"}],"version-history":[{"count":1,"href":"http:\/\/roczyny.duszpasterstwa.bielsko.pl\/index.php?rest_route=\/wp\/v2\/posts\/21389\/revisions"}],"predecessor-version":[{"id":21390,"href":"http:\/\/roczyny.duszpasterstwa.bielsko.pl\/index.php?rest_route=\/wp\/v2\/posts\/21389\/revisions\/21390"}],"wp:featuredmedia":[{"embeddable":true,"href":"http:\/\/roczyny.duszpasterstwa.bielsko.pl\/index.php?rest_route=\/wp\/v2\/media\/21312"}],"wp:attachment":[{"href":"http:\/\/roczyny.duszpasterstwa.bielsko.pl\/index.php?rest_route=%2Fwp%2Fv2%2Fmedia&parent=21389"}],"wp:term":[{"taxonomy":"category","embeddable":true,"href":"http:\/\/roczyny.duszpasterstwa.bielsko.pl\/index.php?rest_route=%2Fwp%2Fv2%2Fcategories&post=21389"},{"taxonomy":"post_tag","embeddable":true,"href":"http:\/\/roczyny.duszpasterstwa.bielsko.pl\/index.php?rest_route=%2Fwp%2Fv2%2Ftags&post=21389"}],"curies":[{"name":"wp","href":"https:\/\/api.w.org\/{rel}","templated":true}]}}