{"id":21348,"date":"2026-01-28T12:54:44","date_gmt":"2026-01-28T11:54:44","guid":{"rendered":"http:\/\/roczyny.duszpasterstwa.bielsko.pl\/?p=21348"},"modified":"2026-01-28T12:54:44","modified_gmt":"2026-01-28T11:54:44","slug":"14-dniowapielgrzymka-do-maroka","status":"publish","type":"post","link":"http:\/\/roczyny.duszpasterstwa.bielsko.pl\/?p=21348","title":{"rendered":"14 DNIOWAPIELGRZYMKA DO MAROKA&#8230;"},"content":{"rendered":"\n<p>Zaprzyja\u017anione BIURO PIELGRZYMKOWE SANTIAGO TOURS&amp;TRAVEL zaprasza na wakacyjn\u0105 PIELGRZYMKO-WYCIECZK\u0118 DO MAROKA&#8230;<\/p>\n\n\n\n<figure class=\"wp-block-gallery has-nested-images columns-default is-cropped wp-block-gallery-1 is-layout-flex wp-block-gallery-is-layout-flex\">\n<figure class=\"wp-block-image size-large\"><a href=\"http:\/\/roczyny.duszpasterstwa.bielsko.pl\/wp-content\/uploads\/2026\/01\/1e6ea9b9-6c8e-480f-8ba4-ee08b029e116.jpeg\"><img fetchpriority=\"high\" decoding=\"async\" width=\"724\" height=\"1024\" data-id=\"21349\" src=\"http:\/\/roczyny.duszpasterstwa.bielsko.pl\/wp-content\/uploads\/2026\/01\/1e6ea9b9-6c8e-480f-8ba4-ee08b029e116-724x1024.jpeg\" alt=\"\" class=\"wp-image-21349\" srcset=\"http:\/\/roczyny.duszpasterstwa.bielsko.pl\/wp-content\/uploads\/2026\/01\/1e6ea9b9-6c8e-480f-8ba4-ee08b029e116-724x1024.jpeg 724w, http:\/\/roczyny.duszpasterstwa.bielsko.pl\/wp-content\/uploads\/2026\/01\/1e6ea9b9-6c8e-480f-8ba4-ee08b029e116-212x300.jpeg 212w, http:\/\/roczyny.duszpasterstwa.bielsko.pl\/wp-content\/uploads\/2026\/01\/1e6ea9b9-6c8e-480f-8ba4-ee08b029e116-768x1086.jpeg 768w, http:\/\/roczyny.duszpasterstwa.bielsko.pl\/wp-content\/uploads\/2026\/01\/1e6ea9b9-6c8e-480f-8ba4-ee08b029e116-1086x1536.jpeg 1086w, http:\/\/roczyny.duszpasterstwa.bielsko.pl\/wp-content\/uploads\/2026\/01\/1e6ea9b9-6c8e-480f-8ba4-ee08b029e116-200x283.jpeg 200w, http:\/\/roczyny.duszpasterstwa.bielsko.pl\/wp-content\/uploads\/2026\/01\/1e6ea9b9-6c8e-480f-8ba4-ee08b029e116-690x976.jpeg 690w, http:\/\/roczyny.duszpasterstwa.bielsko.pl\/wp-content\/uploads\/2026\/01\/1e6ea9b9-6c8e-480f-8ba4-ee08b029e116.jpeg 1131w\" sizes=\"(max-width: 724px) 100vw, 724px\" \/><\/a><\/figure>\n\n\n\n<figure class=\"wp-block-image size-large\"><a href=\"http:\/\/roczyny.duszpasterstwa.bielsko.pl\/wp-content\/uploads\/2026\/01\/dc1528f8-1c6f-4444-a750-0d336802b08e.jpeg\"><img decoding=\"async\" width=\"724\" height=\"1024\" data-id=\"21351\" src=\"http:\/\/roczyny.duszpasterstwa.bielsko.pl\/wp-content\/uploads\/2026\/01\/dc1528f8-1c6f-4444-a750-0d336802b08e-724x1024.jpeg\" alt=\"\" class=\"wp-image-21351\" srcset=\"http:\/\/roczyny.duszpasterstwa.bielsko.pl\/wp-content\/uploads\/2026\/01\/dc1528f8-1c6f-4444-a750-0d336802b08e-724x1024.jpeg 724w, http:\/\/roczyny.duszpasterstwa.bielsko.pl\/wp-content\/uploads\/2026\/01\/dc1528f8-1c6f-4444-a750-0d336802b08e-212x300.jpeg 212w, http:\/\/roczyny.duszpasterstwa.bielsko.pl\/wp-content\/uploads\/2026\/01\/dc1528f8-1c6f-4444-a750-0d336802b08e-768x1086.jpeg 768w, http:\/\/roczyny.duszpasterstwa.bielsko.pl\/wp-content\/uploads\/2026\/01\/dc1528f8-1c6f-4444-a750-0d336802b08e-1086x1536.jpeg 1086w, http:\/\/roczyny.duszpasterstwa.bielsko.pl\/wp-content\/uploads\/2026\/01\/dc1528f8-1c6f-4444-a750-0d336802b08e-200x283.jpeg 200w, http:\/\/roczyny.duszpasterstwa.bielsko.pl\/wp-content\/uploads\/2026\/01\/dc1528f8-1c6f-4444-a750-0d336802b08e-690x976.jpeg 690w, http:\/\/roczyny.duszpasterstwa.bielsko.pl\/wp-content\/uploads\/2026\/01\/dc1528f8-1c6f-4444-a750-0d336802b08e.jpeg 1131w\" sizes=\"(max-width: 724px) 100vw, 724px\" \/><\/a><\/figure>\n\n\n\n<figure class=\"wp-block-image size-large\"><a href=\"http:\/\/roczyny.duszpasterstwa.bielsko.pl\/wp-content\/uploads\/2026\/01\/36ccaeda-2ad8-48d7-adac-b7597f10a7d4.jpeg\"><img decoding=\"async\" width=\"724\" height=\"1024\" data-id=\"21353\" src=\"http:\/\/roczyny.duszpasterstwa.bielsko.pl\/wp-content\/uploads\/2026\/01\/36ccaeda-2ad8-48d7-adac-b7597f10a7d4-724x1024.jpeg\" alt=\"\" class=\"wp-image-21353\" srcset=\"http:\/\/roczyny.duszpasterstwa.bielsko.pl\/wp-content\/uploads\/2026\/01\/36ccaeda-2ad8-48d7-adac-b7597f10a7d4-724x1024.jpeg 724w, http:\/\/roczyny.duszpasterstwa.bielsko.pl\/wp-content\/uploads\/2026\/01\/36ccaeda-2ad8-48d7-adac-b7597f10a7d4-212x300.jpeg 212w, http:\/\/roczyny.duszpasterstwa.bielsko.pl\/wp-content\/uploads\/2026\/01\/36ccaeda-2ad8-48d7-adac-b7597f10a7d4-768x1086.jpeg 768w, http:\/\/roczyny.duszpasterstwa.bielsko.pl\/wp-content\/uploads\/2026\/01\/36ccaeda-2ad8-48d7-adac-b7597f10a7d4-1086x1536.jpeg 1086w, http:\/\/roczyny.duszpasterstwa.bielsko.pl\/wp-content\/uploads\/2026\/01\/36ccaeda-2ad8-48d7-adac-b7597f10a7d4-200x283.jpeg 200w, http:\/\/roczyny.duszpasterstwa.bielsko.pl\/wp-content\/uploads\/2026\/01\/36ccaeda-2ad8-48d7-adac-b7597f10a7d4-690x976.jpeg 690w, http:\/\/roczyny.duszpasterstwa.bielsko.pl\/wp-content\/uploads\/2026\/01\/36ccaeda-2ad8-48d7-adac-b7597f10a7d4.jpeg 1131w\" sizes=\"(max-width: 724px) 100vw, 724px\" \/><\/a><\/figure>\n\n\n\n<figure class=\"wp-block-image size-large\"><a href=\"http:\/\/roczyny.duszpasterstwa.bielsko.pl\/wp-content\/uploads\/2026\/01\/da63be15-33b8-4360-a88f-2141ee73811b.jpeg\"><img loading=\"lazy\" decoding=\"async\" width=\"724\" height=\"1024\" data-id=\"21352\" src=\"http:\/\/roczyny.duszpasterstwa.bielsko.pl\/wp-content\/uploads\/2026\/01\/da63be15-33b8-4360-a88f-2141ee73811b-724x1024.jpeg\" alt=\"\" class=\"wp-image-21352\" srcset=\"http:\/\/roczyny.duszpasterstwa.bielsko.pl\/wp-content\/uploads\/2026\/01\/da63be15-33b8-4360-a88f-2141ee73811b-724x1024.jpeg 724w, http:\/\/roczyny.duszpasterstwa.bielsko.pl\/wp-content\/uploads\/2026\/01\/da63be15-33b8-4360-a88f-2141ee73811b-212x300.jpeg 212w, http:\/\/roczyny.duszpasterstwa.bielsko.pl\/wp-content\/uploads\/2026\/01\/da63be15-33b8-4360-a88f-2141ee73811b-768x1086.jpeg 768w, http:\/\/roczyny.duszpasterstwa.bielsko.pl\/wp-content\/uploads\/2026\/01\/da63be15-33b8-4360-a88f-2141ee73811b-1086x1536.jpeg 1086w, http:\/\/roczyny.duszpasterstwa.bielsko.pl\/wp-content\/uploads\/2026\/01\/da63be15-33b8-4360-a88f-2141ee73811b-200x283.jpeg 200w, http:\/\/roczyny.duszpasterstwa.bielsko.pl\/wp-content\/uploads\/2026\/01\/da63be15-33b8-4360-a88f-2141ee73811b-690x976.jpeg 690w, http:\/\/roczyny.duszpasterstwa.bielsko.pl\/wp-content\/uploads\/2026\/01\/da63be15-33b8-4360-a88f-2141ee73811b.jpeg 1131w\" sizes=\"(max-width: 724px) 100vw, 724px\" \/><\/a><\/figure>\n\n\n\n<figure class=\"wp-block-image size-large\"><a href=\"http:\/\/roczyny.duszpasterstwa.bielsko.pl\/wp-content\/uploads\/2026\/01\/c9a1d530-b7ef-4e30-93a8-6b33d466b9d1.jpeg\"><img loading=\"lazy\" decoding=\"async\" width=\"724\" height=\"1024\" data-id=\"21350\" src=\"http:\/\/roczyny.duszpasterstwa.bielsko.pl\/wp-content\/uploads\/2026\/01\/c9a1d530-b7ef-4e30-93a8-6b33d466b9d1-724x1024.jpeg\" alt=\"\" class=\"wp-image-21350\" srcset=\"http:\/\/roczyny.duszpasterstwa.bielsko.pl\/wp-content\/uploads\/2026\/01\/c9a1d530-b7ef-4e30-93a8-6b33d466b9d1-724x1024.jpeg 724w, http:\/\/roczyny.duszpasterstwa.bielsko.pl\/wp-content\/uploads\/2026\/01\/c9a1d530-b7ef-4e30-93a8-6b33d466b9d1-212x300.jpeg 212w, http:\/\/roczyny.duszpasterstwa.bielsko.pl\/wp-content\/uploads\/2026\/01\/c9a1d530-b7ef-4e30-93a8-6b33d466b9d1-768x1086.jpeg 768w, http:\/\/roczyny.duszpasterstwa.bielsko.pl\/wp-content\/uploads\/2026\/01\/c9a1d530-b7ef-4e30-93a8-6b33d466b9d1-1086x1536.jpeg 1086w, http:\/\/roczyny.duszpasterstwa.bielsko.pl\/wp-content\/uploads\/2026\/01\/c9a1d530-b7ef-4e30-93a8-6b33d466b9d1-200x283.jpeg 200w, http:\/\/roczyny.duszpasterstwa.bielsko.pl\/wp-content\/uploads\/2026\/01\/c9a1d530-b7ef-4e30-93a8-6b33d466b9d1-690x976.jpeg 690w, http:\/\/roczyny.duszpasterstwa.bielsko.pl\/wp-content\/uploads\/2026\/01\/c9a1d530-b7ef-4e30-93a8-6b33d466b9d1.jpeg 1131w\" sizes=\"(max-width: 724px) 100vw, 724px\" \/><\/a><\/figure>\n<\/figure>\n","protected":false},"excerpt":{"rendered":"<p>Zaprzyja\u017anione BIURO PIELGRZYMKOWE SANTIAGO TOURS&amp;TRAVEL zaprasza na wakacyjn\u0105 PIELGRZYMKO-WYCIECZK\u0118 DO MAROKA&#8230;<\/p>\n","protected":false},"author":2,"featured_media":21354,"comment_status":"closed","ping_status":"open","sticky":false,"template":"","format":"standard","meta":{"ngg_post_thumbnail":0,"footnotes":""},"categories":[15],"tags":[],"class_list":["post-21348","post","type-post","status-publish","format-standard","has-post-thumbnail","hentry","category-aktualnosci","post-item clearfix"],"_links":{"self":[{"href":"http:\/\/roczyny.duszpasterstwa.bielsko.pl\/index.php?rest_route=\/wp\/v2\/posts\/21348"}],"collection":[{"href":"http:\/\/roczyny.duszpasterstwa.bielsko.pl\/index.php?rest_route=\/wp\/v2\/posts"}],"about":[{"href":"http:\/\/roczyny.duszpasterstwa.bielsko.pl\/index.php?rest_route=\/wp\/v2\/types\/post"}],"author":[{"embeddable":true,"href":"http:\/\/roczyny.duszpasterstwa.bielsko.pl\/index.php?rest_route=\/wp\/v2\/users\/2"}],"replies":[{"embeddable":true,"href":"http:\/\/roczyny.duszpasterstwa.bielsko.pl\/index.php?rest_route=%2Fwp%2Fv2%2Fcomments&post=21348"}],"version-history":[{"count":1,"href":"http:\/\/roczyny.duszpasterstwa.bielsko.pl\/index.php?rest_route=\/wp\/v2\/posts\/21348\/revisions"}],"predecessor-version":[{"id":21355,"href":"http:\/\/roczyny.duszpasterstwa.bielsko.pl\/index.php?rest_route=\/wp\/v2\/posts\/21348\/revisions\/21355"}],"wp:featuredmedia":[{"embeddable":true,"href":"http:\/\/roczyny.duszpasterstwa.bielsko.pl\/index.php?rest_route=\/wp\/v2\/media\/21354"}],"wp:attachment":[{"href":"http:\/\/roczyny.duszpasterstwa.bielsko.pl\/index.php?rest_route=%2Fwp%2Fv2%2Fmedia&parent=21348"}],"wp:term":[{"taxonomy":"category","embeddable":true,"href":"http:\/\/roczyny.duszpasterstwa.bielsko.pl\/index.php?rest_route=%2Fwp%2Fv2%2Fcategories&post=21348"},{"taxonomy":"post_tag","embeddable":true,"href":"http:\/\/roczyny.duszpasterstwa.bielsko.pl\/index.php?rest_route=%2Fwp%2Fv2%2Ftags&post=21348"}],"curies":[{"name":"wp","href":"https:\/\/api.w.org\/{rel}","templated":true}]}}