{"id":20882,"date":"2025-11-29T13:44:05","date_gmt":"2025-11-29T12:44:05","guid":{"rendered":"http:\/\/roczyny.duszpasterstwa.bielsko.pl\/?p=20882"},"modified":"2025-11-29T13:44:05","modified_gmt":"2025-11-29T12:44:05","slug":"przygotowania-do-adwentu","status":"publish","type":"post","link":"http:\/\/roczyny.duszpasterstwa.bielsko.pl\/?p=20882","title":{"rendered":"PRZYGOTOWANIA DO ADWENTU&#8230;"},"content":{"rendered":"\n<p>Przygotowania do ADWENTU a szczeg\u00f3lnie do RORAT trwaj\u0105&#8230;<\/p>\n\n\n\n<p>Pomocnicy roratni Pan Wojciech z Panem Tomkiem, Pan Krzysztof &#8211; nie zabrak\u0142o naszego ministranta J\u00f3zefa&#8230; Dekoracje &#8211; Papie\u017c LEON XIV &#8211; ma\u0142y LEO&#8230; Peru&#8230; Ameryka&#8230;Watykan&#8230;<\/p>\n\n\n\n<p>Ju\u017c zapraszam&#8230;<\/p>\n\n\n\n<figure class=\"wp-block-gallery has-nested-images columns-default is-cropped wp-block-gallery-1 is-layout-flex wp-block-gallery-is-layout-flex\">\n<figure class=\"wp-block-image size-large\"><a href=\"http:\/\/roczyny.duszpasterstwa.bielsko.pl\/wp-content\/uploads\/2025\/11\/IMG_2360-scaled.jpeg\"><img fetchpriority=\"high\" decoding=\"async\" width=\"1024\" height=\"768\" data-id=\"20883\" src=\"http:\/\/roczyny.duszpasterstwa.bielsko.pl\/wp-content\/uploads\/2025\/11\/IMG_2360-1024x768.jpeg\" alt=\"\" class=\"wp-image-20883\" srcset=\"http:\/\/roczyny.duszpasterstwa.bielsko.pl\/wp-content\/uploads\/2025\/11\/IMG_2360-1024x768.jpeg 1024w, http:\/\/roczyny.duszpasterstwa.bielsko.pl\/wp-content\/uploads\/2025\/11\/IMG_2360-300x225.jpeg 300w, http:\/\/roczyny.duszpasterstwa.bielsko.pl\/wp-content\/uploads\/2025\/11\/IMG_2360-768x576.jpeg 768w, http:\/\/roczyny.duszpasterstwa.bielsko.pl\/wp-content\/uploads\/2025\/11\/IMG_2360-1536x1152.jpeg 1536w, http:\/\/roczyny.duszpasterstwa.bielsko.pl\/wp-content\/uploads\/2025\/11\/IMG_2360-2048x1536.jpeg 2048w, http:\/\/roczyny.duszpasterstwa.bielsko.pl\/wp-content\/uploads\/2025\/11\/IMG_2360-200x150.jpeg 200w, http:\/\/roczyny.duszpasterstwa.bielsko.pl\/wp-content\/uploads\/2025\/11\/IMG_2360-690x518.jpeg 690w\" sizes=\"(max-width: 1024px) 100vw, 1024px\" \/><\/a><\/figure>\n\n\n\n<figure class=\"wp-block-image size-large\"><a href=\"http:\/\/roczyny.duszpasterstwa.bielsko.pl\/wp-content\/uploads\/2025\/11\/IMG_2361-scaled.jpeg\"><img decoding=\"async\" width=\"1024\" height=\"768\" data-id=\"20884\" src=\"http:\/\/roczyny.duszpasterstwa.bielsko.pl\/wp-content\/uploads\/2025\/11\/IMG_2361-1024x768.jpeg\" alt=\"\" class=\"wp-image-20884\" srcset=\"http:\/\/roczyny.duszpasterstwa.bielsko.pl\/wp-content\/uploads\/2025\/11\/IMG_2361-1024x768.jpeg 1024w, http:\/\/roczyny.duszpasterstwa.bielsko.pl\/wp-content\/uploads\/2025\/11\/IMG_2361-300x225.jpeg 300w, http:\/\/roczyny.duszpasterstwa.bielsko.pl\/wp-content\/uploads\/2025\/11\/IMG_2361-768x576.jpeg 768w, http:\/\/roczyny.duszpasterstwa.bielsko.pl\/wp-content\/uploads\/2025\/11\/IMG_2361-1536x1152.jpeg 1536w, http:\/\/roczyny.duszpasterstwa.bielsko.pl\/wp-content\/uploads\/2025\/11\/IMG_2361-2048x1536.jpeg 2048w, http:\/\/roczyny.duszpasterstwa.bielsko.pl\/wp-content\/uploads\/2025\/11\/IMG_2361-200x150.jpeg 200w, http:\/\/roczyny.duszpasterstwa.bielsko.pl\/wp-content\/uploads\/2025\/11\/IMG_2361-690x518.jpeg 690w\" sizes=\"(max-width: 1024px) 100vw, 1024px\" \/><\/a><\/figure>\n\n\n\n<figure class=\"wp-block-image size-large\"><a href=\"http:\/\/roczyny.duszpasterstwa.bielsko.pl\/wp-content\/uploads\/2025\/11\/IMG_2362-scaled.jpeg\"><img decoding=\"async\" width=\"1024\" height=\"768\" data-id=\"20885\" src=\"http:\/\/roczyny.duszpasterstwa.bielsko.pl\/wp-content\/uploads\/2025\/11\/IMG_2362-1024x768.jpeg\" alt=\"\" class=\"wp-image-20885\" srcset=\"http:\/\/roczyny.duszpasterstwa.bielsko.pl\/wp-content\/uploads\/2025\/11\/IMG_2362-1024x768.jpeg 1024w, http:\/\/roczyny.duszpasterstwa.bielsko.pl\/wp-content\/uploads\/2025\/11\/IMG_2362-300x225.jpeg 300w, http:\/\/roczyny.duszpasterstwa.bielsko.pl\/wp-content\/uploads\/2025\/11\/IMG_2362-768x576.jpeg 768w, http:\/\/roczyny.duszpasterstwa.bielsko.pl\/wp-content\/uploads\/2025\/11\/IMG_2362-1536x1152.jpeg 1536w, http:\/\/roczyny.duszpasterstwa.bielsko.pl\/wp-content\/uploads\/2025\/11\/IMG_2362-2048x1536.jpeg 2048w, http:\/\/roczyny.duszpasterstwa.bielsko.pl\/wp-content\/uploads\/2025\/11\/IMG_2362-200x150.jpeg 200w, http:\/\/roczyny.duszpasterstwa.bielsko.pl\/wp-content\/uploads\/2025\/11\/IMG_2362-690x518.jpeg 690w\" sizes=\"(max-width: 1024px) 100vw, 1024px\" \/><\/a><\/figure>\n\n\n\n<figure class=\"wp-block-image size-large\"><a href=\"http:\/\/roczyny.duszpasterstwa.bielsko.pl\/wp-content\/uploads\/2025\/11\/IMG_2363-scaled.jpeg\"><img loading=\"lazy\" decoding=\"async\" width=\"1024\" height=\"768\" data-id=\"20886\" src=\"http:\/\/roczyny.duszpasterstwa.bielsko.pl\/wp-content\/uploads\/2025\/11\/IMG_2363-1024x768.jpeg\" alt=\"\" class=\"wp-image-20886\" srcset=\"http:\/\/roczyny.duszpasterstwa.bielsko.pl\/wp-content\/uploads\/2025\/11\/IMG_2363-1024x768.jpeg 1024w, http:\/\/roczyny.duszpasterstwa.bielsko.pl\/wp-content\/uploads\/2025\/11\/IMG_2363-300x225.jpeg 300w, http:\/\/roczyny.duszpasterstwa.bielsko.pl\/wp-content\/uploads\/2025\/11\/IMG_2363-768x576.jpeg 768w, http:\/\/roczyny.duszpasterstwa.bielsko.pl\/wp-content\/uploads\/2025\/11\/IMG_2363-1536x1152.jpeg 1536w, http:\/\/roczyny.duszpasterstwa.bielsko.pl\/wp-content\/uploads\/2025\/11\/IMG_2363-2048x1536.jpeg 2048w, http:\/\/roczyny.duszpasterstwa.bielsko.pl\/wp-content\/uploads\/2025\/11\/IMG_2363-200x150.jpeg 200w, http:\/\/roczyny.duszpasterstwa.bielsko.pl\/wp-content\/uploads\/2025\/11\/IMG_2363-690x518.jpeg 690w\" sizes=\"(max-width: 1024px) 100vw, 1024px\" \/><\/a><\/figure>\n\n\n\n<figure class=\"wp-block-image size-large\"><a href=\"http:\/\/roczyny.duszpasterstwa.bielsko.pl\/wp-content\/uploads\/2025\/11\/IMG_2364-scaled.jpeg\"><img loading=\"lazy\" decoding=\"async\" width=\"1024\" height=\"768\" data-id=\"20887\" src=\"http:\/\/roczyny.duszpasterstwa.bielsko.pl\/wp-content\/uploads\/2025\/11\/IMG_2364-1024x768.jpeg\" alt=\"\" class=\"wp-image-20887\" srcset=\"http:\/\/roczyny.duszpasterstwa.bielsko.pl\/wp-content\/uploads\/2025\/11\/IMG_2364-1024x768.jpeg 1024w, http:\/\/roczyny.duszpasterstwa.bielsko.pl\/wp-content\/uploads\/2025\/11\/IMG_2364-300x225.jpeg 300w, http:\/\/roczyny.duszpasterstwa.bielsko.pl\/wp-content\/uploads\/2025\/11\/IMG_2364-768x576.jpeg 768w, http:\/\/roczyny.duszpasterstwa.bielsko.pl\/wp-content\/uploads\/2025\/11\/IMG_2364-1536x1152.jpeg 1536w, http:\/\/roczyny.duszpasterstwa.bielsko.pl\/wp-content\/uploads\/2025\/11\/IMG_2364-2048x1536.jpeg 2048w, http:\/\/roczyny.duszpasterstwa.bielsko.pl\/wp-content\/uploads\/2025\/11\/IMG_2364-200x150.jpeg 200w, http:\/\/roczyny.duszpasterstwa.bielsko.pl\/wp-content\/uploads\/2025\/11\/IMG_2364-690x518.jpeg 690w\" sizes=\"(max-width: 1024px) 100vw, 1024px\" \/><\/a><\/figure>\n\n\n\n<figure class=\"wp-block-image size-large\"><a href=\"http:\/\/roczyny.duszpasterstwa.bielsko.pl\/wp-content\/uploads\/2025\/11\/IMG_2365-scaled.jpeg\"><img loading=\"lazy\" decoding=\"async\" width=\"1024\" height=\"768\" data-id=\"20888\" src=\"http:\/\/roczyny.duszpasterstwa.bielsko.pl\/wp-content\/uploads\/2025\/11\/IMG_2365-1024x768.jpeg\" alt=\"\" class=\"wp-image-20888\" srcset=\"http:\/\/roczyny.duszpasterstwa.bielsko.pl\/wp-content\/uploads\/2025\/11\/IMG_2365-1024x768.jpeg 1024w, http:\/\/roczyny.duszpasterstwa.bielsko.pl\/wp-content\/uploads\/2025\/11\/IMG_2365-300x225.jpeg 300w, http:\/\/roczyny.duszpasterstwa.bielsko.pl\/wp-content\/uploads\/2025\/11\/IMG_2365-768x576.jpeg 768w, http:\/\/roczyny.duszpasterstwa.bielsko.pl\/wp-content\/uploads\/2025\/11\/IMG_2365-1536x1152.jpeg 1536w, http:\/\/roczyny.duszpasterstwa.bielsko.pl\/wp-content\/uploads\/2025\/11\/IMG_2365-2048x1536.jpeg 2048w, http:\/\/roczyny.duszpasterstwa.bielsko.pl\/wp-content\/uploads\/2025\/11\/IMG_2365-200x150.jpeg 200w, http:\/\/roczyny.duszpasterstwa.bielsko.pl\/wp-content\/uploads\/2025\/11\/IMG_2365-690x518.jpeg 690w\" sizes=\"(max-width: 1024px) 100vw, 1024px\" \/><\/a><\/figure>\n\n\n\n<figure class=\"wp-block-image size-large\"><a href=\"http:\/\/roczyny.duszpasterstwa.bielsko.pl\/wp-content\/uploads\/2025\/11\/IMG_2367-scaled.jpeg\"><img loading=\"lazy\" decoding=\"async\" width=\"1024\" height=\"768\" data-id=\"20889\" src=\"http:\/\/roczyny.duszpasterstwa.bielsko.pl\/wp-content\/uploads\/2025\/11\/IMG_2367-1024x768.jpeg\" alt=\"\" class=\"wp-image-20889\" srcset=\"http:\/\/roczyny.duszpasterstwa.bielsko.pl\/wp-content\/uploads\/2025\/11\/IMG_2367-1024x768.jpeg 1024w, http:\/\/roczyny.duszpasterstwa.bielsko.pl\/wp-content\/uploads\/2025\/11\/IMG_2367-300x225.jpeg 300w, http:\/\/roczyny.duszpasterstwa.bielsko.pl\/wp-content\/uploads\/2025\/11\/IMG_2367-768x576.jpeg 768w, http:\/\/roczyny.duszpasterstwa.bielsko.pl\/wp-content\/uploads\/2025\/11\/IMG_2367-1536x1152.jpeg 1536w, http:\/\/roczyny.duszpasterstwa.bielsko.pl\/wp-content\/uploads\/2025\/11\/IMG_2367-2048x1536.jpeg 2048w, http:\/\/roczyny.duszpasterstwa.bielsko.pl\/wp-content\/uploads\/2025\/11\/IMG_2367-200x150.jpeg 200w, http:\/\/roczyny.duszpasterstwa.bielsko.pl\/wp-content\/uploads\/2025\/11\/IMG_2367-690x518.jpeg 690w\" sizes=\"(max-width: 1024px) 100vw, 1024px\" \/><\/a><\/figure>\n\n\n\n<figure class=\"wp-block-image size-large\"><a href=\"http:\/\/roczyny.duszpasterstwa.bielsko.pl\/wp-content\/uploads\/2025\/11\/IMG_2366-scaled.jpeg\"><img loading=\"lazy\" decoding=\"async\" width=\"1024\" height=\"768\" data-id=\"20890\" src=\"http:\/\/roczyny.duszpasterstwa.bielsko.pl\/wp-content\/uploads\/2025\/11\/IMG_2366-1024x768.jpeg\" alt=\"\" class=\"wp-image-20890\" srcset=\"http:\/\/roczyny.duszpasterstwa.bielsko.pl\/wp-content\/uploads\/2025\/11\/IMG_2366-1024x768.jpeg 1024w, http:\/\/roczyny.duszpasterstwa.bielsko.pl\/wp-content\/uploads\/2025\/11\/IMG_2366-300x225.jpeg 300w, http:\/\/roczyny.duszpasterstwa.bielsko.pl\/wp-content\/uploads\/2025\/11\/IMG_2366-768x576.jpeg 768w, http:\/\/roczyny.duszpasterstwa.bielsko.pl\/wp-content\/uploads\/2025\/11\/IMG_2366-1536x1152.jpeg 1536w, http:\/\/roczyny.duszpasterstwa.bielsko.pl\/wp-content\/uploads\/2025\/11\/IMG_2366-2048x1536.jpeg 2048w, http:\/\/roczyny.duszpasterstwa.bielsko.pl\/wp-content\/uploads\/2025\/11\/IMG_2366-200x150.jpeg 200w, http:\/\/roczyny.duszpasterstwa.bielsko.pl\/wp-content\/uploads\/2025\/11\/IMG_2366-690x518.jpeg 690w\" sizes=\"(max-width: 1024px) 100vw, 1024px\" \/><\/a><\/figure>\n\n\n\n<figure class=\"wp-block-image size-large\"><a href=\"http:\/\/roczyny.duszpasterstwa.bielsko.pl\/wp-content\/uploads\/2025\/11\/IMG_2368-scaled.jpeg\"><img loading=\"lazy\" decoding=\"async\" width=\"1024\" height=\"768\" data-id=\"20891\" src=\"http:\/\/roczyny.duszpasterstwa.bielsko.pl\/wp-content\/uploads\/2025\/11\/IMG_2368-1024x768.jpeg\" alt=\"\" class=\"wp-image-20891\" srcset=\"http:\/\/roczyny.duszpasterstwa.bielsko.pl\/wp-content\/uploads\/2025\/11\/IMG_2368-1024x768.jpeg 1024w, http:\/\/roczyny.duszpasterstwa.bielsko.pl\/wp-content\/uploads\/2025\/11\/IMG_2368-300x225.jpeg 300w, http:\/\/roczyny.duszpasterstwa.bielsko.pl\/wp-content\/uploads\/2025\/11\/IMG_2368-768x576.jpeg 768w, http:\/\/roczyny.duszpasterstwa.bielsko.pl\/wp-content\/uploads\/2025\/11\/IMG_2368-1536x1152.jpeg 1536w, http:\/\/roczyny.duszpasterstwa.bielsko.pl\/wp-content\/uploads\/2025\/11\/IMG_2368-2048x1536.jpeg 2048w, http:\/\/roczyny.duszpasterstwa.bielsko.pl\/wp-content\/uploads\/2025\/11\/IMG_2368-200x150.jpeg 200w, http:\/\/roczyny.duszpasterstwa.bielsko.pl\/wp-content\/uploads\/2025\/11\/IMG_2368-690x518.jpeg 690w\" sizes=\"(max-width: 1024px) 100vw, 1024px\" \/><\/a><\/figure>\n\n\n\n<figure class=\"wp-block-image size-large\"><a href=\"http:\/\/roczyny.duszpasterstwa.bielsko.pl\/wp-content\/uploads\/2025\/11\/IMG_2413-scaled.jpeg\"><img loading=\"lazy\" decoding=\"async\" width=\"1024\" height=\"768\" data-id=\"20892\" src=\"http:\/\/roczyny.duszpasterstwa.bielsko.pl\/wp-content\/uploads\/2025\/11\/IMG_2413-1024x768.jpeg\" alt=\"\" class=\"wp-image-20892\" srcset=\"http:\/\/roczyny.duszpasterstwa.bielsko.pl\/wp-content\/uploads\/2025\/11\/IMG_2413-1024x768.jpeg 1024w, http:\/\/roczyny.duszpasterstwa.bielsko.pl\/wp-content\/uploads\/2025\/11\/IMG_2413-300x225.jpeg 300w, http:\/\/roczyny.duszpasterstwa.bielsko.pl\/wp-content\/uploads\/2025\/11\/IMG_2413-768x576.jpeg 768w, http:\/\/roczyny.duszpasterstwa.bielsko.pl\/wp-content\/uploads\/2025\/11\/IMG_2413-1536x1152.jpeg 1536w, http:\/\/roczyny.duszpasterstwa.bielsko.pl\/wp-content\/uploads\/2025\/11\/IMG_2413-2048x1536.jpeg 2048w, http:\/\/roczyny.duszpasterstwa.bielsko.pl\/wp-content\/uploads\/2025\/11\/IMG_2413-200x150.jpeg 200w, http:\/\/roczyny.duszpasterstwa.bielsko.pl\/wp-content\/uploads\/2025\/11\/IMG_2413-690x518.jpeg 690w\" sizes=\"(max-width: 1024px) 100vw, 1024px\" \/><\/a><\/figure>\n\n\n\n<figure class=\"wp-block-image size-large\"><a href=\"http:\/\/roczyny.duszpasterstwa.bielsko.pl\/wp-content\/uploads\/2025\/11\/IMG_2421-scaled.jpeg\"><img loading=\"lazy\" decoding=\"async\" width=\"1024\" height=\"768\" data-id=\"20893\" src=\"http:\/\/roczyny.duszpasterstwa.bielsko.pl\/wp-content\/uploads\/2025\/11\/IMG_2421-1024x768.jpeg\" alt=\"\" class=\"wp-image-20893\" srcset=\"http:\/\/roczyny.duszpasterstwa.bielsko.pl\/wp-content\/uploads\/2025\/11\/IMG_2421-1024x768.jpeg 1024w, http:\/\/roczyny.duszpasterstwa.bielsko.pl\/wp-content\/uploads\/2025\/11\/IMG_2421-300x225.jpeg 300w, http:\/\/roczyny.duszpasterstwa.bielsko.pl\/wp-content\/uploads\/2025\/11\/IMG_2421-768x576.jpeg 768w, http:\/\/roczyny.duszpasterstwa.bielsko.pl\/wp-content\/uploads\/2025\/11\/IMG_2421-1536x1152.jpeg 1536w, http:\/\/roczyny.duszpasterstwa.bielsko.pl\/wp-content\/uploads\/2025\/11\/IMG_2421-2048x1536.jpeg 2048w, http:\/\/roczyny.duszpasterstwa.bielsko.pl\/wp-content\/uploads\/2025\/11\/IMG_2421-200x150.jpeg 200w, http:\/\/roczyny.duszpasterstwa.bielsko.pl\/wp-content\/uploads\/2025\/11\/IMG_2421-690x518.jpeg 690w\" sizes=\"(max-width: 1024px) 100vw, 1024px\" \/><\/a><\/figure>\n\n\n\n<figure class=\"wp-block-image size-large\"><a href=\"http:\/\/roczyny.duszpasterstwa.bielsko.pl\/wp-content\/uploads\/2025\/11\/IMG_2425-scaled.jpeg\"><img loading=\"lazy\" decoding=\"async\" width=\"1024\" height=\"768\" data-id=\"20894\" src=\"http:\/\/roczyny.duszpasterstwa.bielsko.pl\/wp-content\/uploads\/2025\/11\/IMG_2425-1024x768.jpeg\" alt=\"\" class=\"wp-image-20894\" srcset=\"http:\/\/roczyny.duszpasterstwa.bielsko.pl\/wp-content\/uploads\/2025\/11\/IMG_2425-1024x768.jpeg 1024w, http:\/\/roczyny.duszpasterstwa.bielsko.pl\/wp-content\/uploads\/2025\/11\/IMG_2425-300x225.jpeg 300w, http:\/\/roczyny.duszpasterstwa.bielsko.pl\/wp-content\/uploads\/2025\/11\/IMG_2425-768x576.jpeg 768w, http:\/\/roczyny.duszpasterstwa.bielsko.pl\/wp-content\/uploads\/2025\/11\/IMG_2425-1536x1152.jpeg 1536w, http:\/\/roczyny.duszpasterstwa.bielsko.pl\/wp-content\/uploads\/2025\/11\/IMG_2425-2048x1536.jpeg 2048w, http:\/\/roczyny.duszpasterstwa.bielsko.pl\/wp-content\/uploads\/2025\/11\/IMG_2425-200x150.jpeg 200w, http:\/\/roczyny.duszpasterstwa.bielsko.pl\/wp-content\/uploads\/2025\/11\/IMG_2425-690x518.jpeg 690w\" sizes=\"(max-width: 1024px) 100vw, 1024px\" \/><\/a><\/figure>\n\n\n\n<figure class=\"wp-block-image size-large\"><a href=\"http:\/\/roczyny.duszpasterstwa.bielsko.pl\/wp-content\/uploads\/2025\/11\/IMG_2424-scaled.jpeg\"><img loading=\"lazy\" decoding=\"async\" width=\"1024\" height=\"768\" data-id=\"20895\" src=\"http:\/\/roczyny.duszpasterstwa.bielsko.pl\/wp-content\/uploads\/2025\/11\/IMG_2424-1024x768.jpeg\" alt=\"\" class=\"wp-image-20895\" srcset=\"http:\/\/roczyny.duszpasterstwa.bielsko.pl\/wp-content\/uploads\/2025\/11\/IMG_2424-1024x768.jpeg 1024w, http:\/\/roczyny.duszpasterstwa.bielsko.pl\/wp-content\/uploads\/2025\/11\/IMG_2424-300x225.jpeg 300w, http:\/\/roczyny.duszpasterstwa.bielsko.pl\/wp-content\/uploads\/2025\/11\/IMG_2424-768x576.jpeg 768w, http:\/\/roczyny.duszpasterstwa.bielsko.pl\/wp-content\/uploads\/2025\/11\/IMG_2424-1536x1152.jpeg 1536w, http:\/\/roczyny.duszpasterstwa.bielsko.pl\/wp-content\/uploads\/2025\/11\/IMG_2424-2048x1536.jpeg 2048w, http:\/\/roczyny.duszpasterstwa.bielsko.pl\/wp-content\/uploads\/2025\/11\/IMG_2424-200x150.jpeg 200w, http:\/\/roczyny.duszpasterstwa.bielsko.pl\/wp-content\/uploads\/2025\/11\/IMG_2424-690x518.jpeg 690w\" sizes=\"(max-width: 1024px) 100vw, 1024px\" \/><\/a><\/figure>\n\n\n\n<figure class=\"wp-block-image size-large\"><a href=\"http:\/\/roczyny.duszpasterstwa.bielsko.pl\/wp-content\/uploads\/2025\/11\/IMG_2427-scaled.jpeg\"><img loading=\"lazy\" decoding=\"async\" width=\"1024\" height=\"768\" data-id=\"20896\" src=\"http:\/\/roczyny.duszpasterstwa.bielsko.pl\/wp-content\/uploads\/2025\/11\/IMG_2427-1024x768.jpeg\" alt=\"\" class=\"wp-image-20896\" srcset=\"http:\/\/roczyny.duszpasterstwa.bielsko.pl\/wp-content\/uploads\/2025\/11\/IMG_2427-1024x768.jpeg 1024w, http:\/\/roczyny.duszpasterstwa.bielsko.pl\/wp-content\/uploads\/2025\/11\/IMG_2427-300x225.jpeg 300w, http:\/\/roczyny.duszpasterstwa.bielsko.pl\/wp-content\/uploads\/2025\/11\/IMG_2427-768x576.jpeg 768w, http:\/\/roczyny.duszpasterstwa.bielsko.pl\/wp-content\/uploads\/2025\/11\/IMG_2427-1536x1152.jpeg 1536w, http:\/\/roczyny.duszpasterstwa.bielsko.pl\/wp-content\/uploads\/2025\/11\/IMG_2427-2048x1536.jpeg 2048w, http:\/\/roczyny.duszpasterstwa.bielsko.pl\/wp-content\/uploads\/2025\/11\/IMG_2427-200x150.jpeg 200w, http:\/\/roczyny.duszpasterstwa.bielsko.pl\/wp-content\/uploads\/2025\/11\/IMG_2427-690x518.jpeg 690w\" sizes=\"(max-width: 1024px) 100vw, 1024px\" \/><\/a><\/figure>\n\n\n\n<figure class=\"wp-block-image size-large\"><a href=\"http:\/\/roczyny.duszpasterstwa.bielsko.pl\/wp-content\/uploads\/2025\/11\/IMG_2428-scaled.jpeg\"><img loading=\"lazy\" decoding=\"async\" width=\"1024\" height=\"768\" data-id=\"20897\" src=\"http:\/\/roczyny.duszpasterstwa.bielsko.pl\/wp-content\/uploads\/2025\/11\/IMG_2428-1024x768.jpeg\" alt=\"\" class=\"wp-image-20897\" srcset=\"http:\/\/roczyny.duszpasterstwa.bielsko.pl\/wp-content\/uploads\/2025\/11\/IMG_2428-1024x768.jpeg 1024w, http:\/\/roczyny.duszpasterstwa.bielsko.pl\/wp-content\/uploads\/2025\/11\/IMG_2428-300x225.jpeg 300w, http:\/\/roczyny.duszpasterstwa.bielsko.pl\/wp-content\/uploads\/2025\/11\/IMG_2428-768x576.jpeg 768w, http:\/\/roczyny.duszpasterstwa.bielsko.pl\/wp-content\/uploads\/2025\/11\/IMG_2428-1536x1152.jpeg 1536w, http:\/\/roczyny.duszpasterstwa.bielsko.pl\/wp-content\/uploads\/2025\/11\/IMG_2428-2048x1536.jpeg 2048w, http:\/\/roczyny.duszpasterstwa.bielsko.pl\/wp-content\/uploads\/2025\/11\/IMG_2428-200x150.jpeg 200w, http:\/\/roczyny.duszpasterstwa.bielsko.pl\/wp-content\/uploads\/2025\/11\/IMG_2428-690x518.jpeg 690w\" sizes=\"(max-width: 1024px) 100vw, 1024px\" \/><\/a><\/figure>\n\n\n\n<figure class=\"wp-block-image size-large\"><a href=\"http:\/\/roczyny.duszpasterstwa.bielsko.pl\/wp-content\/uploads\/2025\/11\/IMG_2431-scaled.jpeg\"><img loading=\"lazy\" decoding=\"async\" width=\"1024\" height=\"768\" data-id=\"20898\" src=\"http:\/\/roczyny.duszpasterstwa.bielsko.pl\/wp-content\/uploads\/2025\/11\/IMG_2431-1024x768.jpeg\" alt=\"\" class=\"wp-image-20898\" srcset=\"http:\/\/roczyny.duszpasterstwa.bielsko.pl\/wp-content\/uploads\/2025\/11\/IMG_2431-1024x768.jpeg 1024w, http:\/\/roczyny.duszpasterstwa.bielsko.pl\/wp-content\/uploads\/2025\/11\/IMG_2431-300x225.jpeg 300w, http:\/\/roczyny.duszpasterstwa.bielsko.pl\/wp-content\/uploads\/2025\/11\/IMG_2431-768x576.jpeg 768w, http:\/\/roczyny.duszpasterstwa.bielsko.pl\/wp-content\/uploads\/2025\/11\/IMG_2431-1536x1152.jpeg 1536w, http:\/\/roczyny.duszpasterstwa.bielsko.pl\/wp-content\/uploads\/2025\/11\/IMG_2431-2048x1536.jpeg 2048w, http:\/\/roczyny.duszpasterstwa.bielsko.pl\/wp-content\/uploads\/2025\/11\/IMG_2431-200x150.jpeg 200w, http:\/\/roczyny.duszpasterstwa.bielsko.pl\/wp-content\/uploads\/2025\/11\/IMG_2431-690x518.jpeg 690w\" sizes=\"(max-width: 1024px) 100vw, 1024px\" \/><\/a><\/figure>\n\n\n\n<figure class=\"wp-block-image size-large\"><a href=\"http:\/\/roczyny.duszpasterstwa.bielsko.pl\/wp-content\/uploads\/2025\/11\/IMG_2430-scaled.jpeg\"><img loading=\"lazy\" decoding=\"async\" width=\"1024\" height=\"768\" data-id=\"20899\" src=\"http:\/\/roczyny.duszpasterstwa.bielsko.pl\/wp-content\/uploads\/2025\/11\/IMG_2430-1024x768.jpeg\" alt=\"\" class=\"wp-image-20899\" srcset=\"http:\/\/roczyny.duszpasterstwa.bielsko.pl\/wp-content\/uploads\/2025\/11\/IMG_2430-1024x768.jpeg 1024w, http:\/\/roczyny.duszpasterstwa.bielsko.pl\/wp-content\/uploads\/2025\/11\/IMG_2430-300x225.jpeg 300w, http:\/\/roczyny.duszpasterstwa.bielsko.pl\/wp-content\/uploads\/2025\/11\/IMG_2430-768x576.jpeg 768w, http:\/\/roczyny.duszpasterstwa.bielsko.pl\/wp-content\/uploads\/2025\/11\/IMG_2430-1536x1152.jpeg 1536w, http:\/\/roczyny.duszpasterstwa.bielsko.pl\/wp-content\/uploads\/2025\/11\/IMG_2430-2048x1536.jpeg 2048w, http:\/\/roczyny.duszpasterstwa.bielsko.pl\/wp-content\/uploads\/2025\/11\/IMG_2430-200x150.jpeg 200w, http:\/\/roczyny.duszpasterstwa.bielsko.pl\/wp-content\/uploads\/2025\/11\/IMG_2430-690x518.jpeg 690w\" sizes=\"(max-width: 1024px) 100vw, 1024px\" \/><\/a><\/figure>\n\n\n\n<figure class=\"wp-block-image size-large\"><a href=\"http:\/\/roczyny.duszpasterstwa.bielsko.pl\/wp-content\/uploads\/2025\/11\/IMG_2426-scaled.jpeg\"><img loading=\"lazy\" decoding=\"async\" width=\"1024\" height=\"768\" data-id=\"20900\" src=\"http:\/\/roczyny.duszpasterstwa.bielsko.pl\/wp-content\/uploads\/2025\/11\/IMG_2426-1024x768.jpeg\" alt=\"\" class=\"wp-image-20900\" srcset=\"http:\/\/roczyny.duszpasterstwa.bielsko.pl\/wp-content\/uploads\/2025\/11\/IMG_2426-1024x768.jpeg 1024w, http:\/\/roczyny.duszpasterstwa.bielsko.pl\/wp-content\/uploads\/2025\/11\/IMG_2426-300x225.jpeg 300w, http:\/\/roczyny.duszpasterstwa.bielsko.pl\/wp-content\/uploads\/2025\/11\/IMG_2426-768x576.jpeg 768w, http:\/\/roczyny.duszpasterstwa.bielsko.pl\/wp-content\/uploads\/2025\/11\/IMG_2426-1536x1152.jpeg 1536w, http:\/\/roczyny.duszpasterstwa.bielsko.pl\/wp-content\/uploads\/2025\/11\/IMG_2426-2048x1536.jpeg 2048w, http:\/\/roczyny.duszpasterstwa.bielsko.pl\/wp-content\/uploads\/2025\/11\/IMG_2426-200x150.jpeg 200w, http:\/\/roczyny.duszpasterstwa.bielsko.pl\/wp-content\/uploads\/2025\/11\/IMG_2426-690x518.jpeg 690w\" sizes=\"(max-width: 1024px) 100vw, 1024px\" \/><\/a><\/figure>\n\n\n\n<figure class=\"wp-block-image size-large\"><a href=\"http:\/\/roczyny.duszpasterstwa.bielsko.pl\/wp-content\/uploads\/2025\/11\/IMG_2422-scaled.jpeg\"><img loading=\"lazy\" decoding=\"async\" width=\"1024\" height=\"768\" data-id=\"20901\" src=\"http:\/\/roczyny.duszpasterstwa.bielsko.pl\/wp-content\/uploads\/2025\/11\/IMG_2422-1024x768.jpeg\" alt=\"\" class=\"wp-image-20901\" srcset=\"http:\/\/roczyny.duszpasterstwa.bielsko.pl\/wp-content\/uploads\/2025\/11\/IMG_2422-1024x768.jpeg 1024w, http:\/\/roczyny.duszpasterstwa.bielsko.pl\/wp-content\/uploads\/2025\/11\/IMG_2422-300x225.jpeg 300w, http:\/\/roczyny.duszpasterstwa.bielsko.pl\/wp-content\/uploads\/2025\/11\/IMG_2422-768x576.jpeg 768w, http:\/\/roczyny.duszpasterstwa.bielsko.pl\/wp-content\/uploads\/2025\/11\/IMG_2422-1536x1152.jpeg 1536w, http:\/\/roczyny.duszpasterstwa.bielsko.pl\/wp-content\/uploads\/2025\/11\/IMG_2422-2048x1536.jpeg 2048w, http:\/\/roczyny.duszpasterstwa.bielsko.pl\/wp-content\/uploads\/2025\/11\/IMG_2422-200x150.jpeg 200w, http:\/\/roczyny.duszpasterstwa.bielsko.pl\/wp-content\/uploads\/2025\/11\/IMG_2422-690x518.jpeg 690w\" sizes=\"(max-width: 1024px) 100vw, 1024px\" \/><\/a><\/figure>\n\n\n\n<figure class=\"wp-block-image size-large\"><a href=\"http:\/\/roczyny.duszpasterstwa.bielsko.pl\/wp-content\/uploads\/2025\/11\/IMG_2423-scaled.jpeg\"><img loading=\"lazy\" decoding=\"async\" width=\"1024\" height=\"768\" data-id=\"20902\" src=\"http:\/\/roczyny.duszpasterstwa.bielsko.pl\/wp-content\/uploads\/2025\/11\/IMG_2423-1024x768.jpeg\" alt=\"\" class=\"wp-image-20902\" srcset=\"http:\/\/roczyny.duszpasterstwa.bielsko.pl\/wp-content\/uploads\/2025\/11\/IMG_2423-1024x768.jpeg 1024w, http:\/\/roczyny.duszpasterstwa.bielsko.pl\/wp-content\/uploads\/2025\/11\/IMG_2423-300x225.jpeg 300w, http:\/\/roczyny.duszpasterstwa.bielsko.pl\/wp-content\/uploads\/2025\/11\/IMG_2423-768x576.jpeg 768w, http:\/\/roczyny.duszpasterstwa.bielsko.pl\/wp-content\/uploads\/2025\/11\/IMG_2423-1536x1152.jpeg 1536w, http:\/\/roczyny.duszpasterstwa.bielsko.pl\/wp-content\/uploads\/2025\/11\/IMG_2423-2048x1536.jpeg 2048w, http:\/\/roczyny.duszpasterstwa.bielsko.pl\/wp-content\/uploads\/2025\/11\/IMG_2423-200x150.jpeg 200w, http:\/\/roczyny.duszpasterstwa.bielsko.pl\/wp-content\/uploads\/2025\/11\/IMG_2423-690x518.jpeg 690w\" sizes=\"(max-width: 1024px) 100vw, 1024px\" \/><\/a><\/figure>\n<\/figure>\n","protected":false},"excerpt":{"rendered":"<p>Przygotowania do ADWENTU a szczeg\u00f3lnie do RORAT trwaj\u0105&#8230; Pomocnicy roratni Pan Wojciech z Panem Tomkiem, Pan Krzysztof &#8211; nie zabrak\u0142o <a class=\"read-more\" href=\"http:\/\/roczyny.duszpasterstwa.bielsko.pl\/?p=20882\">czytaj dalej<\/a><\/p>\n","protected":false},"author":2,"featured_media":20883,"comment_status":"closed","ping_status":"open","sticky":false,"template":"","format":"standard","meta":{"ngg_post_thumbnail":0,"footnotes":""},"categories":[1],"tags":[],"class_list":["post-20882","post","type-post","status-publish","format-standard","has-post-thumbnail","hentry","category-uncategorized","post-item clearfix"],"_links":{"self":[{"href":"http:\/\/roczyny.duszpasterstwa.bielsko.pl\/index.php?rest_route=\/wp\/v2\/posts\/20882"}],"collection":[{"href":"http:\/\/roczyny.duszpasterstwa.bielsko.pl\/index.php?rest_route=\/wp\/v2\/posts"}],"about":[{"href":"http:\/\/roczyny.duszpasterstwa.bielsko.pl\/index.php?rest_route=\/wp\/v2\/types\/post"}],"author":[{"embeddable":true,"href":"http:\/\/roczyny.duszpasterstwa.bielsko.pl\/index.php?rest_route=\/wp\/v2\/users\/2"}],"replies":[{"embeddable":true,"href":"http:\/\/roczyny.duszpasterstwa.bielsko.pl\/index.php?rest_route=%2Fwp%2Fv2%2Fcomments&post=20882"}],"version-history":[{"count":1,"href":"http:\/\/roczyny.duszpasterstwa.bielsko.pl\/index.php?rest_route=\/wp\/v2\/posts\/20882\/revisions"}],"predecessor-version":[{"id":20903,"href":"http:\/\/roczyny.duszpasterstwa.bielsko.pl\/index.php?rest_route=\/wp\/v2\/posts\/20882\/revisions\/20903"}],"wp:featuredmedia":[{"embeddable":true,"href":"http:\/\/roczyny.duszpasterstwa.bielsko.pl\/index.php?rest_route=\/wp\/v2\/media\/20883"}],"wp:attachment":[{"href":"http:\/\/roczyny.duszpasterstwa.bielsko.pl\/index.php?rest_route=%2Fwp%2Fv2%2Fmedia&parent=20882"}],"wp:term":[{"taxonomy":"category","embeddable":true,"href":"http:\/\/roczyny.duszpasterstwa.bielsko.pl\/index.php?rest_route=%2Fwp%2Fv2%2Fcategories&post=20882"},{"taxonomy":"post_tag","embeddable":true,"href":"http:\/\/roczyny.duszpasterstwa.bielsko.pl\/index.php?rest_route=%2Fwp%2Fv2%2Ftags&post=20882"}],"curies":[{"name":"wp","href":"https:\/\/api.w.org\/{rel}","templated":true}]}}