{"id":19437,"date":"2024-11-09T13:43:14","date_gmt":"2024-11-09T12:43:14","guid":{"rendered":"http:\/\/roczyny.duszpasterstwa.bielsko.pl\/?p=19437"},"modified":"2024-11-09T13:43:14","modified_gmt":"2024-11-09T12:43:14","slug":"panowie-z-fmt-na-karmelu","status":"publish","type":"post","link":"http:\/\/roczyny.duszpasterstwa.bielsko.pl\/?p=19437","title":{"rendered":"PANOWIE Z FMT NA KARMELU&#8230;"},"content":{"rendered":"\n<p>Panowie z Formacji M\u0119skiej To\u017csamo\u015bci wczorajszy wiecz\u00f3r i ca\u0142\u0105 noc sp\u0119dzili u Ojc\u00f3w Karmelit\u00f3w w Wadowicach&#8230;<\/p>\n\n\n\n<p>Wsp\u00f3lna kolacja, spotkania formacyjne, Uroczysta Eucharystia, konferencja i adoracja Pana Jezusa do samego rana&#8230;<\/p>\n\n\n\n<p>Pe\u0142na relacja na facebooku parafii&#8230;<\/p>\n\n\n\n<figure class=\"wp-block-gallery has-nested-images columns-default is-cropped wp-block-gallery-1 is-layout-flex wp-block-gallery-is-layout-flex\">\n<figure class=\"wp-block-image size-large\"><a href=\"http:\/\/roczyny.duszpasterstwa.bielsko.pl\/wp-content\/uploads\/2024\/11\/IMG_7853-scaled.jpeg\"><img fetchpriority=\"high\" decoding=\"async\" width=\"1024\" height=\"768\" data-id=\"19439\" src=\"http:\/\/roczyny.duszpasterstwa.bielsko.pl\/wp-content\/uploads\/2024\/11\/IMG_7853-1024x768.jpeg\" alt=\"\" class=\"wp-image-19439\" srcset=\"http:\/\/roczyny.duszpasterstwa.bielsko.pl\/wp-content\/uploads\/2024\/11\/IMG_7853-1024x768.jpeg 1024w, http:\/\/roczyny.duszpasterstwa.bielsko.pl\/wp-content\/uploads\/2024\/11\/IMG_7853-300x225.jpeg 300w, http:\/\/roczyny.duszpasterstwa.bielsko.pl\/wp-content\/uploads\/2024\/11\/IMG_7853-768x576.jpeg 768w, http:\/\/roczyny.duszpasterstwa.bielsko.pl\/wp-content\/uploads\/2024\/11\/IMG_7853-1536x1152.jpeg 1536w, http:\/\/roczyny.duszpasterstwa.bielsko.pl\/wp-content\/uploads\/2024\/11\/IMG_7853-2048x1536.jpeg 2048w, http:\/\/roczyny.duszpasterstwa.bielsko.pl\/wp-content\/uploads\/2024\/11\/IMG_7853-200x150.jpeg 200w, http:\/\/roczyny.duszpasterstwa.bielsko.pl\/wp-content\/uploads\/2024\/11\/IMG_7853-690x518.jpeg 690w\" sizes=\"(max-width: 1024px) 100vw, 1024px\" \/><\/a><\/figure>\n\n\n\n<figure class=\"wp-block-image size-large\"><a href=\"http:\/\/roczyny.duszpasterstwa.bielsko.pl\/wp-content\/uploads\/2024\/11\/IMG_7856-scaled.jpeg\"><img decoding=\"async\" width=\"1024\" height=\"768\" data-id=\"19438\" src=\"http:\/\/roczyny.duszpasterstwa.bielsko.pl\/wp-content\/uploads\/2024\/11\/IMG_7856-1024x768.jpeg\" alt=\"\" class=\"wp-image-19438\" srcset=\"http:\/\/roczyny.duszpasterstwa.bielsko.pl\/wp-content\/uploads\/2024\/11\/IMG_7856-1024x768.jpeg 1024w, http:\/\/roczyny.duszpasterstwa.bielsko.pl\/wp-content\/uploads\/2024\/11\/IMG_7856-300x225.jpeg 300w, http:\/\/roczyny.duszpasterstwa.bielsko.pl\/wp-content\/uploads\/2024\/11\/IMG_7856-768x576.jpeg 768w, http:\/\/roczyny.duszpasterstwa.bielsko.pl\/wp-content\/uploads\/2024\/11\/IMG_7856-1536x1152.jpeg 1536w, http:\/\/roczyny.duszpasterstwa.bielsko.pl\/wp-content\/uploads\/2024\/11\/IMG_7856-2048x1536.jpeg 2048w, http:\/\/roczyny.duszpasterstwa.bielsko.pl\/wp-content\/uploads\/2024\/11\/IMG_7856-200x150.jpeg 200w, http:\/\/roczyny.duszpasterstwa.bielsko.pl\/wp-content\/uploads\/2024\/11\/IMG_7856-690x518.jpeg 690w\" sizes=\"(max-width: 1024px) 100vw, 1024px\" \/><\/a><\/figure>\n\n\n\n<figure class=\"wp-block-image size-large\"><a href=\"http:\/\/roczyny.duszpasterstwa.bielsko.pl\/wp-content\/uploads\/2024\/11\/IMG_7863-scaled.jpeg\"><img decoding=\"async\" width=\"1024\" height=\"768\" data-id=\"19442\" src=\"http:\/\/roczyny.duszpasterstwa.bielsko.pl\/wp-content\/uploads\/2024\/11\/IMG_7863-1024x768.jpeg\" alt=\"\" class=\"wp-image-19442\" srcset=\"http:\/\/roczyny.duszpasterstwa.bielsko.pl\/wp-content\/uploads\/2024\/11\/IMG_7863-1024x768.jpeg 1024w, http:\/\/roczyny.duszpasterstwa.bielsko.pl\/wp-content\/uploads\/2024\/11\/IMG_7863-300x225.jpeg 300w, http:\/\/roczyny.duszpasterstwa.bielsko.pl\/wp-content\/uploads\/2024\/11\/IMG_7863-768x576.jpeg 768w, http:\/\/roczyny.duszpasterstwa.bielsko.pl\/wp-content\/uploads\/2024\/11\/IMG_7863-1536x1152.jpeg 1536w, http:\/\/roczyny.duszpasterstwa.bielsko.pl\/wp-content\/uploads\/2024\/11\/IMG_7863-2048x1536.jpeg 2048w, http:\/\/roczyny.duszpasterstwa.bielsko.pl\/wp-content\/uploads\/2024\/11\/IMG_7863-200x150.jpeg 200w, http:\/\/roczyny.duszpasterstwa.bielsko.pl\/wp-content\/uploads\/2024\/11\/IMG_7863-690x518.jpeg 690w\" sizes=\"(max-width: 1024px) 100vw, 1024px\" \/><\/a><\/figure>\n\n\n\n<figure class=\"wp-block-image size-large\"><a href=\"http:\/\/roczyny.duszpasterstwa.bielsko.pl\/wp-content\/uploads\/2024\/11\/IMG_7869-scaled.jpeg\"><img loading=\"lazy\" decoding=\"async\" width=\"1024\" height=\"768\" data-id=\"19441\" src=\"http:\/\/roczyny.duszpasterstwa.bielsko.pl\/wp-content\/uploads\/2024\/11\/IMG_7869-1024x768.jpeg\" alt=\"\" class=\"wp-image-19441\" srcset=\"http:\/\/roczyny.duszpasterstwa.bielsko.pl\/wp-content\/uploads\/2024\/11\/IMG_7869-1024x768.jpeg 1024w, http:\/\/roczyny.duszpasterstwa.bielsko.pl\/wp-content\/uploads\/2024\/11\/IMG_7869-300x225.jpeg 300w, http:\/\/roczyny.duszpasterstwa.bielsko.pl\/wp-content\/uploads\/2024\/11\/IMG_7869-768x576.jpeg 768w, http:\/\/roczyny.duszpasterstwa.bielsko.pl\/wp-content\/uploads\/2024\/11\/IMG_7869-1536x1152.jpeg 1536w, http:\/\/roczyny.duszpasterstwa.bielsko.pl\/wp-content\/uploads\/2024\/11\/IMG_7869-2048x1536.jpeg 2048w, http:\/\/roczyny.duszpasterstwa.bielsko.pl\/wp-content\/uploads\/2024\/11\/IMG_7869-200x150.jpeg 200w, http:\/\/roczyny.duszpasterstwa.bielsko.pl\/wp-content\/uploads\/2024\/11\/IMG_7869-690x518.jpeg 690w\" sizes=\"(max-width: 1024px) 100vw, 1024px\" \/><\/a><\/figure>\n\n\n\n<figure class=\"wp-block-image size-large\"><a href=\"http:\/\/roczyny.duszpasterstwa.bielsko.pl\/wp-content\/uploads\/2024\/11\/IMG_7879-scaled.jpeg\"><img loading=\"lazy\" decoding=\"async\" width=\"1024\" height=\"768\" data-id=\"19443\" src=\"http:\/\/roczyny.duszpasterstwa.bielsko.pl\/wp-content\/uploads\/2024\/11\/IMG_7879-1024x768.jpeg\" alt=\"\" class=\"wp-image-19443\" srcset=\"http:\/\/roczyny.duszpasterstwa.bielsko.pl\/wp-content\/uploads\/2024\/11\/IMG_7879-1024x768.jpeg 1024w, http:\/\/roczyny.duszpasterstwa.bielsko.pl\/wp-content\/uploads\/2024\/11\/IMG_7879-300x225.jpeg 300w, http:\/\/roczyny.duszpasterstwa.bielsko.pl\/wp-content\/uploads\/2024\/11\/IMG_7879-768x576.jpeg 768w, http:\/\/roczyny.duszpasterstwa.bielsko.pl\/wp-content\/uploads\/2024\/11\/IMG_7879-1536x1152.jpeg 1536w, http:\/\/roczyny.duszpasterstwa.bielsko.pl\/wp-content\/uploads\/2024\/11\/IMG_7879-2048x1536.jpeg 2048w, http:\/\/roczyny.duszpasterstwa.bielsko.pl\/wp-content\/uploads\/2024\/11\/IMG_7879-200x150.jpeg 200w, http:\/\/roczyny.duszpasterstwa.bielsko.pl\/wp-content\/uploads\/2024\/11\/IMG_7879-690x518.jpeg 690w\" sizes=\"(max-width: 1024px) 100vw, 1024px\" \/><\/a><\/figure>\n\n\n\n<figure class=\"wp-block-image size-large\"><a href=\"http:\/\/roczyny.duszpasterstwa.bielsko.pl\/wp-content\/uploads\/2024\/11\/IMG_7884-scaled.jpeg\"><img loading=\"lazy\" decoding=\"async\" width=\"1024\" height=\"768\" data-id=\"19440\" src=\"http:\/\/roczyny.duszpasterstwa.bielsko.pl\/wp-content\/uploads\/2024\/11\/IMG_7884-1024x768.jpeg\" alt=\"\" class=\"wp-image-19440\" srcset=\"http:\/\/roczyny.duszpasterstwa.bielsko.pl\/wp-content\/uploads\/2024\/11\/IMG_7884-1024x768.jpeg 1024w, http:\/\/roczyny.duszpasterstwa.bielsko.pl\/wp-content\/uploads\/2024\/11\/IMG_7884-300x225.jpeg 300w, http:\/\/roczyny.duszpasterstwa.bielsko.pl\/wp-content\/uploads\/2024\/11\/IMG_7884-768x576.jpeg 768w, http:\/\/roczyny.duszpasterstwa.bielsko.pl\/wp-content\/uploads\/2024\/11\/IMG_7884-1536x1152.jpeg 1536w, http:\/\/roczyny.duszpasterstwa.bielsko.pl\/wp-content\/uploads\/2024\/11\/IMG_7884-2048x1536.jpeg 2048w, http:\/\/roczyny.duszpasterstwa.bielsko.pl\/wp-content\/uploads\/2024\/11\/IMG_7884-200x150.jpeg 200w, http:\/\/roczyny.duszpasterstwa.bielsko.pl\/wp-content\/uploads\/2024\/11\/IMG_7884-690x518.jpeg 690w\" sizes=\"(max-width: 1024px) 100vw, 1024px\" \/><\/a><\/figure>\n<\/figure>\n","protected":false},"excerpt":{"rendered":"<p>Panowie z Formacji M\u0119skiej To\u017csamo\u015bci wczorajszy wiecz\u00f3r i ca\u0142\u0105 noc sp\u0119dzili u Ojc\u00f3w Karmelit\u00f3w w Wadowicach&#8230; Wsp\u00f3lna kolacja, spotkania formacyjne, <a class=\"read-more\" href=\"http:\/\/roczyny.duszpasterstwa.bielsko.pl\/?p=19437\">czytaj dalej<\/a><\/p>\n","protected":false},"author":2,"featured_media":19440,"comment_status":"closed","ping_status":"open","sticky":false,"template":"","format":"standard","meta":{"ngg_post_thumbnail":0,"footnotes":""},"categories":[26],"tags":[],"class_list":["post-19437","post","type-post","status-publish","format-standard","has-post-thumbnail","hentry","category-formacja-meskiej-tozsamosci","post-item clearfix"],"_links":{"self":[{"href":"http:\/\/roczyny.duszpasterstwa.bielsko.pl\/index.php?rest_route=\/wp\/v2\/posts\/19437"}],"collection":[{"href":"http:\/\/roczyny.duszpasterstwa.bielsko.pl\/index.php?rest_route=\/wp\/v2\/posts"}],"about":[{"href":"http:\/\/roczyny.duszpasterstwa.bielsko.pl\/index.php?rest_route=\/wp\/v2\/types\/post"}],"author":[{"embeddable":true,"href":"http:\/\/roczyny.duszpasterstwa.bielsko.pl\/index.php?rest_route=\/wp\/v2\/users\/2"}],"replies":[{"embeddable":true,"href":"http:\/\/roczyny.duszpasterstwa.bielsko.pl\/index.php?rest_route=%2Fwp%2Fv2%2Fcomments&post=19437"}],"version-history":[{"count":1,"href":"http:\/\/roczyny.duszpasterstwa.bielsko.pl\/index.php?rest_route=\/wp\/v2\/posts\/19437\/revisions"}],"predecessor-version":[{"id":19444,"href":"http:\/\/roczyny.duszpasterstwa.bielsko.pl\/index.php?rest_route=\/wp\/v2\/posts\/19437\/revisions\/19444"}],"wp:featuredmedia":[{"embeddable":true,"href":"http:\/\/roczyny.duszpasterstwa.bielsko.pl\/index.php?rest_route=\/wp\/v2\/media\/19440"}],"wp:attachment":[{"href":"http:\/\/roczyny.duszpasterstwa.bielsko.pl\/index.php?rest_route=%2Fwp%2Fv2%2Fmedia&parent=19437"}],"wp:term":[{"taxonomy":"category","embeddable":true,"href":"http:\/\/roczyny.duszpasterstwa.bielsko.pl\/index.php?rest_route=%2Fwp%2Fv2%2Fcategories&post=19437"},{"taxonomy":"post_tag","embeddable":true,"href":"http:\/\/roczyny.duszpasterstwa.bielsko.pl\/index.php?rest_route=%2Fwp%2Fv2%2Ftags&post=19437"}],"curies":[{"name":"wp","href":"https:\/\/api.w.org\/{rel}","templated":true}]}}