{"id":1917,"date":"2021-10-11T21:46:20","date_gmt":"2021-10-11T19:46:20","guid":{"rendered":"http:\/\/roczyny.duszpasterstwa.bielsko.pl\/?p=1917"},"modified":"2021-10-11T21:46:20","modified_gmt":"2021-10-11T19:46:20","slug":"dzieciaki-w-gronie-rodzinnym-przygotowaly-swoje","status":"publish","type":"post","link":"http:\/\/roczyny.duszpasterstwa.bielsko.pl\/?p=1917","title":{"rendered":"Dzieciaki w gronie rodzinnym przygotowa\u0142y swoje&#8230;"},"content":{"rendered":"<h3><strong>Dzieciaki klas III przygotowa\u0142y przy pomocy swojej RODZINKI &#8211; R\u00d3\u017bA\u0143CE&#8230;<\/strong><\/h3>\n<h3>W modlitwie i przy ogromnej rado\u015bci- &nbsp;z kuleczek drzewa oliwnego powstawa\u0142y ma\u0142e arcydzie\u0142a&#8230;<\/h3>\n<h3>Ufam, \u017ce pomog\u0105 im w modlitwie&#8230; Ufam, \u017ce RODZINKA si\u0119 troch\u0119 zmobilizowa\u0142a&#8230;.<\/h3>\n<h3>Po\u015bwi\u0119cenie r\u00f3\u017ca\u0144cy w najbli\u017csz\u0105 \u015brod\u0119 o godz. 17.00&#8230;<\/h3>\n<h3>PO MSZY \u015aW. ZAPRASZAMY WSZYSTKICH do udzia\u0142u w PRZEDSTAWIENIU FATIMSKIM!!!<\/h3>\n<h3>&nbsp;<\/h3>\n<figure id=\"attachment_1918\" aria-describedby=\"caption-attachment-1918\" style=\"width: 640px\" class=\"wp-caption alignnone\"><a href=\"http:\/\/roczyny.duszpasterstwa.bielsko.pl\/wp-content\/uploads\/2021\/10\/IMG_20211011_191855.jpg\"><img fetchpriority=\"high\" decoding=\"async\" class=\"size-large wp-image-1918\" src=\"http:\/\/roczyny.duszpasterstwa.bielsko.pl\/wp-content\/uploads\/2021\/10\/IMG_20211011_191855-768x1024.jpg\" alt=\"\" width=\"640\" height=\"853\" srcset=\"http:\/\/roczyny.duszpasterstwa.bielsko.pl\/wp-content\/uploads\/2021\/10\/IMG_20211011_191855-768x1024.jpg 768w, http:\/\/roczyny.duszpasterstwa.bielsko.pl\/wp-content\/uploads\/2021\/10\/IMG_20211011_191855-225x300.jpg 225w, http:\/\/roczyny.duszpasterstwa.bielsko.pl\/wp-content\/uploads\/2021\/10\/IMG_20211011_191855.jpg 1728w\" sizes=\"(max-width: 640px) 100vw, 640px\" \/><\/a><figcaption id=\"caption-attachment-1918\" class=\"wp-caption-text\">rbt<\/figcaption><\/figure>\n<figure id=\"attachment_1919\" aria-describedby=\"caption-attachment-1919\" style=\"width: 640px\" class=\"wp-caption alignnone\"><a href=\"http:\/\/roczyny.duszpasterstwa.bielsko.pl\/wp-content\/uploads\/2021\/10\/IMG_20211011_191813.jpg\"><img decoding=\"async\" class=\"size-large wp-image-1919\" src=\"http:\/\/roczyny.duszpasterstwa.bielsko.pl\/wp-content\/uploads\/2021\/10\/IMG_20211011_191813-768x1024.jpg\" alt=\"\" width=\"640\" height=\"853\" srcset=\"http:\/\/roczyny.duszpasterstwa.bielsko.pl\/wp-content\/uploads\/2021\/10\/IMG_20211011_191813-768x1024.jpg 768w, http:\/\/roczyny.duszpasterstwa.bielsko.pl\/wp-content\/uploads\/2021\/10\/IMG_20211011_191813-225x300.jpg 225w, http:\/\/roczyny.duszpasterstwa.bielsko.pl\/wp-content\/uploads\/2021\/10\/IMG_20211011_191813.jpg 1728w\" sizes=\"(max-width: 640px) 100vw, 640px\" \/><\/a><figcaption id=\"caption-attachment-1919\" class=\"wp-caption-text\">dav<\/figcaption><\/figure>\n<p><a href=\"http:\/\/roczyny.duszpasterstwa.bielsko.pl\/wp-content\/uploads\/2021\/10\/IMG_2792.jpg\"><img decoding=\"async\" class=\"alignnone size-large wp-image-1920\" src=\"http:\/\/roczyny.duszpasterstwa.bielsko.pl\/wp-content\/uploads\/2021\/10\/IMG_2792-498x1024.jpg\" alt=\"\" width=\"498\" height=\"1024\" srcset=\"http:\/\/roczyny.duszpasterstwa.bielsko.pl\/wp-content\/uploads\/2021\/10\/IMG_2792-498x1024.jpg 498w, http:\/\/roczyny.duszpasterstwa.bielsko.pl\/wp-content\/uploads\/2021\/10\/IMG_2792-146x300.jpg 146w, http:\/\/roczyny.duszpasterstwa.bielsko.pl\/wp-content\/uploads\/2021\/10\/IMG_2792.jpg 714w\" sizes=\"(max-width: 498px) 100vw, 498px\" \/><\/a> <a href=\"http:\/\/roczyny.duszpasterstwa.bielsko.pl\/wp-content\/uploads\/2021\/10\/IMG_2791.jpg\"><img loading=\"lazy\" decoding=\"async\" class=\"alignnone size-large wp-image-1921\" src=\"http:\/\/roczyny.duszpasterstwa.bielsko.pl\/wp-content\/uploads\/2021\/10\/IMG_2791-498x1024.jpg\" alt=\"\" width=\"498\" height=\"1024\" srcset=\"http:\/\/roczyny.duszpasterstwa.bielsko.pl\/wp-content\/uploads\/2021\/10\/IMG_2791-498x1024.jpg 498w, http:\/\/roczyny.duszpasterstwa.bielsko.pl\/wp-content\/uploads\/2021\/10\/IMG_2791-146x300.jpg 146w, http:\/\/roczyny.duszpasterstwa.bielsko.pl\/wp-content\/uploads\/2021\/10\/IMG_2791-768x1580.jpg 768w, http:\/\/roczyny.duszpasterstwa.bielsko.pl\/wp-content\/uploads\/2021\/10\/IMG_2791.jpg 819w\" sizes=\"(max-width: 498px) 100vw, 498px\" \/><\/a> <a href=\"http:\/\/roczyny.duszpasterstwa.bielsko.pl\/wp-content\/uploads\/2021\/10\/IMG_2790.jpg\"><img loading=\"lazy\" decoding=\"async\" class=\"alignnone size-large wp-image-1922\" src=\"http:\/\/roczyny.duszpasterstwa.bielsko.pl\/wp-content\/uploads\/2021\/10\/IMG_2790-703x1024.jpg\" alt=\"\" width=\"640\" height=\"932\" srcset=\"http:\/\/roczyny.duszpasterstwa.bielsko.pl\/wp-content\/uploads\/2021\/10\/IMG_2790-703x1024.jpg 703w, http:\/\/roczyny.duszpasterstwa.bielsko.pl\/wp-content\/uploads\/2021\/10\/IMG_2790-206x300.jpg 206w, http:\/\/roczyny.duszpasterstwa.bielsko.pl\/wp-content\/uploads\/2021\/10\/IMG_2790.jpg 741w\" sizes=\"(max-width: 640px) 100vw, 640px\" \/><\/a> <a href=\"http:\/\/roczyny.duszpasterstwa.bielsko.pl\/wp-content\/uploads\/2021\/10\/IMG_2789.jpg\"><img loading=\"lazy\" decoding=\"async\" class=\"alignnone size-large wp-image-1923\" src=\"http:\/\/roczyny.duszpasterstwa.bielsko.pl\/wp-content\/uploads\/2021\/10\/IMG_2789-655x1024.jpg\" alt=\"\" width=\"640\" height=\"1001\" srcset=\"http:\/\/roczyny.duszpasterstwa.bielsko.pl\/wp-content\/uploads\/2021\/10\/IMG_2789-655x1024.jpg 655w, http:\/\/roczyny.duszpasterstwa.bielsko.pl\/wp-content\/uploads\/2021\/10\/IMG_2789-192x300.jpg 192w, http:\/\/roczyny.duszpasterstwa.bielsko.pl\/wp-content\/uploads\/2021\/10\/IMG_2789-768x1201.jpg 768w, http:\/\/roczyny.duszpasterstwa.bielsko.pl\/wp-content\/uploads\/2021\/10\/IMG_2789.jpg 980w\" sizes=\"(max-width: 640px) 100vw, 640px\" \/><\/a> <a href=\"http:\/\/roczyny.duszpasterstwa.bielsko.pl\/wp-content\/uploads\/2021\/10\/IMG_2664.jpg\"><img loading=\"lazy\" decoding=\"async\" class=\"alignnone size-large wp-image-1924\" src=\"http:\/\/roczyny.duszpasterstwa.bielsko.pl\/wp-content\/uploads\/2021\/10\/IMG_2664.jpg\" alt=\"\" width=\"615\" height=\"820\" srcset=\"http:\/\/roczyny.duszpasterstwa.bielsko.pl\/wp-content\/uploads\/2021\/10\/IMG_2664.jpg 615w, http:\/\/roczyny.duszpasterstwa.bielsko.pl\/wp-content\/uploads\/2021\/10\/IMG_2664-225x300.jpg 225w\" sizes=\"(max-width: 615px) 100vw, 615px\" \/><\/a> <a href=\"http:\/\/roczyny.duszpasterstwa.bielsko.pl\/wp-content\/uploads\/2021\/10\/IMG_2666.jpg\"><img loading=\"lazy\" decoding=\"async\" class=\"alignnone size-large wp-image-1925\" src=\"http:\/\/roczyny.duszpasterstwa.bielsko.pl\/wp-content\/uploads\/2021\/10\/IMG_2666.jpg\" alt=\"\" width=\"615\" height=\"820\" srcset=\"http:\/\/roczyny.duszpasterstwa.bielsko.pl\/wp-content\/uploads\/2021\/10\/IMG_2666.jpg 615w, http:\/\/roczyny.duszpasterstwa.bielsko.pl\/wp-content\/uploads\/2021\/10\/IMG_2666-225x300.jpg 225w\" sizes=\"(max-width: 615px) 100vw, 615px\" \/><\/a> <a href=\"http:\/\/roczyny.duszpasterstwa.bielsko.pl\/wp-content\/uploads\/2021\/10\/IMG_2665.jpg\"><img loading=\"lazy\" decoding=\"async\" class=\"alignnone size-large wp-image-1926\" src=\"http:\/\/roczyny.duszpasterstwa.bielsko.pl\/wp-content\/uploads\/2021\/10\/IMG_2665.jpg\" alt=\"\" width=\"615\" height=\"820\" srcset=\"http:\/\/roczyny.duszpasterstwa.bielsko.pl\/wp-content\/uploads\/2021\/10\/IMG_2665.jpg 615w, http:\/\/roczyny.duszpasterstwa.bielsko.pl\/wp-content\/uploads\/2021\/10\/IMG_2665-225x300.jpg 225w\" sizes=\"(max-width: 615px) 100vw, 615px\" \/><\/a> <a href=\"http:\/\/roczyny.duszpasterstwa.bielsko.pl\/wp-content\/uploads\/2021\/10\/IMG_2467.jpg\"><img loading=\"lazy\" decoding=\"async\" class=\"alignnone size-large wp-image-1927\" src=\"http:\/\/roczyny.duszpasterstwa.bielsko.pl\/wp-content\/uploads\/2021\/10\/IMG_2467.jpg\" alt=\"\" width=\"638\" height=\"720\" srcset=\"http:\/\/roczyny.duszpasterstwa.bielsko.pl\/wp-content\/uploads\/2021\/10\/IMG_2467.jpg 638w, http:\/\/roczyny.duszpasterstwa.bielsko.pl\/wp-content\/uploads\/2021\/10\/IMG_2467-266x300.jpg 266w\" sizes=\"(max-width: 638px) 100vw, 638px\" \/><\/a> <a href=\"http:\/\/roczyny.duszpasterstwa.bielsko.pl\/wp-content\/uploads\/2021\/10\/IMG_2468.jpg\"><img loading=\"lazy\" decoding=\"async\" class=\"alignnone size-large wp-image-1928\" src=\"http:\/\/roczyny.duszpasterstwa.bielsko.pl\/wp-content\/uploads\/2021\/10\/IMG_2468.jpg\" alt=\"\" width=\"511\" height=\"720\" srcset=\"http:\/\/roczyny.duszpasterstwa.bielsko.pl\/wp-content\/uploads\/2021\/10\/IMG_2468.jpg 511w, http:\/\/roczyny.duszpasterstwa.bielsko.pl\/wp-content\/uploads\/2021\/10\/IMG_2468-213x300.jpg 213w\" sizes=\"(max-width: 511px) 100vw, 511px\" \/><\/a> <a href=\"http:\/\/roczyny.duszpasterstwa.bielsko.pl\/wp-content\/uploads\/2021\/10\/IMG_2469.jpg\"><img loading=\"lazy\" decoding=\"async\" class=\"alignnone size-large wp-image-1929\" src=\"http:\/\/roczyny.duszpasterstwa.bielsko.pl\/wp-content\/uploads\/2021\/10\/IMG_2469.jpg\" alt=\"\" width=\"459\" height=\"720\" srcset=\"http:\/\/roczyny.duszpasterstwa.bielsko.pl\/wp-content\/uploads\/2021\/10\/IMG_2469.jpg 459w, http:\/\/roczyny.duszpasterstwa.bielsko.pl\/wp-content\/uploads\/2021\/10\/IMG_2469-191x300.jpg 191w\" sizes=\"(max-width: 459px) 100vw, 459px\" \/><\/a> <a href=\"http:\/\/roczyny.duszpasterstwa.bielsko.pl\/wp-content\/uploads\/2021\/10\/IMG_2464.jpg\"><img loading=\"lazy\" decoding=\"async\" class=\"alignnone size-large wp-image-1930\" src=\"http:\/\/roczyny.duszpasterstwa.bielsko.pl\/wp-content\/uploads\/2021\/10\/IMG_2464-768x1024.jpg\" alt=\"\" width=\"640\" height=\"853\" srcset=\"http:\/\/roczyny.duszpasterstwa.bielsko.pl\/wp-content\/uploads\/2021\/10\/IMG_2464-768x1024.jpg 768w, http:\/\/roczyny.duszpasterstwa.bielsko.pl\/wp-content\/uploads\/2021\/10\/IMG_2464-225x300.jpg 225w, http:\/\/roczyny.duszpasterstwa.bielsko.pl\/wp-content\/uploads\/2021\/10\/IMG_2464.jpg 1080w\" sizes=\"(max-width: 640px) 100vw, 640px\" \/><\/a> <a href=\"http:\/\/roczyny.duszpasterstwa.bielsko.pl\/wp-content\/uploads\/2021\/10\/IMG_2465.jpg\"><img loading=\"lazy\" decoding=\"async\" class=\"alignnone size-large wp-image-1931\" src=\"http:\/\/roczyny.duszpasterstwa.bielsko.pl\/wp-content\/uploads\/2021\/10\/IMG_2465-768x1024.jpg\" alt=\"\" width=\"640\" height=\"853\" srcset=\"http:\/\/roczyny.duszpasterstwa.bielsko.pl\/wp-content\/uploads\/2021\/10\/IMG_2465-768x1024.jpg 768w, http:\/\/roczyny.duszpasterstwa.bielsko.pl\/wp-content\/uploads\/2021\/10\/IMG_2465-225x300.jpg 225w, http:\/\/roczyny.duszpasterstwa.bielsko.pl\/wp-content\/uploads\/2021\/10\/IMG_2465.jpg 1080w\" sizes=\"(max-width: 640px) 100vw, 640px\" \/><\/a> <a href=\"http:\/\/roczyny.duszpasterstwa.bielsko.pl\/wp-content\/uploads\/2021\/10\/IMG_2466.jpg\"><img loading=\"lazy\" decoding=\"async\" class=\"alignnone size-large wp-image-1932\" src=\"http:\/\/roczyny.duszpasterstwa.bielsko.pl\/wp-content\/uploads\/2021\/10\/IMG_2466-768x1024.jpg\" alt=\"\" width=\"640\" height=\"853\" srcset=\"http:\/\/roczyny.duszpasterstwa.bielsko.pl\/wp-content\/uploads\/2021\/10\/IMG_2466-768x1024.jpg 768w, http:\/\/roczyny.duszpasterstwa.bielsko.pl\/wp-content\/uploads\/2021\/10\/IMG_2466-225x300.jpg 225w, http:\/\/roczyny.duszpasterstwa.bielsko.pl\/wp-content\/uploads\/2021\/10\/IMG_2466.jpg 1080w\" sizes=\"(max-width: 640px) 100vw, 640px\" \/><\/a> <a href=\"http:\/\/roczyny.duszpasterstwa.bielsko.pl\/wp-content\/uploads\/2021\/10\/IMG-20211005-WA0000.jpg\"><img loading=\"lazy\" decoding=\"async\" class=\"alignnone size-large wp-image-1933\" src=\"http:\/\/roczyny.duszpasterstwa.bielsko.pl\/wp-content\/uploads\/2021\/10\/IMG-20211005-WA0000-1024x484.jpg\" alt=\"\" width=\"640\" height=\"303\" srcset=\"http:\/\/roczyny.duszpasterstwa.bielsko.pl\/wp-content\/uploads\/2021\/10\/IMG-20211005-WA0000-1024x484.jpg 1024w, http:\/\/roczyny.duszpasterstwa.bielsko.pl\/wp-content\/uploads\/2021\/10\/IMG-20211005-WA0000-300x142.jpg 300w, http:\/\/roczyny.duszpasterstwa.bielsko.pl\/wp-content\/uploads\/2021\/10\/IMG-20211005-WA0000-768x363.jpg 768w, http:\/\/roczyny.duszpasterstwa.bielsko.pl\/wp-content\/uploads\/2021\/10\/IMG-20211005-WA0000.jpg 1600w\" sizes=\"(max-width: 640px) 100vw, 640px\" \/><\/a> <a href=\"http:\/\/roczyny.duszpasterstwa.bielsko.pl\/wp-content\/uploads\/2021\/10\/IMG_2443-2.jpg\"><img loading=\"lazy\" decoding=\"async\" class=\"alignnone size-large wp-image-1934\" src=\"http:\/\/roczyny.duszpasterstwa.bielsko.pl\/wp-content\/uploads\/2021\/10\/IMG_2443-2-768x1024.jpg\" alt=\"\" width=\"640\" height=\"853\" srcset=\"http:\/\/roczyny.duszpasterstwa.bielsko.pl\/wp-content\/uploads\/2021\/10\/IMG_2443-2-768x1024.jpg 768w, http:\/\/roczyny.duszpasterstwa.bielsko.pl\/wp-content\/uploads\/2021\/10\/IMG_2443-2-225x300.jpg 225w, http:\/\/roczyny.duszpasterstwa.bielsko.pl\/wp-content\/uploads\/2021\/10\/IMG_2443-2.jpg 1080w\" sizes=\"(max-width: 640px) 100vw, 640px\" \/><\/a> <a href=\"http:\/\/roczyny.duszpasterstwa.bielsko.pl\/wp-content\/uploads\/2021\/10\/IMG_2444-3.jpg\"><img loading=\"lazy\" decoding=\"async\" class=\"alignnone size-large wp-image-1935\" src=\"http:\/\/roczyny.duszpasterstwa.bielsko.pl\/wp-content\/uploads\/2021\/10\/IMG_2444-3-768x1024.jpg\" alt=\"\" width=\"640\" height=\"853\" srcset=\"http:\/\/roczyny.duszpasterstwa.bielsko.pl\/wp-content\/uploads\/2021\/10\/IMG_2444-3-768x1024.jpg 768w, http:\/\/roczyny.duszpasterstwa.bielsko.pl\/wp-content\/uploads\/2021\/10\/IMG_2444-3-225x300.jpg 225w, http:\/\/roczyny.duszpasterstwa.bielsko.pl\/wp-content\/uploads\/2021\/10\/IMG_2444-3.jpg 1080w\" sizes=\"(max-width: 640px) 100vw, 640px\" \/><\/a> <a href=\"http:\/\/roczyny.duszpasterstwa.bielsko.pl\/wp-content\/uploads\/2021\/10\/IMG_2444-2.jpg\"><img loading=\"lazy\" decoding=\"async\" class=\"alignnone size-large wp-image-1936\" src=\"http:\/\/roczyny.duszpasterstwa.bielsko.pl\/wp-content\/uploads\/2021\/10\/IMG_2444-2-768x1024.jpg\" alt=\"\" width=\"640\" height=\"853\" srcset=\"http:\/\/roczyny.duszpasterstwa.bielsko.pl\/wp-content\/uploads\/2021\/10\/IMG_2444-2-768x1024.jpg 768w, http:\/\/roczyny.duszpasterstwa.bielsko.pl\/wp-content\/uploads\/2021\/10\/IMG_2444-2-225x300.jpg 225w, http:\/\/roczyny.duszpasterstwa.bielsko.pl\/wp-content\/uploads\/2021\/10\/IMG_2444-2.jpg 1080w\" sizes=\"(max-width: 640px) 100vw, 640px\" \/><\/a> <a href=\"http:\/\/roczyny.duszpasterstwa.bielsko.pl\/wp-content\/uploads\/2021\/10\/IMG_2446.jpg\"><img loading=\"lazy\" decoding=\"async\" class=\"alignnone size-large wp-image-1937\" src=\"http:\/\/roczyny.duszpasterstwa.bielsko.pl\/wp-content\/uploads\/2021\/10\/IMG_2446-768x1024.jpg\" alt=\"\" width=\"640\" height=\"853\" srcset=\"http:\/\/roczyny.duszpasterstwa.bielsko.pl\/wp-content\/uploads\/2021\/10\/IMG_2446-768x1024.jpg 768w, http:\/\/roczyny.duszpasterstwa.bielsko.pl\/wp-content\/uploads\/2021\/10\/IMG_2446-225x300.jpg 225w, http:\/\/roczyny.duszpasterstwa.bielsko.pl\/wp-content\/uploads\/2021\/10\/IMG_2446.jpg 1080w\" sizes=\"(max-width: 640px) 100vw, 640px\" \/><\/a> <a href=\"http:\/\/roczyny.duszpasterstwa.bielsko.pl\/wp-content\/uploads\/2021\/10\/IMG_2447.jpg\"><img loading=\"lazy\" decoding=\"async\" class=\"alignnone size-large wp-image-1938\" src=\"http:\/\/roczyny.duszpasterstwa.bielsko.pl\/wp-content\/uploads\/2021\/10\/IMG_2447-768x1024.jpg\" alt=\"\" width=\"640\" height=\"853\" srcset=\"http:\/\/roczyny.duszpasterstwa.bielsko.pl\/wp-content\/uploads\/2021\/10\/IMG_2447-768x1024.jpg 768w, http:\/\/roczyny.duszpasterstwa.bielsko.pl\/wp-content\/uploads\/2021\/10\/IMG_2447-225x300.jpg 225w, http:\/\/roczyny.duszpasterstwa.bielsko.pl\/wp-content\/uploads\/2021\/10\/IMG_2447.jpg 1080w\" sizes=\"(max-width: 640px) 100vw, 640px\" \/><\/a> <a href=\"http:\/\/roczyny.duszpasterstwa.bielsko.pl\/wp-content\/uploads\/2021\/10\/IMG_2462.jpg\"><img loading=\"lazy\" decoding=\"async\" class=\"alignnone size-large wp-image-1939\" src=\"http:\/\/roczyny.duszpasterstwa.bielsko.pl\/wp-content\/uploads\/2021\/10\/IMG_2462-576x1024.jpg\" alt=\"\" width=\"576\" height=\"1024\" srcset=\"http:\/\/roczyny.duszpasterstwa.bielsko.pl\/wp-content\/uploads\/2021\/10\/IMG_2462-576x1024.jpg 576w, http:\/\/roczyny.duszpasterstwa.bielsko.pl\/wp-content\/uploads\/2021\/10\/IMG_2462-169x300.jpg 169w, http:\/\/roczyny.duszpasterstwa.bielsko.pl\/wp-content\/uploads\/2021\/10\/IMG_2462.jpg 683w\" sizes=\"(max-width: 576px) 100vw, 576px\" \/><\/a> <a href=\"http:\/\/roczyny.duszpasterstwa.bielsko.pl\/wp-content\/uploads\/2021\/10\/IMG20211004192815.jpg\"><img loading=\"lazy\" decoding=\"async\" class=\"alignnone size-large wp-image-1940\" src=\"http:\/\/roczyny.duszpasterstwa.bielsko.pl\/wp-content\/uploads\/2021\/10\/IMG20211004192815-768x1024.jpg\" alt=\"\" width=\"640\" height=\"853\" srcset=\"http:\/\/roczyny.duszpasterstwa.bielsko.pl\/wp-content\/uploads\/2021\/10\/IMG20211004192815-768x1024.jpg 768w, http:\/\/roczyny.duszpasterstwa.bielsko.pl\/wp-content\/uploads\/2021\/10\/IMG20211004192815-225x300.jpg 225w\" sizes=\"(max-width: 640px) 100vw, 640px\" \/><\/a> <a href=\"http:\/\/roczyny.duszpasterstwa.bielsko.pl\/wp-content\/uploads\/2021\/10\/IMG20211004201102.jpg\"><img loading=\"lazy\" decoding=\"async\" class=\"alignnone size-large wp-image-1941\" src=\"http:\/\/roczyny.duszpasterstwa.bielsko.pl\/wp-content\/uploads\/2021\/10\/IMG20211004201102-768x1024.jpg\" alt=\"\" width=\"640\" height=\"853\" srcset=\"http:\/\/roczyny.duszpasterstwa.bielsko.pl\/wp-content\/uploads\/2021\/10\/IMG20211004201102-768x1024.jpg 768w, http:\/\/roczyny.duszpasterstwa.bielsko.pl\/wp-content\/uploads\/2021\/10\/IMG20211004201102-225x300.jpg 225w\" sizes=\"(max-width: 640px) 100vw, 640px\" \/><\/a> <a href=\"http:\/\/roczyny.duszpasterstwa.bielsko.pl\/wp-content\/uploads\/2021\/10\/IMG20211004195231.jpg\"><img loading=\"lazy\" decoding=\"async\" class=\"alignnone size-large wp-image-1942\" src=\"http:\/\/roczyny.duszpasterstwa.bielsko.pl\/wp-content\/uploads\/2021\/10\/IMG20211004195231-768x1024.jpg\" alt=\"\" width=\"640\" height=\"853\" srcset=\"http:\/\/roczyny.duszpasterstwa.bielsko.pl\/wp-content\/uploads\/2021\/10\/IMG20211004195231-768x1024.jpg 768w, http:\/\/roczyny.duszpasterstwa.bielsko.pl\/wp-content\/uploads\/2021\/10\/IMG20211004195231-225x300.jpg 225w\" sizes=\"(max-width: 640px) 100vw, 640px\" \/><\/a> <a href=\"http:\/\/roczyny.duszpasterstwa.bielsko.pl\/wp-content\/uploads\/2021\/10\/IMG_20211003_122641105.jpg\"><img loading=\"lazy\" decoding=\"async\" class=\"alignnone size-large wp-image-1943\" src=\"http:\/\/roczyny.duszpasterstwa.bielsko.pl\/wp-content\/uploads\/2021\/10\/IMG_20211003_122641105-1024x768.jpg\" alt=\"\" width=\"640\" height=\"480\" srcset=\"http:\/\/roczyny.duszpasterstwa.bielsko.pl\/wp-content\/uploads\/2021\/10\/IMG_20211003_122641105-1024x768.jpg 1024w, http:\/\/roczyny.duszpasterstwa.bielsko.pl\/wp-content\/uploads\/2021\/10\/IMG_20211003_122641105-300x225.jpg 300w, http:\/\/roczyny.duszpasterstwa.bielsko.pl\/wp-content\/uploads\/2021\/10\/IMG_20211003_122641105-768x576.jpg 768w, http:\/\/roczyny.duszpasterstwa.bielsko.pl\/wp-content\/uploads\/2021\/10\/IMG_20211003_122641105-360x270.jpg 360w\" sizes=\"(max-width: 640px) 100vw, 640px\" \/><\/a> <a href=\"http:\/\/roczyny.duszpasterstwa.bielsko.pl\/wp-content\/uploads\/2021\/10\/IMG_20211003_102300905.jpg\"><img loading=\"lazy\" decoding=\"async\" class=\"alignnone size-large wp-image-1944\" src=\"http:\/\/roczyny.duszpasterstwa.bielsko.pl\/wp-content\/uploads\/2021\/10\/IMG_20211003_102300905-1024x768.jpg\" alt=\"\" width=\"640\" height=\"480\" srcset=\"http:\/\/roczyny.duszpasterstwa.bielsko.pl\/wp-content\/uploads\/2021\/10\/IMG_20211003_102300905-1024x768.jpg 1024w, http:\/\/roczyny.duszpasterstwa.bielsko.pl\/wp-content\/uploads\/2021\/10\/IMG_20211003_102300905-300x225.jpg 300w, http:\/\/roczyny.duszpasterstwa.bielsko.pl\/wp-content\/uploads\/2021\/10\/IMG_20211003_102300905-768x576.jpg 768w, http:\/\/roczyny.duszpasterstwa.bielsko.pl\/wp-content\/uploads\/2021\/10\/IMG_20211003_102300905-360x270.jpg 360w\" sizes=\"(max-width: 640px) 100vw, 640px\" \/><\/a> <a href=\"http:\/\/roczyny.duszpasterstwa.bielsko.pl\/wp-content\/uploads\/2021\/10\/IMG_20211003_102513527.jpg\"><img loading=\"lazy\" decoding=\"async\" class=\"alignnone size-large wp-image-1945\" src=\"http:\/\/roczyny.duszpasterstwa.bielsko.pl\/wp-content\/uploads\/2021\/10\/IMG_20211003_102513527-768x1024.jpg\" alt=\"\" width=\"640\" height=\"853\" srcset=\"http:\/\/roczyny.duszpasterstwa.bielsko.pl\/wp-content\/uploads\/2021\/10\/IMG_20211003_102513527-768x1024.jpg 768w, http:\/\/roczyny.duszpasterstwa.bielsko.pl\/wp-content\/uploads\/2021\/10\/IMG_20211003_102513527-225x300.jpg 225w\" sizes=\"(max-width: 640px) 100vw, 640px\" \/><\/a> <a href=\"http:\/\/roczyny.duszpasterstwa.bielsko.pl\/wp-content\/uploads\/2021\/10\/IMG_20211004_145431912.jpg\"><img loading=\"lazy\" decoding=\"async\" class=\"alignnone size-large wp-image-1946\" src=\"http:\/\/roczyny.duszpasterstwa.bielsko.pl\/wp-content\/uploads\/2021\/10\/IMG_20211004_145431912-768x1024.jpg\" alt=\"\" width=\"640\" height=\"853\" srcset=\"http:\/\/roczyny.duszpasterstwa.bielsko.pl\/wp-content\/uploads\/2021\/10\/IMG_20211004_145431912-768x1024.jpg 768w, http:\/\/roczyny.duszpasterstwa.bielsko.pl\/wp-content\/uploads\/2021\/10\/IMG_20211004_145431912-225x300.jpg 225w\" sizes=\"(max-width: 640px) 100vw, 640px\" \/><\/a> <a href=\"http:\/\/roczyny.duszpasterstwa.bielsko.pl\/wp-content\/uploads\/2021\/10\/20211002_151407.jpg\"><img loading=\"lazy\" decoding=\"async\" class=\"alignnone size-large wp-image-1947\" src=\"http:\/\/roczyny.duszpasterstwa.bielsko.pl\/wp-content\/uploads\/2021\/10\/20211002_151407-1024x462.jpg\" alt=\"\" width=\"640\" height=\"289\" srcset=\"http:\/\/roczyny.duszpasterstwa.bielsko.pl\/wp-content\/uploads\/2021\/10\/20211002_151407-1024x462.jpg 1024w, http:\/\/roczyny.duszpasterstwa.bielsko.pl\/wp-content\/uploads\/2021\/10\/20211002_151407-300x135.jpg 300w, http:\/\/roczyny.duszpasterstwa.bielsko.pl\/wp-content\/uploads\/2021\/10\/20211002_151407-768x346.jpg 768w\" sizes=\"(max-width: 640px) 100vw, 640px\" \/><\/a> <a href=\"http:\/\/roczyny.duszpasterstwa.bielsko.pl\/wp-content\/uploads\/2021\/10\/20211002_151408.jpg\"><img loading=\"lazy\" decoding=\"async\" class=\"alignnone size-large wp-image-1948\" src=\"http:\/\/roczyny.duszpasterstwa.bielsko.pl\/wp-content\/uploads\/2021\/10\/20211002_151408-1024x462.jpg\" alt=\"\" width=\"640\" height=\"289\" srcset=\"http:\/\/roczyny.duszpasterstwa.bielsko.pl\/wp-content\/uploads\/2021\/10\/20211002_151408-1024x462.jpg 1024w, http:\/\/roczyny.duszpasterstwa.bielsko.pl\/wp-content\/uploads\/2021\/10\/20211002_151408-300x135.jpg 300w, http:\/\/roczyny.duszpasterstwa.bielsko.pl\/wp-content\/uploads\/2021\/10\/20211002_151408-768x346.jpg 768w\" sizes=\"(max-width: 640px) 100vw, 640px\" \/><\/a> <a href=\"http:\/\/roczyny.duszpasterstwa.bielsko.pl\/wp-content\/uploads\/2021\/10\/Screenshot_20211004-132552_Gallery.jpg\"><img loading=\"lazy\" decoding=\"async\" class=\"alignnone size-large wp-image-1949\" src=\"http:\/\/roczyny.duszpasterstwa.bielsko.pl\/wp-content\/uploads\/2021\/10\/Screenshot_20211004-132552_Gallery-1024x774.jpg\" alt=\"\" width=\"640\" height=\"484\" srcset=\"http:\/\/roczyny.duszpasterstwa.bielsko.pl\/wp-content\/uploads\/2021\/10\/Screenshot_20211004-132552_Gallery-1024x774.jpg 1024w, http:\/\/roczyny.duszpasterstwa.bielsko.pl\/wp-content\/uploads\/2021\/10\/Screenshot_20211004-132552_Gallery-300x227.jpg 300w, http:\/\/roczyny.duszpasterstwa.bielsko.pl\/wp-content\/uploads\/2021\/10\/Screenshot_20211004-132552_Gallery-768x580.jpg 768w, http:\/\/roczyny.duszpasterstwa.bielsko.pl\/wp-content\/uploads\/2021\/10\/Screenshot_20211004-132552_Gallery.jpg 1080w\" sizes=\"(max-width: 640px) 100vw, 640px\" \/><\/a> <a href=\"http:\/\/roczyny.duszpasterstwa.bielsko.pl\/wp-content\/uploads\/2021\/10\/IMG_2443.jpg\"><img loading=\"lazy\" decoding=\"async\" class=\"alignnone size-large wp-image-1950\" src=\"http:\/\/roczyny.duszpasterstwa.bielsko.pl\/wp-content\/uploads\/2021\/10\/IMG_2443-768x1024.jpg\" alt=\"\" width=\"640\" height=\"853\" srcset=\"http:\/\/roczyny.duszpasterstwa.bielsko.pl\/wp-content\/uploads\/2021\/10\/IMG_2443-768x1024.jpg 768w, http:\/\/roczyny.duszpasterstwa.bielsko.pl\/wp-content\/uploads\/2021\/10\/IMG_2443-225x300.jpg 225w, http:\/\/roczyny.duszpasterstwa.bielsko.pl\/wp-content\/uploads\/2021\/10\/IMG_2443.jpg 1080w\" sizes=\"(max-width: 640px) 100vw, 640px\" \/><\/a> <a href=\"http:\/\/roczyny.duszpasterstwa.bielsko.pl\/wp-content\/uploads\/2021\/10\/IMG_2444.jpg\"><img loading=\"lazy\" decoding=\"async\" class=\"alignnone size-large wp-image-1951\" src=\"http:\/\/roczyny.duszpasterstwa.bielsko.pl\/wp-content\/uploads\/2021\/10\/IMG_2444-768x1024.jpg\" alt=\"\" width=\"640\" height=\"853\" srcset=\"http:\/\/roczyny.duszpasterstwa.bielsko.pl\/wp-content\/uploads\/2021\/10\/IMG_2444-768x1024.jpg 768w, http:\/\/roczyny.duszpasterstwa.bielsko.pl\/wp-content\/uploads\/2021\/10\/IMG_2444-225x300.jpg 225w, http:\/\/roczyny.duszpasterstwa.bielsko.pl\/wp-content\/uploads\/2021\/10\/IMG_2444.jpg 1080w\" sizes=\"(max-width: 640px) 100vw, 640px\" \/><\/a> <a href=\"http:\/\/roczyny.duszpasterstwa.bielsko.pl\/wp-content\/uploads\/2021\/10\/IMG_2445.jpg\"><img loading=\"lazy\" decoding=\"async\" class=\"alignnone size-large wp-image-1952\" src=\"http:\/\/roczyny.duszpasterstwa.bielsko.pl\/wp-content\/uploads\/2021\/10\/IMG_2445-768x1024.jpg\" alt=\"\" width=\"640\" height=\"853\" srcset=\"http:\/\/roczyny.duszpasterstwa.bielsko.pl\/wp-content\/uploads\/2021\/10\/IMG_2445-768x1024.jpg 768w, http:\/\/roczyny.duszpasterstwa.bielsko.pl\/wp-content\/uploads\/2021\/10\/IMG_2445-225x300.jpg 225w, http:\/\/roczyny.duszpasterstwa.bielsko.pl\/wp-content\/uploads\/2021\/10\/IMG_2445.jpg 810w\" sizes=\"(max-width: 640px) 100vw, 640px\" \/><\/a> <a href=\"http:\/\/roczyny.duszpasterstwa.bielsko.pl\/wp-content\/uploads\/2021\/10\/image4.jpeg\"><img loading=\"lazy\" decoding=\"async\" class=\"alignnone size-large wp-image-1953\" src=\"http:\/\/roczyny.duszpasterstwa.bielsko.pl\/wp-content\/uploads\/2021\/10\/image4.jpeg\" alt=\"\" width=\"640\" height=\"482\" srcset=\"http:\/\/roczyny.duszpasterstwa.bielsko.pl\/wp-content\/uploads\/2021\/10\/image4.jpeg 640w, http:\/\/roczyny.duszpasterstwa.bielsko.pl\/wp-content\/uploads\/2021\/10\/image4-300x226.jpeg 300w, http:\/\/roczyny.duszpasterstwa.bielsko.pl\/wp-content\/uploads\/2021\/10\/image4-360x270.jpeg 360w\" sizes=\"(max-width: 640px) 100vw, 640px\" \/><\/a> <a href=\"http:\/\/roczyny.duszpasterstwa.bielsko.pl\/wp-content\/uploads\/2021\/10\/image3.jpeg\"><img loading=\"lazy\" decoding=\"async\" class=\"alignnone size-large wp-image-1954\" src=\"http:\/\/roczyny.duszpasterstwa.bielsko.pl\/wp-content\/uploads\/2021\/10\/image3.jpeg\" alt=\"\" width=\"640\" height=\"480\" srcset=\"http:\/\/roczyny.duszpasterstwa.bielsko.pl\/wp-content\/uploads\/2021\/10\/image3.jpeg 640w, http:\/\/roczyny.duszpasterstwa.bielsko.pl\/wp-content\/uploads\/2021\/10\/image3-300x225.jpeg 300w, http:\/\/roczyny.duszpasterstwa.bielsko.pl\/wp-content\/uploads\/2021\/10\/image3-360x270.jpeg 360w\" sizes=\"(max-width: 640px) 100vw, 640px\" \/><\/a> <a href=\"http:\/\/roczyny.duszpasterstwa.bielsko.pl\/wp-content\/uploads\/2021\/10\/image1-2.jpeg\"><img loading=\"lazy\" decoding=\"async\" class=\"alignnone size-large wp-image-1955\" src=\"http:\/\/roczyny.duszpasterstwa.bielsko.pl\/wp-content\/uploads\/2021\/10\/image1-2.jpeg\" alt=\"\" width=\"480\" height=\"640\" srcset=\"http:\/\/roczyny.duszpasterstwa.bielsko.pl\/wp-content\/uploads\/2021\/10\/image1-2.jpeg 480w, http:\/\/roczyny.duszpasterstwa.bielsko.pl\/wp-content\/uploads\/2021\/10\/image1-2-225x300.jpeg 225w\" sizes=\"(max-width: 480px) 100vw, 480px\" \/><\/a> <a href=\"http:\/\/roczyny.duszpasterstwa.bielsko.pl\/wp-content\/uploads\/2021\/10\/image2-2.jpeg\"><img loading=\"lazy\" decoding=\"async\" class=\"alignnone size-large wp-image-1956\" src=\"http:\/\/roczyny.duszpasterstwa.bielsko.pl\/wp-content\/uploads\/2021\/10\/image2-2.jpeg\" alt=\"\" width=\"640\" height=\"480\" srcset=\"http:\/\/roczyny.duszpasterstwa.bielsko.pl\/wp-content\/uploads\/2021\/10\/image2-2.jpeg 640w, http:\/\/roczyny.duszpasterstwa.bielsko.pl\/wp-content\/uploads\/2021\/10\/image2-2-300x225.jpeg 300w, http:\/\/roczyny.duszpasterstwa.bielsko.pl\/wp-content\/uploads\/2021\/10\/image2-2-360x270.jpeg 360w\" sizes=\"(max-width: 640px) 100vw, 640px\" \/><\/a> <a href=\"http:\/\/roczyny.duszpasterstwa.bielsko.pl\/wp-content\/uploads\/2021\/10\/image0-2.jpeg\"><img loading=\"lazy\" decoding=\"async\" class=\"alignnone size-large wp-image-1957\" src=\"http:\/\/roczyny.duszpasterstwa.bielsko.pl\/wp-content\/uploads\/2021\/10\/image0-2.jpeg\" alt=\"\" width=\"480\" height=\"640\" srcset=\"http:\/\/roczyny.duszpasterstwa.bielsko.pl\/wp-content\/uploads\/2021\/10\/image0-2.jpeg 480w, http:\/\/roczyny.duszpasterstwa.bielsko.pl\/wp-content\/uploads\/2021\/10\/image0-2-225x300.jpeg 225w\" sizes=\"(max-width: 480px) 100vw, 480px\" \/><\/a> <a href=\"http:\/\/roczyny.duszpasterstwa.bielsko.pl\/wp-content\/uploads\/2021\/10\/IMG_2439.jpg\"><img loading=\"lazy\" decoding=\"async\" class=\"alignnone size-large wp-image-1958\" src=\"http:\/\/roczyny.duszpasterstwa.bielsko.pl\/wp-content\/uploads\/2021\/10\/IMG_2439.jpg\" alt=\"\" width=\"480\" height=\"639\" srcset=\"http:\/\/roczyny.duszpasterstwa.bielsko.pl\/wp-content\/uploads\/2021\/10\/IMG_2439.jpg 480w, http:\/\/roczyny.duszpasterstwa.bielsko.pl\/wp-content\/uploads\/2021\/10\/IMG_2439-225x300.jpg 225w\" sizes=\"(max-width: 480px) 100vw, 480px\" \/><\/a> <a href=\"http:\/\/roczyny.duszpasterstwa.bielsko.pl\/wp-content\/uploads\/2021\/10\/IMG_2440.jpg\"><img loading=\"lazy\" decoding=\"async\" class=\"alignnone size-large wp-image-1959\" src=\"http:\/\/roczyny.duszpasterstwa.bielsko.pl\/wp-content\/uploads\/2021\/10\/IMG_2440.jpg\" alt=\"\" width=\"480\" height=\"639\" srcset=\"http:\/\/roczyny.duszpasterstwa.bielsko.pl\/wp-content\/uploads\/2021\/10\/IMG_2440.jpg 480w, http:\/\/roczyny.duszpasterstwa.bielsko.pl\/wp-content\/uploads\/2021\/10\/IMG_2440-225x300.jpg 225w\" sizes=\"(max-width: 480px) 100vw, 480px\" \/><\/a> <a href=\"http:\/\/roczyny.duszpasterstwa.bielsko.pl\/wp-content\/uploads\/2021\/10\/IMG_2441.jpg\"><img loading=\"lazy\" decoding=\"async\" class=\"alignnone size-large wp-image-1960\" src=\"http:\/\/roczyny.duszpasterstwa.bielsko.pl\/wp-content\/uploads\/2021\/10\/IMG_2441.jpg\" alt=\"\" width=\"480\" height=\"639\" srcset=\"http:\/\/roczyny.duszpasterstwa.bielsko.pl\/wp-content\/uploads\/2021\/10\/IMG_2441.jpg 480w, http:\/\/roczyny.duszpasterstwa.bielsko.pl\/wp-content\/uploads\/2021\/10\/IMG_2441-225x300.jpg 225w\" sizes=\"(max-width: 480px) 100vw, 480px\" \/><\/a> <a href=\"http:\/\/roczyny.duszpasterstwa.bielsko.pl\/wp-content\/uploads\/2021\/10\/image1.jpeg\"><img loading=\"lazy\" decoding=\"async\" class=\"alignnone size-large wp-image-1961\" src=\"http:\/\/roczyny.duszpasterstwa.bielsko.pl\/wp-content\/uploads\/2021\/10\/image1.jpeg\" alt=\"\" width=\"640\" height=\"480\" srcset=\"http:\/\/roczyny.duszpasterstwa.bielsko.pl\/wp-content\/uploads\/2021\/10\/image1.jpeg 640w, http:\/\/roczyny.duszpasterstwa.bielsko.pl\/wp-content\/uploads\/2021\/10\/image1-300x225.jpeg 300w, http:\/\/roczyny.duszpasterstwa.bielsko.pl\/wp-content\/uploads\/2021\/10\/image1-360x270.jpeg 360w\" sizes=\"(max-width: 640px) 100vw, 640px\" \/><\/a> <a href=\"http:\/\/roczyny.duszpasterstwa.bielsko.pl\/wp-content\/uploads\/2021\/10\/image2.jpeg\"><img loading=\"lazy\" decoding=\"async\" class=\"alignnone size-large wp-image-1962\" src=\"http:\/\/roczyny.duszpasterstwa.bielsko.pl\/wp-content\/uploads\/2021\/10\/image2.jpeg\" alt=\"\" width=\"640\" height=\"480\" srcset=\"http:\/\/roczyny.duszpasterstwa.bielsko.pl\/wp-content\/uploads\/2021\/10\/image2.jpeg 640w, http:\/\/roczyny.duszpasterstwa.bielsko.pl\/wp-content\/uploads\/2021\/10\/image2-300x225.jpeg 300w, http:\/\/roczyny.duszpasterstwa.bielsko.pl\/wp-content\/uploads\/2021\/10\/image2-360x270.jpeg 360w\" sizes=\"(max-width: 640px) 100vw, 640px\" \/><\/a> <a href=\"http:\/\/roczyny.duszpasterstwa.bielsko.pl\/wp-content\/uploads\/2021\/10\/image0.jpeg\"><img loading=\"lazy\" decoding=\"async\" class=\"alignnone size-large wp-image-1963\" src=\"http:\/\/roczyny.duszpasterstwa.bielsko.pl\/wp-content\/uploads\/2021\/10\/image0.jpeg\" alt=\"\" width=\"640\" height=\"480\" srcset=\"http:\/\/roczyny.duszpasterstwa.bielsko.pl\/wp-content\/uploads\/2021\/10\/image0.jpeg 640w, http:\/\/roczyny.duszpasterstwa.bielsko.pl\/wp-content\/uploads\/2021\/10\/image0-300x225.jpeg 300w, http:\/\/roczyny.duszpasterstwa.bielsko.pl\/wp-content\/uploads\/2021\/10\/image0-360x270.jpeg 360w\" sizes=\"(max-width: 640px) 100vw, 640px\" \/><\/a> <a href=\"http:\/\/roczyny.duszpasterstwa.bielsko.pl\/wp-content\/uploads\/2021\/10\/IMG20211003120509.jpg\"><img loading=\"lazy\" decoding=\"async\" class=\"alignnone size-large wp-image-1964\" src=\"http:\/\/roczyny.duszpasterstwa.bielsko.pl\/wp-content\/uploads\/2021\/10\/IMG20211003120509-1024x768.jpg\" alt=\"\" width=\"640\" height=\"480\" srcset=\"http:\/\/roczyny.duszpasterstwa.bielsko.pl\/wp-content\/uploads\/2021\/10\/IMG20211003120509-1024x768.jpg 1024w, http:\/\/roczyny.duszpasterstwa.bielsko.pl\/wp-content\/uploads\/2021\/10\/IMG20211003120509-300x225.jpg 300w, http:\/\/roczyny.duszpasterstwa.bielsko.pl\/wp-content\/uploads\/2021\/10\/IMG20211003120509-768x576.jpg 768w, http:\/\/roczyny.duszpasterstwa.bielsko.pl\/wp-content\/uploads\/2021\/10\/IMG20211003120509-360x270.jpg 360w\" sizes=\"(max-width: 640px) 100vw, 640px\" \/><\/a> <a href=\"http:\/\/roczyny.duszpasterstwa.bielsko.pl\/wp-content\/uploads\/2021\/10\/IMG20211003120538.jpg\"><img loading=\"lazy\" decoding=\"async\" class=\"alignnone size-large wp-image-1965\" src=\"http:\/\/roczyny.duszpasterstwa.bielsko.pl\/wp-content\/uploads\/2021\/10\/IMG20211003120538-768x1024.jpg\" alt=\"\" width=\"640\" height=\"853\" srcset=\"http:\/\/roczyny.duszpasterstwa.bielsko.pl\/wp-content\/uploads\/2021\/10\/IMG20211003120538-768x1024.jpg 768w, http:\/\/roczyny.duszpasterstwa.bielsko.pl\/wp-content\/uploads\/2021\/10\/IMG20211003120538-225x300.jpg 225w\" sizes=\"(max-width: 640px) 100vw, 640px\" \/><\/a> <a href=\"http:\/\/roczyny.duszpasterstwa.bielsko.pl\/wp-content\/uploads\/2021\/10\/IMG20211003130125.jpg\"><img loading=\"lazy\" decoding=\"async\" class=\"alignnone size-large wp-image-1966\" src=\"http:\/\/roczyny.duszpasterstwa.bielsko.pl\/wp-content\/uploads\/2021\/10\/IMG20211003130125-768x1024.jpg\" alt=\"\" width=\"640\" height=\"853\" srcset=\"http:\/\/roczyny.duszpasterstwa.bielsko.pl\/wp-content\/uploads\/2021\/10\/IMG20211003130125-768x1024.jpg 768w, http:\/\/roczyny.duszpasterstwa.bielsko.pl\/wp-content\/uploads\/2021\/10\/IMG20211003130125-225x300.jpg 225w\" sizes=\"(max-width: 640px) 100vw, 640px\" \/><\/a><\/p>\n","protected":false},"excerpt":{"rendered":"<p>Dzieciaki klas III przygotowa\u0142y przy pomocy swojej RODZINKI &#8211; R\u00d3\u017bA\u0143CE&#8230; W modlitwie i przy ogromnej rado\u015bci- &nbsp;z kuleczek drzewa oliwnego <a class=\"read-more\" href=\"http:\/\/roczyny.duszpasterstwa.bielsko.pl\/?p=1917\">czytaj dalej<\/a><\/p>\n","protected":false},"author":2,"featured_media":1949,"comment_status":"closed","ping_status":"open","sticky":false,"template":"","format":"standard","meta":{"ngg_post_thumbnail":0,"footnotes":""},"categories":[15],"tags":[],"class_list":["post-1917","post","type-post","status-publish","format-standard","has-post-thumbnail","hentry","category-aktualnosci","post-item clearfix"],"_links":{"self":[{"href":"http:\/\/roczyny.duszpasterstwa.bielsko.pl\/index.php?rest_route=\/wp\/v2\/posts\/1917"}],"collection":[{"href":"http:\/\/roczyny.duszpasterstwa.bielsko.pl\/index.php?rest_route=\/wp\/v2\/posts"}],"about":[{"href":"http:\/\/roczyny.duszpasterstwa.bielsko.pl\/index.php?rest_route=\/wp\/v2\/types\/post"}],"author":[{"embeddable":true,"href":"http:\/\/roczyny.duszpasterstwa.bielsko.pl\/index.php?rest_route=\/wp\/v2\/users\/2"}],"replies":[{"embeddable":true,"href":"http:\/\/roczyny.duszpasterstwa.bielsko.pl\/index.php?rest_route=%2Fwp%2Fv2%2Fcomments&post=1917"}],"version-history":[{"count":1,"href":"http:\/\/roczyny.duszpasterstwa.bielsko.pl\/index.php?rest_route=\/wp\/v2\/posts\/1917\/revisions"}],"predecessor-version":[{"id":1967,"href":"http:\/\/roczyny.duszpasterstwa.bielsko.pl\/index.php?rest_route=\/wp\/v2\/posts\/1917\/revisions\/1967"}],"wp:featuredmedia":[{"embeddable":true,"href":"http:\/\/roczyny.duszpasterstwa.bielsko.pl\/index.php?rest_route=\/wp\/v2\/media\/1949"}],"wp:attachment":[{"href":"http:\/\/roczyny.duszpasterstwa.bielsko.pl\/index.php?rest_route=%2Fwp%2Fv2%2Fmedia&parent=1917"}],"wp:term":[{"taxonomy":"category","embeddable":true,"href":"http:\/\/roczyny.duszpasterstwa.bielsko.pl\/index.php?rest_route=%2Fwp%2Fv2%2Fcategories&post=1917"},{"taxonomy":"post_tag","embeddable":true,"href":"http:\/\/roczyny.duszpasterstwa.bielsko.pl\/index.php?rest_route=%2Fwp%2Fv2%2Ftags&post=1917"}],"curies":[{"name":"wp","href":"https:\/\/api.w.org\/{rel}","templated":true}]}}