{"id":19140,"date":"2024-06-29T05:18:39","date_gmt":"2024-06-29T03:18:39","guid":{"rendered":"http:\/\/roczyny.duszpasterstwa.bielsko.pl\/?p=19140"},"modified":"2024-06-29T05:18:39","modified_gmt":"2024-06-29T03:18:39","slug":"ogloszenia-parafialne-xiii-niedziela-zwykla-2","status":"publish","type":"post","link":"http:\/\/roczyny.duszpasterstwa.bielsko.pl\/?p=19140","title":{"rendered":"OG\u0141OSZENIA PARAFIALNE &#8211; XIII NIEDZIELA ZWYK\u0141A"},"content":{"rendered":"<h3 style=\"font-weight: 400;\"><strong><u>X I I I&nbsp;&nbsp;&nbsp; N I E D Z I E L A&nbsp;&nbsp;&nbsp; Z W Y K \u0141 A<\/u><\/strong> &nbsp;(30.o6.2024r.)<\/h3>\n<h3 style=\"font-weight: 400;\">\u015aroda&nbsp;&nbsp;&nbsp; &#8211; \u015bwi\u0119to \u015bw. Tomasza, Ap.<\/h3>\n<h3 style=\"font-weight: 400;\">Sobota &#8211;&nbsp; wsp. b\u0142. Marii Teresy Leduchowskiej, dz.<\/h3>\n<h3 style=\"font-weight: 400;\">W tym tygodniu I-wszy czwartek i I-wszy pi\u0105tek miesi\u0105ca<\/h3>\n<h3 style=\"font-weight: 400;\">W pi\u0105tek czcimy Naj\u015bw. Serce Pana Jezusa, za\u015b w sobot\u0119 oddajemy cze\u015b\u0107 Niepokalanemu Sercu NMP<\/h3>\n<h3 style=\"font-weight: 400;\">Jak by\u0142o zapowiadane od dzisiejszej niedzieli przez okres wakacji nie b\u0119dzie Mszy \u015bw. o godz.15.oo<\/h3>\n<h3 style=\"font-weight: 400;\">Natomiast w tygodniu Msz\u0119 \u015bw. b\u0119d\u0105 rano \u2013we wtorki, czwartki i pi\u0105tki<\/h3>\n<h3 style=\"font-weight: 400;\">Msze \u015bw. wieczorne b\u0119d\u0105 \u2013 w poniedzia\u0142ki, \u015brody i soboty<\/h3>\n<h3 style=\"font-weight: 400;\"><strong><em>I N T E N C J E&nbsp;&nbsp; M S Z Y&nbsp;&nbsp; \u015aW.<\/em><\/strong><\/h3>\n<h3 style=\"font-weight: 400;\">Poniedzia\u0142ek(1)<\/h3>\n<h3 style=\"font-weight: 400;\">&nbsp;&nbsp; godz.18.oo &#8211; +Jana Sikor\u0119<\/h3>\n<h3 style=\"font-weight: 400;\">Wtorek(2)<\/h3>\n<h3 style=\"font-weight: 400;\">&nbsp;&nbsp; godz.6.3o&nbsp;&nbsp; &#8211; +Maria Bura<\/h3>\n<h3 style=\"font-weight: 400;\">\u015aroda(3)<\/h3>\n<h3 style=\"font-weight: 400;\">&nbsp;&nbsp; godz.18.oo &#8211; +Helen\u0119 \u015aciga z te\u015bciami Franciszkiem i Janin\u0105<\/h3>\n<h3 style=\"font-weight: 400;\">Czwartek(4)<\/h3>\n<h3 style=\"font-weight: 400;\">&nbsp;&nbsp; godz.6.3o&nbsp;&nbsp; &#8211; Za dusze wypominane<\/h3>\n<h3 style=\"font-weight: 400;\">&nbsp;&nbsp; godz.18.oo &#8211; +W\u0142adys\u0142aw\u0119 Matuszek z R\u00f3\u017cy ks. Jana Marsza\u0142ka<\/h3>\n<h3 style=\"font-weight: 400;\">Pi\u0105tek(5)<\/h3>\n<h3 style=\"font-weight: 400;\">&nbsp;&nbsp; godz.6.3o&nbsp;&nbsp; &#8211; +Mari\u0119 Sordyl<\/h3>\n<h3 style=\"font-weight: 400;\">&nbsp;&nbsp; godz.18.oo &#8211; +Mari\u0119 Guzdek z c\u00f3rk\u0105 Jadwig\u0105<\/h3>\n<h3 style=\"font-weight: 400;\">Sobota(6)<\/h3>\n<h3 style=\"font-weight: 400;\">&nbsp;&nbsp; godz.18.oo \u2013 O zdrowie i b\u0142. Bo\u017ce za przyczyn\u0105 b\u0142. Rodziny Ulm\u00f3w z ul. Dzia\u0142y<\/h3>\n<h3 style=\"font-weight: 400;\">Niedziela(7)<\/h3>\n<h3 style=\"font-weight: 400;\">&nbsp;&nbsp; godz.7.oo&nbsp;&nbsp; &#8211; +Leona Schabowicz od swat\u00f3w z rodzin\u0105<\/h3>\n<h3 style=\"font-weight: 400;\">&nbsp;&nbsp;&nbsp;&nbsp;&nbsp;&nbsp;&nbsp;&nbsp;&nbsp;&nbsp;&nbsp;&nbsp;&nbsp;&nbsp;&nbsp;&nbsp;&nbsp;&nbsp;&nbsp;&nbsp;&nbsp;&nbsp;&nbsp; &#8211; +Mieczys\u0142awa Chrapkowicz<\/h3>\n<h3 style=\"font-weight: 400;\">&nbsp;&nbsp; godz.9.oo&nbsp;&nbsp; &#8211; Siostr\u0119 Ann\u0119 z bra\u0107mi Stanis\u0142awem i Tadeuszem<\/h3>\n<h3 style=\"font-weight: 400;\">&nbsp;&nbsp;&nbsp;&nbsp;&nbsp;&nbsp;&nbsp;&nbsp;&nbsp;&nbsp;&nbsp;&nbsp;&nbsp;&nbsp;&nbsp;&nbsp;&nbsp;&nbsp;&nbsp;&nbsp;&nbsp;&nbsp;&nbsp; &#8211; W int Kingi z okazji urodzin z pro\u015bb\u0105 o b\u0142. Bo\u017ce i opiek\u0119 Matki Bo\u017cej<\/h3>\n<h3 style=\"font-weight: 400;\">&nbsp;&nbsp; godz.11.oo &#8211; +Kazimierza Smyrak 5 r. \u015bm.<\/h3>\n<h3 style=\"font-weight: 400;\">&nbsp;&nbsp;&nbsp;&nbsp;&nbsp;&nbsp;&nbsp;&nbsp;&nbsp;&nbsp;&nbsp;&nbsp;&nbsp;&nbsp;&nbsp;&nbsp;&nbsp;&nbsp;&nbsp;&nbsp;&nbsp;&nbsp;&nbsp;&nbsp; &#8211; O zdrowie i b\u0142. Bo\u017ce dla uczestnik\u00f3w Maj\u00f3wek z ulicy Polana<\/h3>\n","protected":false},"excerpt":{"rendered":"<p>X I I I&nbsp;&nbsp;&nbsp; N I E D Z I E L A&nbsp;&nbsp;&nbsp; Z W Y K \u0141 A &nbsp;(30.o6.2024r.) <a class=\"read-more\" href=\"http:\/\/roczyny.duszpasterstwa.bielsko.pl\/?p=19140\">czytaj dalej<\/a><\/p>\n","protected":false},"author":2,"featured_media":19055,"comment_status":"closed","ping_status":"open","sticky":false,"template":"","format":"standard","meta":{"ngg_post_thumbnail":0,"footnotes":""},"categories":[15,12],"tags":[],"class_list":["post-19140","post","type-post","status-publish","format-standard","has-post-thumbnail","hentry","category-aktualnosci","category-ogloszenia-parafialne","post-item clearfix"],"_links":{"self":[{"href":"http:\/\/roczyny.duszpasterstwa.bielsko.pl\/index.php?rest_route=\/wp\/v2\/posts\/19140"}],"collection":[{"href":"http:\/\/roczyny.duszpasterstwa.bielsko.pl\/index.php?rest_route=\/wp\/v2\/posts"}],"about":[{"href":"http:\/\/roczyny.duszpasterstwa.bielsko.pl\/index.php?rest_route=\/wp\/v2\/types\/post"}],"author":[{"embeddable":true,"href":"http:\/\/roczyny.duszpasterstwa.bielsko.pl\/index.php?rest_route=\/wp\/v2\/users\/2"}],"replies":[{"embeddable":true,"href":"http:\/\/roczyny.duszpasterstwa.bielsko.pl\/index.php?rest_route=%2Fwp%2Fv2%2Fcomments&post=19140"}],"version-history":[{"count":1,"href":"http:\/\/roczyny.duszpasterstwa.bielsko.pl\/index.php?rest_route=\/wp\/v2\/posts\/19140\/revisions"}],"predecessor-version":[{"id":19141,"href":"http:\/\/roczyny.duszpasterstwa.bielsko.pl\/index.php?rest_route=\/wp\/v2\/posts\/19140\/revisions\/19141"}],"wp:featuredmedia":[{"embeddable":true,"href":"http:\/\/roczyny.duszpasterstwa.bielsko.pl\/index.php?rest_route=\/wp\/v2\/media\/19055"}],"wp:attachment":[{"href":"http:\/\/roczyny.duszpasterstwa.bielsko.pl\/index.php?rest_route=%2Fwp%2Fv2%2Fmedia&parent=19140"}],"wp:term":[{"taxonomy":"category","embeddable":true,"href":"http:\/\/roczyny.duszpasterstwa.bielsko.pl\/index.php?rest_route=%2Fwp%2Fv2%2Fcategories&post=19140"},{"taxonomy":"post_tag","embeddable":true,"href":"http:\/\/roczyny.duszpasterstwa.bielsko.pl\/index.php?rest_route=%2Fwp%2Fv2%2Ftags&post=19140"}],"curies":[{"name":"wp","href":"https:\/\/api.w.org\/{rel}","templated":true}]}}