{"id":19131,"date":"2024-06-22T19:08:55","date_gmt":"2024-06-22T17:08:55","guid":{"rendered":"http:\/\/roczyny.duszpasterstwa.bielsko.pl\/?p=19131"},"modified":"2024-06-22T19:08:55","modified_gmt":"2024-06-22T17:08:55","slug":"ministranci-i-lektorzy-na-podium","status":"publish","type":"post","link":"http:\/\/roczyny.duszpasterstwa.bielsko.pl\/?p=19131","title":{"rendered":"MINISTRANCI I LEKTORZY NA PODIUM&#8230;"},"content":{"rendered":"<h3>Dekanalny Turniej S\u0142u\u017cby Liturgicznej o PUCHAR KS. DZIEKANA DEKANATU ANDRYCHOWSKIEGO&#8230;<\/h3>\n<h3>Uroczysta Eucharystia w gronie S\u0142u\u017cby Liturgicznej pod przewodnictwem ks. Tomasza&#8230;<\/h3>\n<h3>Ulewa a My w niej&#8230;<\/h3>\n<h3>Czekamy na obeschni\u0119cie boiska Halniaka Targanice, kt\u00f3ry jak co roku nas go\u015bci&#8230;<\/h3>\n<h3>Pod przewodnictwem ks. Sebastiana Dekanalnego Duszpasterza Ministrant\u00f3w&#8230;<\/h3>\n<h3>Rozpoczynamy&#8230; a w mi\u0119dzyy czasie wiele pyszno\u015bci&#8230;<\/h3>\n<h3>Po raz pierwszy od wielu lat jeste\u015bmy na PODIUM &#8211; DUMNI Z III MIEJSCA&#8230;<\/h3>\n<h3>Trenerem Mariusz&#8230; Kapitanem Oliwier&#8230; Zawodnikami Franciszek, Filip, Janek, Staszek, Hubert, Nikodem, Bartosz, Kacper, Krzysztof, Tytus oraz Filip&#8230;<\/h3>\n<h3>Panowie &#8211; BRAWO!!! Jedziemy na EURO, aby podmieni\u0107 REPREZENTACJ\u0118 POLSKI!<\/h3>\n<h3>Pe\u0142ny fotoreporta\u017c na Facebooku&#8230;<\/h3>\n<div id='gallery-1' class='gallery galleryid-19131 gallery-columns-1 gallery-size-large'><figure class='gallery-item'>\n\t\t\t<div class='gallery-icon landscape'>\n\t\t\t\t<a href='http:\/\/roczyny.duszpasterstwa.bielsko.pl\/?attachment_id=19132'><img fetchpriority=\"high\" decoding=\"async\" width=\"1024\" height=\"768\" src=\"http:\/\/roczyny.duszpasterstwa.bielsko.pl\/wp-content\/uploads\/2024\/06\/IMG_1978-1024x768.jpeg\" class=\"attachment-large size-large\" alt=\"\" srcset=\"http:\/\/roczyny.duszpasterstwa.bielsko.pl\/wp-content\/uploads\/2024\/06\/IMG_1978-1024x768.jpeg 1024w, http:\/\/roczyny.duszpasterstwa.bielsko.pl\/wp-content\/uploads\/2024\/06\/IMG_1978-300x225.jpeg 300w, http:\/\/roczyny.duszpasterstwa.bielsko.pl\/wp-content\/uploads\/2024\/06\/IMG_1978-768x576.jpeg 768w, http:\/\/roczyny.duszpasterstwa.bielsko.pl\/wp-content\/uploads\/2024\/06\/IMG_1978-200x150.jpeg 200w, http:\/\/roczyny.duszpasterstwa.bielsko.pl\/wp-content\/uploads\/2024\/06\/IMG_1978-690x518.jpeg 690w\" sizes=\"(max-width: 1024px) 100vw, 1024px\" \/><\/a>\n\t\t\t<\/div><\/figure><figure class='gallery-item'>\n\t\t\t<div class='gallery-icon landscape'>\n\t\t\t\t<a href='http:\/\/roczyny.duszpasterstwa.bielsko.pl\/?attachment_id=19133'><img decoding=\"async\" width=\"1024\" height=\"768\" src=\"http:\/\/roczyny.duszpasterstwa.bielsko.pl\/wp-content\/uploads\/2024\/06\/IMG_1973-1024x768.jpeg\" class=\"attachment-large size-large\" alt=\"\" srcset=\"http:\/\/roczyny.duszpasterstwa.bielsko.pl\/wp-content\/uploads\/2024\/06\/IMG_1973-1024x768.jpeg 1024w, http:\/\/roczyny.duszpasterstwa.bielsko.pl\/wp-content\/uploads\/2024\/06\/IMG_1973-300x225.jpeg 300w, http:\/\/roczyny.duszpasterstwa.bielsko.pl\/wp-content\/uploads\/2024\/06\/IMG_1973-768x576.jpeg 768w, http:\/\/roczyny.duszpasterstwa.bielsko.pl\/wp-content\/uploads\/2024\/06\/IMG_1973-200x150.jpeg 200w, http:\/\/roczyny.duszpasterstwa.bielsko.pl\/wp-content\/uploads\/2024\/06\/IMG_1973-690x518.jpeg 690w\" sizes=\"(max-width: 1024px) 100vw, 1024px\" \/><\/a>\n\t\t\t<\/div><\/figure><figure class='gallery-item'>\n\t\t\t<div class='gallery-icon landscape'>\n\t\t\t\t<a href='http:\/\/roczyny.duszpasterstwa.bielsko.pl\/?attachment_id=19134'><img decoding=\"async\" width=\"1024\" height=\"768\" src=\"http:\/\/roczyny.duszpasterstwa.bielsko.pl\/wp-content\/uploads\/2024\/06\/IMG_1940-1024x768.jpeg\" class=\"attachment-large size-large\" alt=\"\" srcset=\"http:\/\/roczyny.duszpasterstwa.bielsko.pl\/wp-content\/uploads\/2024\/06\/IMG_1940-1024x768.jpeg 1024w, http:\/\/roczyny.duszpasterstwa.bielsko.pl\/wp-content\/uploads\/2024\/06\/IMG_1940-300x225.jpeg 300w, http:\/\/roczyny.duszpasterstwa.bielsko.pl\/wp-content\/uploads\/2024\/06\/IMG_1940-768x576.jpeg 768w, http:\/\/roczyny.duszpasterstwa.bielsko.pl\/wp-content\/uploads\/2024\/06\/IMG_1940-200x150.jpeg 200w, http:\/\/roczyny.duszpasterstwa.bielsko.pl\/wp-content\/uploads\/2024\/06\/IMG_1940-690x518.jpeg 690w\" sizes=\"(max-width: 1024px) 100vw, 1024px\" \/><\/a>\n\t\t\t<\/div><\/figure><figure class='gallery-item'>\n\t\t\t<div class='gallery-icon landscape'>\n\t\t\t\t<a href='http:\/\/roczyny.duszpasterstwa.bielsko.pl\/?attachment_id=19135'><img loading=\"lazy\" decoding=\"async\" width=\"1024\" height=\"768\" src=\"http:\/\/roczyny.duszpasterstwa.bielsko.pl\/wp-content\/uploads\/2024\/06\/IMG_1933-1024x768.jpeg\" class=\"attachment-large size-large\" alt=\"\" srcset=\"http:\/\/roczyny.duszpasterstwa.bielsko.pl\/wp-content\/uploads\/2024\/06\/IMG_1933-1024x768.jpeg 1024w, http:\/\/roczyny.duszpasterstwa.bielsko.pl\/wp-content\/uploads\/2024\/06\/IMG_1933-300x225.jpeg 300w, http:\/\/roczyny.duszpasterstwa.bielsko.pl\/wp-content\/uploads\/2024\/06\/IMG_1933-768x576.jpeg 768w, http:\/\/roczyny.duszpasterstwa.bielsko.pl\/wp-content\/uploads\/2024\/06\/IMG_1933-200x150.jpeg 200w, http:\/\/roczyny.duszpasterstwa.bielsko.pl\/wp-content\/uploads\/2024\/06\/IMG_1933-690x518.jpeg 690w\" sizes=\"(max-width: 1024px) 100vw, 1024px\" \/><\/a>\n\t\t\t<\/div><\/figure><figure class='gallery-item'>\n\t\t\t<div class='gallery-icon landscape'>\n\t\t\t\t<a href='http:\/\/roczyny.duszpasterstwa.bielsko.pl\/?attachment_id=19136'><img loading=\"lazy\" decoding=\"async\" width=\"1024\" height=\"768\" src=\"http:\/\/roczyny.duszpasterstwa.bielsko.pl\/wp-content\/uploads\/2024\/06\/IMG_1916-1024x768.jpeg\" class=\"attachment-large size-large\" alt=\"\" srcset=\"http:\/\/roczyny.duszpasterstwa.bielsko.pl\/wp-content\/uploads\/2024\/06\/IMG_1916-1024x768.jpeg 1024w, http:\/\/roczyny.duszpasterstwa.bielsko.pl\/wp-content\/uploads\/2024\/06\/IMG_1916-300x225.jpeg 300w, http:\/\/roczyny.duszpasterstwa.bielsko.pl\/wp-content\/uploads\/2024\/06\/IMG_1916-768x576.jpeg 768w, http:\/\/roczyny.duszpasterstwa.bielsko.pl\/wp-content\/uploads\/2024\/06\/IMG_1916-200x150.jpeg 200w, http:\/\/roczyny.duszpasterstwa.bielsko.pl\/wp-content\/uploads\/2024\/06\/IMG_1916-690x518.jpeg 690w\" sizes=\"(max-width: 1024px) 100vw, 1024px\" \/><\/a>\n\t\t\t<\/div><\/figure><figure class='gallery-item'>\n\t\t\t<div class='gallery-icon landscape'>\n\t\t\t\t<a href='http:\/\/roczyny.duszpasterstwa.bielsko.pl\/?attachment_id=19137'><img loading=\"lazy\" decoding=\"async\" width=\"1024\" height=\"768\" src=\"http:\/\/roczyny.duszpasterstwa.bielsko.pl\/wp-content\/uploads\/2024\/06\/IMG_1901-1024x768.jpeg\" class=\"attachment-large size-large\" alt=\"\" srcset=\"http:\/\/roczyny.duszpasterstwa.bielsko.pl\/wp-content\/uploads\/2024\/06\/IMG_1901-1024x768.jpeg 1024w, http:\/\/roczyny.duszpasterstwa.bielsko.pl\/wp-content\/uploads\/2024\/06\/IMG_1901-300x225.jpeg 300w, http:\/\/roczyny.duszpasterstwa.bielsko.pl\/wp-content\/uploads\/2024\/06\/IMG_1901-768x576.jpeg 768w, http:\/\/roczyny.duszpasterstwa.bielsko.pl\/wp-content\/uploads\/2024\/06\/IMG_1901-200x150.jpeg 200w, http:\/\/roczyny.duszpasterstwa.bielsko.pl\/wp-content\/uploads\/2024\/06\/IMG_1901-690x518.jpeg 690w\" sizes=\"(max-width: 1024px) 100vw, 1024px\" \/><\/a>\n\t\t\t<\/div><\/figure>\n\t\t<\/div>\n\n","protected":false},"excerpt":{"rendered":"<p>Dekanalny Turniej S\u0142u\u017cby Liturgicznej o PUCHAR KS. DZIEKANA DEKANATU ANDRYCHOWSKIEGO&#8230; Uroczysta Eucharystia w gronie S\u0142u\u017cby Liturgicznej pod przewodnictwem ks. Tomasza&#8230; <a class=\"read-more\" href=\"http:\/\/roczyny.duszpasterstwa.bielsko.pl\/?p=19131\">czytaj dalej<\/a><\/p>\n","protected":false},"author":2,"featured_media":19132,"comment_status":"closed","ping_status":"open","sticky":false,"template":"","format":"standard","meta":{"ngg_post_thumbnail":0,"footnotes":""},"categories":[15,21],"tags":[],"class_list":["post-19131","post","type-post","status-publish","format-standard","has-post-thumbnail","hentry","category-aktualnosci","category-ministranci","post-item clearfix"],"_links":{"self":[{"href":"http:\/\/roczyny.duszpasterstwa.bielsko.pl\/index.php?rest_route=\/wp\/v2\/posts\/19131"}],"collection":[{"href":"http:\/\/roczyny.duszpasterstwa.bielsko.pl\/index.php?rest_route=\/wp\/v2\/posts"}],"about":[{"href":"http:\/\/roczyny.duszpasterstwa.bielsko.pl\/index.php?rest_route=\/wp\/v2\/types\/post"}],"author":[{"embeddable":true,"href":"http:\/\/roczyny.duszpasterstwa.bielsko.pl\/index.php?rest_route=\/wp\/v2\/users\/2"}],"replies":[{"embeddable":true,"href":"http:\/\/roczyny.duszpasterstwa.bielsko.pl\/index.php?rest_route=%2Fwp%2Fv2%2Fcomments&post=19131"}],"version-history":[{"count":1,"href":"http:\/\/roczyny.duszpasterstwa.bielsko.pl\/index.php?rest_route=\/wp\/v2\/posts\/19131\/revisions"}],"predecessor-version":[{"id":19138,"href":"http:\/\/roczyny.duszpasterstwa.bielsko.pl\/index.php?rest_route=\/wp\/v2\/posts\/19131\/revisions\/19138"}],"wp:featuredmedia":[{"embeddable":true,"href":"http:\/\/roczyny.duszpasterstwa.bielsko.pl\/index.php?rest_route=\/wp\/v2\/media\/19132"}],"wp:attachment":[{"href":"http:\/\/roczyny.duszpasterstwa.bielsko.pl\/index.php?rest_route=%2Fwp%2Fv2%2Fmedia&parent=19131"}],"wp:term":[{"taxonomy":"category","embeddable":true,"href":"http:\/\/roczyny.duszpasterstwa.bielsko.pl\/index.php?rest_route=%2Fwp%2Fv2%2Fcategories&post=19131"},{"taxonomy":"post_tag","embeddable":true,"href":"http:\/\/roczyny.duszpasterstwa.bielsko.pl\/index.php?rest_route=%2Fwp%2Fv2%2Ftags&post=19131"}],"curies":[{"name":"wp","href":"https:\/\/api.w.org\/{rel}","templated":true}]}}