{"id":19129,"date":"2024-06-22T16:27:25","date_gmt":"2024-06-22T14:27:25","guid":{"rendered":"http:\/\/roczyny.duszpasterstwa.bielsko.pl\/?p=19129"},"modified":"2024-06-22T16:27:25","modified_gmt":"2024-06-22T14:27:25","slug":"ogloszenia-parafialne-xii-niedziela-zwykla-2","status":"publish","type":"post","link":"http:\/\/roczyny.duszpasterstwa.bielsko.pl\/?p=19129","title":{"rendered":"OG\u0141OSZENIA PARAFIALNE &#8211; XII NIEDZIELA ZWYK\u0141A&#8230;"},"content":{"rendered":"<h3 style=\"font-weight: 400;\"><strong><u>X I I&nbsp;&nbsp;&nbsp; N I E D Z I E L A&nbsp;&nbsp;&nbsp; Z W Y K \u0141 A <\/u><\/strong>&nbsp;&nbsp;(23.o6.2024r.)<\/h3>\n<h3 style=\"font-weight: 400;\">&nbsp;<\/h3>\n<h3 style=\"font-weight: 400;\">Poniedzia\u0142ek \u2013 uroczysto\u015b\u0107 Narodzenia \u015bw. Jana Chrzciciela<\/h3>\n<h3 style=\"font-weight: 400;\">Pi\u0105tek&nbsp;&nbsp;&nbsp;&nbsp;&nbsp;&nbsp;&nbsp;&nbsp;&nbsp;&nbsp;&nbsp;&nbsp;&nbsp; &#8211; wsp. \u015bw. Ireneusza, bp. i m.<\/h3>\n<h3 style=\"font-weight: 400;\">Sobota&nbsp;&nbsp;&nbsp;&nbsp;&nbsp;&nbsp;&nbsp;&nbsp;&nbsp;&nbsp;&nbsp;&nbsp; &#8211; Uroczysto\u015b\u0107 \u015awi\u0119tych Aposto\u0142\u00f3w Piotra i Paw\u0142a<\/h3>\n<h3 style=\"font-weight: 400;\">W przysz\u0142\u0105 niedziel\u0119 ko\u0144czymy czerwcowe nabo\u017ce\u0144stwa ku czci Naj\u015bw. Serca Pana Jezusa<\/h3>\n<h3 style=\"font-weight: 400;\">Od przysz\u0142ej niedzieli nie p\u0119dzie przez okres wakacyjny Mszy \u015bw. o godz.15.oo<\/h3>\n<h3 style=\"font-weight: 400;\"><strong><em>I N T E N C J E&nbsp;&nbsp; M S Z Y&nbsp;&nbsp; \u015a W.<\/em><\/strong><\/h3>\n<h3 style=\"font-weight: 400;\">Poniedzia\u0142ek(24)<\/h3>\n<h3 style=\"font-weight: 400;\">&nbsp;&nbsp; godz.6.3o&nbsp;&nbsp; &#8211; +Jana Talar z \u017con\u0105 Ludwik\u0105 i siostr\u0105 Mari\u0105<\/h3>\n<h3 style=\"font-weight: 400;\">&nbsp;&nbsp; godz.18.oo &#8211; +Jana Sordyl od najbli\u017cszych<\/h3>\n<h3 style=\"font-weight: 400;\">Wtorek(25)<\/h3>\n<h3 style=\"font-weight: 400;\">&nbsp;&nbsp; godz.6.3o&nbsp;&nbsp; &#8211; +Krystyn\u0119 Wr\u00f3bel w 30-ty dzie\u0144 po \u015bmierci<\/h3>\n<h3 style=\"font-weight: 400;\">&nbsp;&nbsp; godz.18.oo \u2013 +Ryszarda Szymoch\u0119 od R\u00f3\u017cy b\u0142. ks. Popie\u0142uszki<\/h3>\n<h3 style=\"font-weight: 400;\">\u015aroda(26)<\/h3>\n<h3 style=\"font-weight: 400;\">&nbsp;&nbsp; godz.6.3o&nbsp;&nbsp; &#8211; +Mieczys\u0142awa Chrapkowicz w 30-ty dzie\u0144 po \u015bmierci<\/h3>\n<h3 style=\"font-weight: 400;\">&nbsp;&nbsp; godz.18.oo \u2013 W int. Jakuba w 18-t\u0105 r. urodzin dzi\u0119kczynna z pro\u015bb\u0105 o b\u0142. Bo\u017ce<\/h3>\n<h3 style=\"font-weight: 400;\">Czwartek(27)<\/h3>\n<h3 style=\"font-weight: 400;\">&nbsp;&nbsp; godz.6.3o&nbsp;&nbsp; &#8211; +Ew\u0119 Tobiasz<\/h3>\n<h3 style=\"font-weight: 400;\">&nbsp;&nbsp; godz.18.oo &#8211; +Edwarda Tomiczek z \u017con\u0105 Zofi\u0105 i c\u00f3rk\u0105 Jadwig\u0105 Michelak<\/h3>\n<h3 style=\"font-weight: 400;\">Pi\u0105tek(28)<\/h3>\n<h3 style=\"font-weight: 400;\">&nbsp;&nbsp; godz.6.3o&nbsp;&nbsp; &#8211; +Ew\u0119 Tobiasz<\/h3>\n<h3 style=\"font-weight: 400;\">&nbsp;&nbsp; godz.18.oo &#8211; +J\u00f3zef\u0119 J\u00f3zefa Piko\u0144 z wnukiem Witold\u0119<\/h3>\n<h3 style=\"font-weight: 400;\">Sobota(29)<\/h3>\n<h3 style=\"font-weight: 400;\">&nbsp;&nbsp; godz.6.3o&nbsp;&nbsp; &#8211; +J\u00f3zefa Ry\u0142ko 34 r. \u015bm.<\/h3>\n<h3 style=\"font-weight: 400;\">&nbsp;&nbsp; godz.18.oo \u2013 W int. Piotra i Magdaleny w 20-t\u0105 r. \u015blubu<\/h3>\n<h3 style=\"font-weight: 400;\">Niedziela(30)<\/h3>\n<h3 style=\"font-weight: 400;\">&nbsp;&nbsp; godz.7.oo&nbsp;&nbsp; &#8211; +W\u0142adys\u0142awa Chmiel od Adama<\/h3>\n<h3 style=\"font-weight: 400;\">&nbsp;&nbsp;&nbsp;&nbsp;&nbsp;&nbsp;&nbsp;&nbsp;&nbsp;&nbsp;&nbsp;&nbsp;&nbsp;&nbsp;&nbsp;&nbsp;&nbsp;&nbsp;&nbsp;&nbsp;&nbsp;&nbsp;&nbsp;&nbsp; &#8211; +Jana Sikor\u0119<\/h3>\n<h3 style=\"font-weight: 400;\">&nbsp;&nbsp; godz.9.oo&nbsp;&nbsp; &#8211; +Stefani\u0119 Jana \u015alagor<\/h3>\n<h3 style=\"font-weight: 400;\">&nbsp;&nbsp;&nbsp;&nbsp;&nbsp;&nbsp;&nbsp;&nbsp;&nbsp;&nbsp;&nbsp;&nbsp;&nbsp;&nbsp;&nbsp;&nbsp;&nbsp;&nbsp;&nbsp;&nbsp;&nbsp;&nbsp;&nbsp; &#8211; +Mari\u0119 Bura<\/h3>\n<h3 style=\"font-weight: 400;\">&nbsp;&nbsp; godz.11.oo &#8211; +Ann\u0119 Jana Mari\u0119 Sordyl z synami Stanis\u0142awem W\u0142adys\u0142awem<\/h3>\n","protected":false},"excerpt":{"rendered":"<p>X I I&nbsp;&nbsp;&nbsp; N I E D Z I E L A&nbsp;&nbsp;&nbsp; Z W Y K \u0141 A &nbsp;&nbsp;(23.o6.2024r.) &nbsp; <a class=\"read-more\" href=\"http:\/\/roczyny.duszpasterstwa.bielsko.pl\/?p=19129\">czytaj dalej<\/a><\/p>\n","protected":false},"author":2,"featured_media":19082,"comment_status":"closed","ping_status":"open","sticky":false,"template":"","format":"standard","meta":{"ngg_post_thumbnail":0,"footnotes":""},"categories":[15,12],"tags":[],"class_list":["post-19129","post","type-post","status-publish","format-standard","has-post-thumbnail","hentry","category-aktualnosci","category-ogloszenia-parafialne","post-item clearfix"],"_links":{"self":[{"href":"http:\/\/roczyny.duszpasterstwa.bielsko.pl\/index.php?rest_route=\/wp\/v2\/posts\/19129"}],"collection":[{"href":"http:\/\/roczyny.duszpasterstwa.bielsko.pl\/index.php?rest_route=\/wp\/v2\/posts"}],"about":[{"href":"http:\/\/roczyny.duszpasterstwa.bielsko.pl\/index.php?rest_route=\/wp\/v2\/types\/post"}],"author":[{"embeddable":true,"href":"http:\/\/roczyny.duszpasterstwa.bielsko.pl\/index.php?rest_route=\/wp\/v2\/users\/2"}],"replies":[{"embeddable":true,"href":"http:\/\/roczyny.duszpasterstwa.bielsko.pl\/index.php?rest_route=%2Fwp%2Fv2%2Fcomments&post=19129"}],"version-history":[{"count":1,"href":"http:\/\/roczyny.duszpasterstwa.bielsko.pl\/index.php?rest_route=\/wp\/v2\/posts\/19129\/revisions"}],"predecessor-version":[{"id":19130,"href":"http:\/\/roczyny.duszpasterstwa.bielsko.pl\/index.php?rest_route=\/wp\/v2\/posts\/19129\/revisions\/19130"}],"wp:featuredmedia":[{"embeddable":true,"href":"http:\/\/roczyny.duszpasterstwa.bielsko.pl\/index.php?rest_route=\/wp\/v2\/media\/19082"}],"wp:attachment":[{"href":"http:\/\/roczyny.duszpasterstwa.bielsko.pl\/index.php?rest_route=%2Fwp%2Fv2%2Fmedia&parent=19129"}],"wp:term":[{"taxonomy":"category","embeddable":true,"href":"http:\/\/roczyny.duszpasterstwa.bielsko.pl\/index.php?rest_route=%2Fwp%2Fv2%2Fcategories&post=19129"},{"taxonomy":"post_tag","embeddable":true,"href":"http:\/\/roczyny.duszpasterstwa.bielsko.pl\/index.php?rest_route=%2Fwp%2Fv2%2Ftags&post=19129"}],"curies":[{"name":"wp","href":"https:\/\/api.w.org\/{rel}","templated":true}]}}