{"id":18467,"date":"2024-05-11T14:53:19","date_gmt":"2024-05-11T12:53:19","guid":{"rendered":"http:\/\/roczyny.duszpasterstwa.bielsko.pl\/?p=18467"},"modified":"2024-05-11T14:53:19","modified_gmt":"2024-05-11T12:53:19","slug":"paintball-nasza-wspolnota-cz-iii","status":"publish","type":"post","link":"http:\/\/roczyny.duszpasterstwa.bielsko.pl\/?p=18467","title":{"rendered":"PAINTBALL &#8211; NASZA WSP\u00d3LNOTA CZ. III"},"content":{"rendered":"<h3>Strzelanie do celu, przeci\u0105ganie, pi\u0142ka no\u017cna&#8230;<\/h3>\n<h3>Kie\u0142baski, ciasto&#8230;<\/h3>\n<h3>&nbsp;<\/h3>\n<div id='gallery-1' class='gallery galleryid-18467 gallery-columns-1 gallery-size-full'><figure class='gallery-item'>\n\t\t\t<div class='gallery-icon landscape'>\n\t\t\t\t<a href='http:\/\/roczyny.duszpasterstwa.bielsko.pl\/?attachment_id=18468'><img fetchpriority=\"high\" decoding=\"async\" width=\"4032\" height=\"3024\" src=\"http:\/\/roczyny.duszpasterstwa.bielsko.pl\/wp-content\/uploads\/2024\/05\/IMG_9039.jpeg\" class=\"attachment-full size-full\" alt=\"\" srcset=\"http:\/\/roczyny.duszpasterstwa.bielsko.pl\/wp-content\/uploads\/2024\/05\/IMG_9039.jpeg 4032w, http:\/\/roczyny.duszpasterstwa.bielsko.pl\/wp-content\/uploads\/2024\/05\/IMG_9039-300x225.jpeg 300w, http:\/\/roczyny.duszpasterstwa.bielsko.pl\/wp-content\/uploads\/2024\/05\/IMG_9039-768x576.jpeg 768w, http:\/\/roczyny.duszpasterstwa.bielsko.pl\/wp-content\/uploads\/2024\/05\/IMG_9039-1024x768.jpeg 1024w, http:\/\/roczyny.duszpasterstwa.bielsko.pl\/wp-content\/uploads\/2024\/05\/IMG_9039-200x150.jpeg 200w, http:\/\/roczyny.duszpasterstwa.bielsko.pl\/wp-content\/uploads\/2024\/05\/IMG_9039-690x518.jpeg 690w\" sizes=\"(max-width: 4032px) 100vw, 4032px\" \/><\/a>\n\t\t\t<\/div><\/figure><figure class='gallery-item'>\n\t\t\t<div class='gallery-icon landscape'>\n\t\t\t\t<a href='http:\/\/roczyny.duszpasterstwa.bielsko.pl\/?attachment_id=18469'><img decoding=\"async\" width=\"4032\" height=\"3024\" src=\"http:\/\/roczyny.duszpasterstwa.bielsko.pl\/wp-content\/uploads\/2024\/05\/IMG_9040.jpeg\" class=\"attachment-full size-full\" alt=\"\" srcset=\"http:\/\/roczyny.duszpasterstwa.bielsko.pl\/wp-content\/uploads\/2024\/05\/IMG_9040.jpeg 4032w, http:\/\/roczyny.duszpasterstwa.bielsko.pl\/wp-content\/uploads\/2024\/05\/IMG_9040-300x225.jpeg 300w, http:\/\/roczyny.duszpasterstwa.bielsko.pl\/wp-content\/uploads\/2024\/05\/IMG_9040-768x576.jpeg 768w, http:\/\/roczyny.duszpasterstwa.bielsko.pl\/wp-content\/uploads\/2024\/05\/IMG_9040-1024x768.jpeg 1024w, http:\/\/roczyny.duszpasterstwa.bielsko.pl\/wp-content\/uploads\/2024\/05\/IMG_9040-200x150.jpeg 200w, http:\/\/roczyny.duszpasterstwa.bielsko.pl\/wp-content\/uploads\/2024\/05\/IMG_9040-690x518.jpeg 690w\" sizes=\"(max-width: 4032px) 100vw, 4032px\" \/><\/a>\n\t\t\t<\/div><\/figure><figure class='gallery-item'>\n\t\t\t<div class='gallery-icon landscape'>\n\t\t\t\t<a href='http:\/\/roczyny.duszpasterstwa.bielsko.pl\/?attachment_id=18470'><img decoding=\"async\" width=\"4032\" height=\"3024\" src=\"http:\/\/roczyny.duszpasterstwa.bielsko.pl\/wp-content\/uploads\/2024\/05\/IMG_9041.jpeg\" class=\"attachment-full size-full\" alt=\"\" srcset=\"http:\/\/roczyny.duszpasterstwa.bielsko.pl\/wp-content\/uploads\/2024\/05\/IMG_9041.jpeg 4032w, http:\/\/roczyny.duszpasterstwa.bielsko.pl\/wp-content\/uploads\/2024\/05\/IMG_9041-300x225.jpeg 300w, http:\/\/roczyny.duszpasterstwa.bielsko.pl\/wp-content\/uploads\/2024\/05\/IMG_9041-768x576.jpeg 768w, http:\/\/roczyny.duszpasterstwa.bielsko.pl\/wp-content\/uploads\/2024\/05\/IMG_9041-1024x768.jpeg 1024w, http:\/\/roczyny.duszpasterstwa.bielsko.pl\/wp-content\/uploads\/2024\/05\/IMG_9041-200x150.jpeg 200w, http:\/\/roczyny.duszpasterstwa.bielsko.pl\/wp-content\/uploads\/2024\/05\/IMG_9041-690x518.jpeg 690w\" sizes=\"(max-width: 4032px) 100vw, 4032px\" \/><\/a>\n\t\t\t<\/div><\/figure><figure class='gallery-item'>\n\t\t\t<div class='gallery-icon landscape'>\n\t\t\t\t<a href='http:\/\/roczyny.duszpasterstwa.bielsko.pl\/?attachment_id=18471'><img loading=\"lazy\" decoding=\"async\" width=\"4032\" height=\"3024\" src=\"http:\/\/roczyny.duszpasterstwa.bielsko.pl\/wp-content\/uploads\/2024\/05\/IMG_9042.jpeg\" class=\"attachment-full size-full\" alt=\"\" srcset=\"http:\/\/roczyny.duszpasterstwa.bielsko.pl\/wp-content\/uploads\/2024\/05\/IMG_9042.jpeg 4032w, http:\/\/roczyny.duszpasterstwa.bielsko.pl\/wp-content\/uploads\/2024\/05\/IMG_9042-300x225.jpeg 300w, http:\/\/roczyny.duszpasterstwa.bielsko.pl\/wp-content\/uploads\/2024\/05\/IMG_9042-768x576.jpeg 768w, http:\/\/roczyny.duszpasterstwa.bielsko.pl\/wp-content\/uploads\/2024\/05\/IMG_9042-1024x768.jpeg 1024w, http:\/\/roczyny.duszpasterstwa.bielsko.pl\/wp-content\/uploads\/2024\/05\/IMG_9042-200x150.jpeg 200w, http:\/\/roczyny.duszpasterstwa.bielsko.pl\/wp-content\/uploads\/2024\/05\/IMG_9042-690x518.jpeg 690w\" sizes=\"(max-width: 4032px) 100vw, 4032px\" \/><\/a>\n\t\t\t<\/div><\/figure><figure class='gallery-item'>\n\t\t\t<div class='gallery-icon landscape'>\n\t\t\t\t<a href='http:\/\/roczyny.duszpasterstwa.bielsko.pl\/?attachment_id=18472'><img loading=\"lazy\" decoding=\"async\" width=\"4032\" height=\"3024\" src=\"http:\/\/roczyny.duszpasterstwa.bielsko.pl\/wp-content\/uploads\/2024\/05\/IMG_9043.jpeg\" class=\"attachment-full size-full\" alt=\"\" srcset=\"http:\/\/roczyny.duszpasterstwa.bielsko.pl\/wp-content\/uploads\/2024\/05\/IMG_9043.jpeg 4032w, http:\/\/roczyny.duszpasterstwa.bielsko.pl\/wp-content\/uploads\/2024\/05\/IMG_9043-300x225.jpeg 300w, http:\/\/roczyny.duszpasterstwa.bielsko.pl\/wp-content\/uploads\/2024\/05\/IMG_9043-768x576.jpeg 768w, http:\/\/roczyny.duszpasterstwa.bielsko.pl\/wp-content\/uploads\/2024\/05\/IMG_9043-1024x768.jpeg 1024w, http:\/\/roczyny.duszpasterstwa.bielsko.pl\/wp-content\/uploads\/2024\/05\/IMG_9043-200x150.jpeg 200w, http:\/\/roczyny.duszpasterstwa.bielsko.pl\/wp-content\/uploads\/2024\/05\/IMG_9043-690x518.jpeg 690w\" sizes=\"(max-width: 4032px) 100vw, 4032px\" \/><\/a>\n\t\t\t<\/div><\/figure><figure class='gallery-item'>\n\t\t\t<div class='gallery-icon landscape'>\n\t\t\t\t<a href='http:\/\/roczyny.duszpasterstwa.bielsko.pl\/?attachment_id=18473'><img loading=\"lazy\" decoding=\"async\" width=\"4032\" height=\"3024\" src=\"http:\/\/roczyny.duszpasterstwa.bielsko.pl\/wp-content\/uploads\/2024\/05\/IMG_9044.jpeg\" class=\"attachment-full size-full\" alt=\"\" srcset=\"http:\/\/roczyny.duszpasterstwa.bielsko.pl\/wp-content\/uploads\/2024\/05\/IMG_9044.jpeg 4032w, http:\/\/roczyny.duszpasterstwa.bielsko.pl\/wp-content\/uploads\/2024\/05\/IMG_9044-300x225.jpeg 300w, http:\/\/roczyny.duszpasterstwa.bielsko.pl\/wp-content\/uploads\/2024\/05\/IMG_9044-768x576.jpeg 768w, http:\/\/roczyny.duszpasterstwa.bielsko.pl\/wp-content\/uploads\/2024\/05\/IMG_9044-1024x768.jpeg 1024w, http:\/\/roczyny.duszpasterstwa.bielsko.pl\/wp-content\/uploads\/2024\/05\/IMG_9044-200x150.jpeg 200w, http:\/\/roczyny.duszpasterstwa.bielsko.pl\/wp-content\/uploads\/2024\/05\/IMG_9044-690x518.jpeg 690w\" sizes=\"(max-width: 4032px) 100vw, 4032px\" \/><\/a>\n\t\t\t<\/div><\/figure><figure class='gallery-item'>\n\t\t\t<div class='gallery-icon landscape'>\n\t\t\t\t<a href='http:\/\/roczyny.duszpasterstwa.bielsko.pl\/?attachment_id=18474'><img loading=\"lazy\" decoding=\"async\" width=\"4032\" height=\"3024\" src=\"http:\/\/roczyny.duszpasterstwa.bielsko.pl\/wp-content\/uploads\/2024\/05\/IMG_9045.jpeg\" class=\"attachment-full size-full\" alt=\"\" srcset=\"http:\/\/roczyny.duszpasterstwa.bielsko.pl\/wp-content\/uploads\/2024\/05\/IMG_9045.jpeg 4032w, http:\/\/roczyny.duszpasterstwa.bielsko.pl\/wp-content\/uploads\/2024\/05\/IMG_9045-300x225.jpeg 300w, http:\/\/roczyny.duszpasterstwa.bielsko.pl\/wp-content\/uploads\/2024\/05\/IMG_9045-768x576.jpeg 768w, http:\/\/roczyny.duszpasterstwa.bielsko.pl\/wp-content\/uploads\/2024\/05\/IMG_9045-1024x768.jpeg 1024w, http:\/\/roczyny.duszpasterstwa.bielsko.pl\/wp-content\/uploads\/2024\/05\/IMG_9045-200x150.jpeg 200w, http:\/\/roczyny.duszpasterstwa.bielsko.pl\/wp-content\/uploads\/2024\/05\/IMG_9045-690x518.jpeg 690w\" sizes=\"(max-width: 4032px) 100vw, 4032px\" \/><\/a>\n\t\t\t<\/div><\/figure><figure class='gallery-item'>\n\t\t\t<div class='gallery-icon landscape'>\n\t\t\t\t<a href='http:\/\/roczyny.duszpasterstwa.bielsko.pl\/?attachment_id=18475'><img loading=\"lazy\" decoding=\"async\" width=\"4032\" height=\"3024\" src=\"http:\/\/roczyny.duszpasterstwa.bielsko.pl\/wp-content\/uploads\/2024\/05\/IMG_9046.jpeg\" class=\"attachment-full size-full\" alt=\"\" srcset=\"http:\/\/roczyny.duszpasterstwa.bielsko.pl\/wp-content\/uploads\/2024\/05\/IMG_9046.jpeg 4032w, http:\/\/roczyny.duszpasterstwa.bielsko.pl\/wp-content\/uploads\/2024\/05\/IMG_9046-300x225.jpeg 300w, http:\/\/roczyny.duszpasterstwa.bielsko.pl\/wp-content\/uploads\/2024\/05\/IMG_9046-768x576.jpeg 768w, http:\/\/roczyny.duszpasterstwa.bielsko.pl\/wp-content\/uploads\/2024\/05\/IMG_9046-1024x768.jpeg 1024w, http:\/\/roczyny.duszpasterstwa.bielsko.pl\/wp-content\/uploads\/2024\/05\/IMG_9046-200x150.jpeg 200w, http:\/\/roczyny.duszpasterstwa.bielsko.pl\/wp-content\/uploads\/2024\/05\/IMG_9046-690x518.jpeg 690w\" sizes=\"(max-width: 4032px) 100vw, 4032px\" \/><\/a>\n\t\t\t<\/div><\/figure><figure class='gallery-item'>\n\t\t\t<div class='gallery-icon landscape'>\n\t\t\t\t<a href='http:\/\/roczyny.duszpasterstwa.bielsko.pl\/?attachment_id=18476'><img loading=\"lazy\" decoding=\"async\" width=\"4032\" height=\"3024\" src=\"http:\/\/roczyny.duszpasterstwa.bielsko.pl\/wp-content\/uploads\/2024\/05\/IMG_9047.jpeg\" class=\"attachment-full size-full\" alt=\"\" srcset=\"http:\/\/roczyny.duszpasterstwa.bielsko.pl\/wp-content\/uploads\/2024\/05\/IMG_9047.jpeg 4032w, http:\/\/roczyny.duszpasterstwa.bielsko.pl\/wp-content\/uploads\/2024\/05\/IMG_9047-300x225.jpeg 300w, http:\/\/roczyny.duszpasterstwa.bielsko.pl\/wp-content\/uploads\/2024\/05\/IMG_9047-768x576.jpeg 768w, http:\/\/roczyny.duszpasterstwa.bielsko.pl\/wp-content\/uploads\/2024\/05\/IMG_9047-1024x768.jpeg 1024w, http:\/\/roczyny.duszpasterstwa.bielsko.pl\/wp-content\/uploads\/2024\/05\/IMG_9047-200x150.jpeg 200w, http:\/\/roczyny.duszpasterstwa.bielsko.pl\/wp-content\/uploads\/2024\/05\/IMG_9047-690x518.jpeg 690w\" sizes=\"(max-width: 4032px) 100vw, 4032px\" \/><\/a>\n\t\t\t<\/div><\/figure><figure class='gallery-item'>\n\t\t\t<div class='gallery-icon landscape'>\n\t\t\t\t<a href='http:\/\/roczyny.duszpasterstwa.bielsko.pl\/?attachment_id=18477'><img loading=\"lazy\" decoding=\"async\" width=\"4032\" height=\"3024\" src=\"http:\/\/roczyny.duszpasterstwa.bielsko.pl\/wp-content\/uploads\/2024\/05\/IMG_9048.jpeg\" class=\"attachment-full size-full\" alt=\"\" srcset=\"http:\/\/roczyny.duszpasterstwa.bielsko.pl\/wp-content\/uploads\/2024\/05\/IMG_9048.jpeg 4032w, http:\/\/roczyny.duszpasterstwa.bielsko.pl\/wp-content\/uploads\/2024\/05\/IMG_9048-300x225.jpeg 300w, http:\/\/roczyny.duszpasterstwa.bielsko.pl\/wp-content\/uploads\/2024\/05\/IMG_9048-768x576.jpeg 768w, http:\/\/roczyny.duszpasterstwa.bielsko.pl\/wp-content\/uploads\/2024\/05\/IMG_9048-1024x768.jpeg 1024w, http:\/\/roczyny.duszpasterstwa.bielsko.pl\/wp-content\/uploads\/2024\/05\/IMG_9048-200x150.jpeg 200w, http:\/\/roczyny.duszpasterstwa.bielsko.pl\/wp-content\/uploads\/2024\/05\/IMG_9048-690x518.jpeg 690w\" sizes=\"(max-width: 4032px) 100vw, 4032px\" \/><\/a>\n\t\t\t<\/div><\/figure><figure class='gallery-item'>\n\t\t\t<div class='gallery-icon landscape'>\n\t\t\t\t<a href='http:\/\/roczyny.duszpasterstwa.bielsko.pl\/?attachment_id=18478'><img loading=\"lazy\" decoding=\"async\" width=\"4032\" height=\"3024\" src=\"http:\/\/roczyny.duszpasterstwa.bielsko.pl\/wp-content\/uploads\/2024\/05\/IMG_9049.jpeg\" class=\"attachment-full size-full\" alt=\"\" srcset=\"http:\/\/roczyny.duszpasterstwa.bielsko.pl\/wp-content\/uploads\/2024\/05\/IMG_9049.jpeg 4032w, http:\/\/roczyny.duszpasterstwa.bielsko.pl\/wp-content\/uploads\/2024\/05\/IMG_9049-300x225.jpeg 300w, http:\/\/roczyny.duszpasterstwa.bielsko.pl\/wp-content\/uploads\/2024\/05\/IMG_9049-768x576.jpeg 768w, http:\/\/roczyny.duszpasterstwa.bielsko.pl\/wp-content\/uploads\/2024\/05\/IMG_9049-1024x768.jpeg 1024w, http:\/\/roczyny.duszpasterstwa.bielsko.pl\/wp-content\/uploads\/2024\/05\/IMG_9049-200x150.jpeg 200w, http:\/\/roczyny.duszpasterstwa.bielsko.pl\/wp-content\/uploads\/2024\/05\/IMG_9049-690x518.jpeg 690w\" sizes=\"(max-width: 4032px) 100vw, 4032px\" \/><\/a>\n\t\t\t<\/div><\/figure><figure class='gallery-item'>\n\t\t\t<div class='gallery-icon landscape'>\n\t\t\t\t<a href='http:\/\/roczyny.duszpasterstwa.bielsko.pl\/?attachment_id=18479'><img loading=\"lazy\" decoding=\"async\" width=\"4032\" height=\"3024\" src=\"http:\/\/roczyny.duszpasterstwa.bielsko.pl\/wp-content\/uploads\/2024\/05\/IMG_9050.jpeg\" class=\"attachment-full size-full\" alt=\"\" srcset=\"http:\/\/roczyny.duszpasterstwa.bielsko.pl\/wp-content\/uploads\/2024\/05\/IMG_9050.jpeg 4032w, http:\/\/roczyny.duszpasterstwa.bielsko.pl\/wp-content\/uploads\/2024\/05\/IMG_9050-300x225.jpeg 300w, http:\/\/roczyny.duszpasterstwa.bielsko.pl\/wp-content\/uploads\/2024\/05\/IMG_9050-768x576.jpeg 768w, http:\/\/roczyny.duszpasterstwa.bielsko.pl\/wp-content\/uploads\/2024\/05\/IMG_9050-1024x768.jpeg 1024w, http:\/\/roczyny.duszpasterstwa.bielsko.pl\/wp-content\/uploads\/2024\/05\/IMG_9050-200x150.jpeg 200w, http:\/\/roczyny.duszpasterstwa.bielsko.pl\/wp-content\/uploads\/2024\/05\/IMG_9050-690x518.jpeg 690w\" sizes=\"(max-width: 4032px) 100vw, 4032px\" \/><\/a>\n\t\t\t<\/div><\/figure><figure class='gallery-item'>\n\t\t\t<div class='gallery-icon landscape'>\n\t\t\t\t<a href='http:\/\/roczyny.duszpasterstwa.bielsko.pl\/?attachment_id=18480'><img loading=\"lazy\" decoding=\"async\" width=\"4032\" height=\"3024\" src=\"http:\/\/roczyny.duszpasterstwa.bielsko.pl\/wp-content\/uploads\/2024\/05\/IMG_9051.jpeg\" class=\"attachment-full size-full\" alt=\"\" srcset=\"http:\/\/roczyny.duszpasterstwa.bielsko.pl\/wp-content\/uploads\/2024\/05\/IMG_9051.jpeg 4032w, http:\/\/roczyny.duszpasterstwa.bielsko.pl\/wp-content\/uploads\/2024\/05\/IMG_9051-300x225.jpeg 300w, http:\/\/roczyny.duszpasterstwa.bielsko.pl\/wp-content\/uploads\/2024\/05\/IMG_9051-768x576.jpeg 768w, http:\/\/roczyny.duszpasterstwa.bielsko.pl\/wp-content\/uploads\/2024\/05\/IMG_9051-1024x768.jpeg 1024w, http:\/\/roczyny.duszpasterstwa.bielsko.pl\/wp-content\/uploads\/2024\/05\/IMG_9051-200x150.jpeg 200w, http:\/\/roczyny.duszpasterstwa.bielsko.pl\/wp-content\/uploads\/2024\/05\/IMG_9051-690x518.jpeg 690w\" sizes=\"(max-width: 4032px) 100vw, 4032px\" \/><\/a>\n\t\t\t<\/div><\/figure><figure class='gallery-item'>\n\t\t\t<div class='gallery-icon landscape'>\n\t\t\t\t<a href='http:\/\/roczyny.duszpasterstwa.bielsko.pl\/?attachment_id=18481'><img loading=\"lazy\" decoding=\"async\" width=\"4032\" height=\"3024\" src=\"http:\/\/roczyny.duszpasterstwa.bielsko.pl\/wp-content\/uploads\/2024\/05\/IMG_9052.jpeg\" class=\"attachment-full size-full\" alt=\"\" srcset=\"http:\/\/roczyny.duszpasterstwa.bielsko.pl\/wp-content\/uploads\/2024\/05\/IMG_9052.jpeg 4032w, http:\/\/roczyny.duszpasterstwa.bielsko.pl\/wp-content\/uploads\/2024\/05\/IMG_9052-300x225.jpeg 300w, http:\/\/roczyny.duszpasterstwa.bielsko.pl\/wp-content\/uploads\/2024\/05\/IMG_9052-768x576.jpeg 768w, http:\/\/roczyny.duszpasterstwa.bielsko.pl\/wp-content\/uploads\/2024\/05\/IMG_9052-1024x768.jpeg 1024w, http:\/\/roczyny.duszpasterstwa.bielsko.pl\/wp-content\/uploads\/2024\/05\/IMG_9052-200x150.jpeg 200w, http:\/\/roczyny.duszpasterstwa.bielsko.pl\/wp-content\/uploads\/2024\/05\/IMG_9052-690x518.jpeg 690w\" sizes=\"(max-width: 4032px) 100vw, 4032px\" \/><\/a>\n\t\t\t<\/div><\/figure><figure class='gallery-item'>\n\t\t\t<div class='gallery-icon landscape'>\n\t\t\t\t<a href='http:\/\/roczyny.duszpasterstwa.bielsko.pl\/?attachment_id=18482'><img loading=\"lazy\" decoding=\"async\" width=\"4032\" height=\"3024\" src=\"http:\/\/roczyny.duszpasterstwa.bielsko.pl\/wp-content\/uploads\/2024\/05\/IMG_9053.jpeg\" class=\"attachment-full size-full\" alt=\"\" srcset=\"http:\/\/roczyny.duszpasterstwa.bielsko.pl\/wp-content\/uploads\/2024\/05\/IMG_9053.jpeg 4032w, http:\/\/roczyny.duszpasterstwa.bielsko.pl\/wp-content\/uploads\/2024\/05\/IMG_9053-300x225.jpeg 300w, http:\/\/roczyny.duszpasterstwa.bielsko.pl\/wp-content\/uploads\/2024\/05\/IMG_9053-768x576.jpeg 768w, http:\/\/roczyny.duszpasterstwa.bielsko.pl\/wp-content\/uploads\/2024\/05\/IMG_9053-1024x768.jpeg 1024w, http:\/\/roczyny.duszpasterstwa.bielsko.pl\/wp-content\/uploads\/2024\/05\/IMG_9053-200x150.jpeg 200w, http:\/\/roczyny.duszpasterstwa.bielsko.pl\/wp-content\/uploads\/2024\/05\/IMG_9053-690x518.jpeg 690w\" sizes=\"(max-width: 4032px) 100vw, 4032px\" \/><\/a>\n\t\t\t<\/div><\/figure><figure class='gallery-item'>\n\t\t\t<div class='gallery-icon landscape'>\n\t\t\t\t<a href='http:\/\/roczyny.duszpasterstwa.bielsko.pl\/?attachment_id=18483'><img loading=\"lazy\" decoding=\"async\" width=\"4032\" height=\"3024\" src=\"http:\/\/roczyny.duszpasterstwa.bielsko.pl\/wp-content\/uploads\/2024\/05\/IMG_9054.jpeg\" class=\"attachment-full size-full\" alt=\"\" srcset=\"http:\/\/roczyny.duszpasterstwa.bielsko.pl\/wp-content\/uploads\/2024\/05\/IMG_9054.jpeg 4032w, http:\/\/roczyny.duszpasterstwa.bielsko.pl\/wp-content\/uploads\/2024\/05\/IMG_9054-300x225.jpeg 300w, http:\/\/roczyny.duszpasterstwa.bielsko.pl\/wp-content\/uploads\/2024\/05\/IMG_9054-768x576.jpeg 768w, http:\/\/roczyny.duszpasterstwa.bielsko.pl\/wp-content\/uploads\/2024\/05\/IMG_9054-1024x768.jpeg 1024w, http:\/\/roczyny.duszpasterstwa.bielsko.pl\/wp-content\/uploads\/2024\/05\/IMG_9054-200x150.jpeg 200w, http:\/\/roczyny.duszpasterstwa.bielsko.pl\/wp-content\/uploads\/2024\/05\/IMG_9054-690x518.jpeg 690w\" sizes=\"(max-width: 4032px) 100vw, 4032px\" \/><\/a>\n\t\t\t<\/div><\/figure><figure class='gallery-item'>\n\t\t\t<div class='gallery-icon landscape'>\n\t\t\t\t<a href='http:\/\/roczyny.duszpasterstwa.bielsko.pl\/?attachment_id=18484'><img loading=\"lazy\" decoding=\"async\" width=\"4032\" height=\"3024\" src=\"http:\/\/roczyny.duszpasterstwa.bielsko.pl\/wp-content\/uploads\/2024\/05\/IMG_9055.jpeg\" class=\"attachment-full size-full\" alt=\"\" srcset=\"http:\/\/roczyny.duszpasterstwa.bielsko.pl\/wp-content\/uploads\/2024\/05\/IMG_9055.jpeg 4032w, http:\/\/roczyny.duszpasterstwa.bielsko.pl\/wp-content\/uploads\/2024\/05\/IMG_9055-300x225.jpeg 300w, http:\/\/roczyny.duszpasterstwa.bielsko.pl\/wp-content\/uploads\/2024\/05\/IMG_9055-768x576.jpeg 768w, http:\/\/roczyny.duszpasterstwa.bielsko.pl\/wp-content\/uploads\/2024\/05\/IMG_9055-1024x768.jpeg 1024w, http:\/\/roczyny.duszpasterstwa.bielsko.pl\/wp-content\/uploads\/2024\/05\/IMG_9055-200x150.jpeg 200w, http:\/\/roczyny.duszpasterstwa.bielsko.pl\/wp-content\/uploads\/2024\/05\/IMG_9055-690x518.jpeg 690w\" sizes=\"(max-width: 4032px) 100vw, 4032px\" \/><\/a>\n\t\t\t<\/div><\/figure><figure class='gallery-item'>\n\t\t\t<div class='gallery-icon landscape'>\n\t\t\t\t<a href='http:\/\/roczyny.duszpasterstwa.bielsko.pl\/?attachment_id=18485'><img loading=\"lazy\" decoding=\"async\" width=\"4032\" height=\"3024\" src=\"http:\/\/roczyny.duszpasterstwa.bielsko.pl\/wp-content\/uploads\/2024\/05\/IMG_9056.jpeg\" class=\"attachment-full size-full\" alt=\"\" srcset=\"http:\/\/roczyny.duszpasterstwa.bielsko.pl\/wp-content\/uploads\/2024\/05\/IMG_9056.jpeg 4032w, http:\/\/roczyny.duszpasterstwa.bielsko.pl\/wp-content\/uploads\/2024\/05\/IMG_9056-300x225.jpeg 300w, http:\/\/roczyny.duszpasterstwa.bielsko.pl\/wp-content\/uploads\/2024\/05\/IMG_9056-768x576.jpeg 768w, http:\/\/roczyny.duszpasterstwa.bielsko.pl\/wp-content\/uploads\/2024\/05\/IMG_9056-1024x768.jpeg 1024w, http:\/\/roczyny.duszpasterstwa.bielsko.pl\/wp-content\/uploads\/2024\/05\/IMG_9056-200x150.jpeg 200w, http:\/\/roczyny.duszpasterstwa.bielsko.pl\/wp-content\/uploads\/2024\/05\/IMG_9056-690x518.jpeg 690w\" sizes=\"(max-width: 4032px) 100vw, 4032px\" \/><\/a>\n\t\t\t<\/div><\/figure><figure class='gallery-item'>\n\t\t\t<div class='gallery-icon landscape'>\n\t\t\t\t<a href='http:\/\/roczyny.duszpasterstwa.bielsko.pl\/?attachment_id=18486'><img loading=\"lazy\" decoding=\"async\" width=\"4032\" height=\"3024\" src=\"http:\/\/roczyny.duszpasterstwa.bielsko.pl\/wp-content\/uploads\/2024\/05\/IMG_9057.jpeg\" class=\"attachment-full size-full\" alt=\"\" srcset=\"http:\/\/roczyny.duszpasterstwa.bielsko.pl\/wp-content\/uploads\/2024\/05\/IMG_9057.jpeg 4032w, http:\/\/roczyny.duszpasterstwa.bielsko.pl\/wp-content\/uploads\/2024\/05\/IMG_9057-300x225.jpeg 300w, http:\/\/roczyny.duszpasterstwa.bielsko.pl\/wp-content\/uploads\/2024\/05\/IMG_9057-768x576.jpeg 768w, http:\/\/roczyny.duszpasterstwa.bielsko.pl\/wp-content\/uploads\/2024\/05\/IMG_9057-1024x768.jpeg 1024w, http:\/\/roczyny.duszpasterstwa.bielsko.pl\/wp-content\/uploads\/2024\/05\/IMG_9057-200x150.jpeg 200w, http:\/\/roczyny.duszpasterstwa.bielsko.pl\/wp-content\/uploads\/2024\/05\/IMG_9057-690x518.jpeg 690w\" sizes=\"(max-width: 4032px) 100vw, 4032px\" \/><\/a>\n\t\t\t<\/div><\/figure><figure class='gallery-item'>\n\t\t\t<div class='gallery-icon landscape'>\n\t\t\t\t<a href='http:\/\/roczyny.duszpasterstwa.bielsko.pl\/?attachment_id=18487'><img loading=\"lazy\" decoding=\"async\" width=\"4032\" height=\"3024\" src=\"http:\/\/roczyny.duszpasterstwa.bielsko.pl\/wp-content\/uploads\/2024\/05\/IMG_9058.jpeg\" class=\"attachment-full size-full\" alt=\"\" srcset=\"http:\/\/roczyny.duszpasterstwa.bielsko.pl\/wp-content\/uploads\/2024\/05\/IMG_9058.jpeg 4032w, http:\/\/roczyny.duszpasterstwa.bielsko.pl\/wp-content\/uploads\/2024\/05\/IMG_9058-300x225.jpeg 300w, http:\/\/roczyny.duszpasterstwa.bielsko.pl\/wp-content\/uploads\/2024\/05\/IMG_9058-768x576.jpeg 768w, http:\/\/roczyny.duszpasterstwa.bielsko.pl\/wp-content\/uploads\/2024\/05\/IMG_9058-1024x768.jpeg 1024w, http:\/\/roczyny.duszpasterstwa.bielsko.pl\/wp-content\/uploads\/2024\/05\/IMG_9058-200x150.jpeg 200w, http:\/\/roczyny.duszpasterstwa.bielsko.pl\/wp-content\/uploads\/2024\/05\/IMG_9058-690x518.jpeg 690w\" sizes=\"(max-width: 4032px) 100vw, 4032px\" \/><\/a>\n\t\t\t<\/div><\/figure><figure class='gallery-item'>\n\t\t\t<div class='gallery-icon landscape'>\n\t\t\t\t<a href='http:\/\/roczyny.duszpasterstwa.bielsko.pl\/?attachment_id=18488'><img loading=\"lazy\" decoding=\"async\" width=\"4032\" height=\"3024\" src=\"http:\/\/roczyny.duszpasterstwa.bielsko.pl\/wp-content\/uploads\/2024\/05\/IMG_9059.jpeg\" class=\"attachment-full size-full\" alt=\"\" srcset=\"http:\/\/roczyny.duszpasterstwa.bielsko.pl\/wp-content\/uploads\/2024\/05\/IMG_9059.jpeg 4032w, http:\/\/roczyny.duszpasterstwa.bielsko.pl\/wp-content\/uploads\/2024\/05\/IMG_9059-300x225.jpeg 300w, http:\/\/roczyny.duszpasterstwa.bielsko.pl\/wp-content\/uploads\/2024\/05\/IMG_9059-768x576.jpeg 768w, http:\/\/roczyny.duszpasterstwa.bielsko.pl\/wp-content\/uploads\/2024\/05\/IMG_9059-1024x768.jpeg 1024w, http:\/\/roczyny.duszpasterstwa.bielsko.pl\/wp-content\/uploads\/2024\/05\/IMG_9059-200x150.jpeg 200w, http:\/\/roczyny.duszpasterstwa.bielsko.pl\/wp-content\/uploads\/2024\/05\/IMG_9059-690x518.jpeg 690w\" sizes=\"(max-width: 4032px) 100vw, 4032px\" \/><\/a>\n\t\t\t<\/div><\/figure><figure class='gallery-item'>\n\t\t\t<div class='gallery-icon landscape'>\n\t\t\t\t<a href='http:\/\/roczyny.duszpasterstwa.bielsko.pl\/?attachment_id=18489'><img loading=\"lazy\" decoding=\"async\" width=\"4032\" height=\"3024\" src=\"http:\/\/roczyny.duszpasterstwa.bielsko.pl\/wp-content\/uploads\/2024\/05\/IMG_9060.jpeg\" class=\"attachment-full size-full\" alt=\"\" srcset=\"http:\/\/roczyny.duszpasterstwa.bielsko.pl\/wp-content\/uploads\/2024\/05\/IMG_9060.jpeg 4032w, http:\/\/roczyny.duszpasterstwa.bielsko.pl\/wp-content\/uploads\/2024\/05\/IMG_9060-300x225.jpeg 300w, http:\/\/roczyny.duszpasterstwa.bielsko.pl\/wp-content\/uploads\/2024\/05\/IMG_9060-768x576.jpeg 768w, http:\/\/roczyny.duszpasterstwa.bielsko.pl\/wp-content\/uploads\/2024\/05\/IMG_9060-1024x768.jpeg 1024w, http:\/\/roczyny.duszpasterstwa.bielsko.pl\/wp-content\/uploads\/2024\/05\/IMG_9060-200x150.jpeg 200w, http:\/\/roczyny.duszpasterstwa.bielsko.pl\/wp-content\/uploads\/2024\/05\/IMG_9060-690x518.jpeg 690w\" sizes=\"(max-width: 4032px) 100vw, 4032px\" \/><\/a>\n\t\t\t<\/div><\/figure><figure class='gallery-item'>\n\t\t\t<div class='gallery-icon landscape'>\n\t\t\t\t<a href='http:\/\/roczyny.duszpasterstwa.bielsko.pl\/?attachment_id=18490'><img loading=\"lazy\" decoding=\"async\" width=\"4032\" height=\"3024\" src=\"http:\/\/roczyny.duszpasterstwa.bielsko.pl\/wp-content\/uploads\/2024\/05\/IMG_9061.jpeg\" class=\"attachment-full size-full\" alt=\"\" srcset=\"http:\/\/roczyny.duszpasterstwa.bielsko.pl\/wp-content\/uploads\/2024\/05\/IMG_9061.jpeg 4032w, http:\/\/roczyny.duszpasterstwa.bielsko.pl\/wp-content\/uploads\/2024\/05\/IMG_9061-300x225.jpeg 300w, http:\/\/roczyny.duszpasterstwa.bielsko.pl\/wp-content\/uploads\/2024\/05\/IMG_9061-768x576.jpeg 768w, http:\/\/roczyny.duszpasterstwa.bielsko.pl\/wp-content\/uploads\/2024\/05\/IMG_9061-1024x768.jpeg 1024w, http:\/\/roczyny.duszpasterstwa.bielsko.pl\/wp-content\/uploads\/2024\/05\/IMG_9061-200x150.jpeg 200w, http:\/\/roczyny.duszpasterstwa.bielsko.pl\/wp-content\/uploads\/2024\/05\/IMG_9061-690x518.jpeg 690w\" sizes=\"(max-width: 4032px) 100vw, 4032px\" \/><\/a>\n\t\t\t<\/div><\/figure><figure class='gallery-item'>\n\t\t\t<div class='gallery-icon landscape'>\n\t\t\t\t<a href='http:\/\/roczyny.duszpasterstwa.bielsko.pl\/?attachment_id=18491'><img loading=\"lazy\" decoding=\"async\" width=\"4032\" height=\"3024\" src=\"http:\/\/roczyny.duszpasterstwa.bielsko.pl\/wp-content\/uploads\/2024\/05\/IMG_9062.jpeg\" class=\"attachment-full size-full\" alt=\"\" srcset=\"http:\/\/roczyny.duszpasterstwa.bielsko.pl\/wp-content\/uploads\/2024\/05\/IMG_9062.jpeg 4032w, http:\/\/roczyny.duszpasterstwa.bielsko.pl\/wp-content\/uploads\/2024\/05\/IMG_9062-300x225.jpeg 300w, http:\/\/roczyny.duszpasterstwa.bielsko.pl\/wp-content\/uploads\/2024\/05\/IMG_9062-768x576.jpeg 768w, http:\/\/roczyny.duszpasterstwa.bielsko.pl\/wp-content\/uploads\/2024\/05\/IMG_9062-1024x768.jpeg 1024w, http:\/\/roczyny.duszpasterstwa.bielsko.pl\/wp-content\/uploads\/2024\/05\/IMG_9062-200x150.jpeg 200w, http:\/\/roczyny.duszpasterstwa.bielsko.pl\/wp-content\/uploads\/2024\/05\/IMG_9062-690x518.jpeg 690w\" sizes=\"(max-width: 4032px) 100vw, 4032px\" \/><\/a>\n\t\t\t<\/div><\/figure><figure class='gallery-item'>\n\t\t\t<div class='gallery-icon landscape'>\n\t\t\t\t<a href='http:\/\/roczyny.duszpasterstwa.bielsko.pl\/?attachment_id=18492'><img loading=\"lazy\" decoding=\"async\" width=\"4032\" height=\"3024\" src=\"http:\/\/roczyny.duszpasterstwa.bielsko.pl\/wp-content\/uploads\/2024\/05\/IMG_9063.jpeg\" class=\"attachment-full size-full\" alt=\"\" srcset=\"http:\/\/roczyny.duszpasterstwa.bielsko.pl\/wp-content\/uploads\/2024\/05\/IMG_9063.jpeg 4032w, http:\/\/roczyny.duszpasterstwa.bielsko.pl\/wp-content\/uploads\/2024\/05\/IMG_9063-300x225.jpeg 300w, http:\/\/roczyny.duszpasterstwa.bielsko.pl\/wp-content\/uploads\/2024\/05\/IMG_9063-768x576.jpeg 768w, http:\/\/roczyny.duszpasterstwa.bielsko.pl\/wp-content\/uploads\/2024\/05\/IMG_9063-1024x768.jpeg 1024w, http:\/\/roczyny.duszpasterstwa.bielsko.pl\/wp-content\/uploads\/2024\/05\/IMG_9063-200x150.jpeg 200w, http:\/\/roczyny.duszpasterstwa.bielsko.pl\/wp-content\/uploads\/2024\/05\/IMG_9063-690x518.jpeg 690w\" sizes=\"(max-width: 4032px) 100vw, 4032px\" \/><\/a>\n\t\t\t<\/div><\/figure><figure class='gallery-item'>\n\t\t\t<div class='gallery-icon landscape'>\n\t\t\t\t<a href='http:\/\/roczyny.duszpasterstwa.bielsko.pl\/?attachment_id=18493'><img loading=\"lazy\" decoding=\"async\" width=\"4032\" height=\"3024\" src=\"http:\/\/roczyny.duszpasterstwa.bielsko.pl\/wp-content\/uploads\/2024\/05\/IMG_9065.jpeg\" class=\"attachment-full size-full\" alt=\"\" srcset=\"http:\/\/roczyny.duszpasterstwa.bielsko.pl\/wp-content\/uploads\/2024\/05\/IMG_9065.jpeg 4032w, http:\/\/roczyny.duszpasterstwa.bielsko.pl\/wp-content\/uploads\/2024\/05\/IMG_9065-300x225.jpeg 300w, http:\/\/roczyny.duszpasterstwa.bielsko.pl\/wp-content\/uploads\/2024\/05\/IMG_9065-768x576.jpeg 768w, http:\/\/roczyny.duszpasterstwa.bielsko.pl\/wp-content\/uploads\/2024\/05\/IMG_9065-1024x768.jpeg 1024w, http:\/\/roczyny.duszpasterstwa.bielsko.pl\/wp-content\/uploads\/2024\/05\/IMG_9065-200x150.jpeg 200w, http:\/\/roczyny.duszpasterstwa.bielsko.pl\/wp-content\/uploads\/2024\/05\/IMG_9065-690x518.jpeg 690w\" sizes=\"(max-width: 4032px) 100vw, 4032px\" \/><\/a>\n\t\t\t<\/div><\/figure><figure class='gallery-item'>\n\t\t\t<div class='gallery-icon landscape'>\n\t\t\t\t<a href='http:\/\/roczyny.duszpasterstwa.bielsko.pl\/?attachment_id=18494'><img loading=\"lazy\" decoding=\"async\" width=\"4032\" height=\"3024\" src=\"http:\/\/roczyny.duszpasterstwa.bielsko.pl\/wp-content\/uploads\/2024\/05\/IMG_9066.jpeg\" class=\"attachment-full size-full\" alt=\"\" srcset=\"http:\/\/roczyny.duszpasterstwa.bielsko.pl\/wp-content\/uploads\/2024\/05\/IMG_9066.jpeg 4032w, http:\/\/roczyny.duszpasterstwa.bielsko.pl\/wp-content\/uploads\/2024\/05\/IMG_9066-300x225.jpeg 300w, http:\/\/roczyny.duszpasterstwa.bielsko.pl\/wp-content\/uploads\/2024\/05\/IMG_9066-768x576.jpeg 768w, http:\/\/roczyny.duszpasterstwa.bielsko.pl\/wp-content\/uploads\/2024\/05\/IMG_9066-1024x768.jpeg 1024w, http:\/\/roczyny.duszpasterstwa.bielsko.pl\/wp-content\/uploads\/2024\/05\/IMG_9066-200x150.jpeg 200w, http:\/\/roczyny.duszpasterstwa.bielsko.pl\/wp-content\/uploads\/2024\/05\/IMG_9066-690x518.jpeg 690w\" sizes=\"(max-width: 4032px) 100vw, 4032px\" \/><\/a>\n\t\t\t<\/div><\/figure><figure class='gallery-item'>\n\t\t\t<div class='gallery-icon landscape'>\n\t\t\t\t<a href='http:\/\/roczyny.duszpasterstwa.bielsko.pl\/?attachment_id=18495'><img loading=\"lazy\" decoding=\"async\" width=\"4032\" height=\"3024\" src=\"http:\/\/roczyny.duszpasterstwa.bielsko.pl\/wp-content\/uploads\/2024\/05\/IMG_9067.jpeg\" class=\"attachment-full size-full\" alt=\"\" srcset=\"http:\/\/roczyny.duszpasterstwa.bielsko.pl\/wp-content\/uploads\/2024\/05\/IMG_9067.jpeg 4032w, http:\/\/roczyny.duszpasterstwa.bielsko.pl\/wp-content\/uploads\/2024\/05\/IMG_9067-300x225.jpeg 300w, http:\/\/roczyny.duszpasterstwa.bielsko.pl\/wp-content\/uploads\/2024\/05\/IMG_9067-768x576.jpeg 768w, http:\/\/roczyny.duszpasterstwa.bielsko.pl\/wp-content\/uploads\/2024\/05\/IMG_9067-1024x768.jpeg 1024w, http:\/\/roczyny.duszpasterstwa.bielsko.pl\/wp-content\/uploads\/2024\/05\/IMG_9067-200x150.jpeg 200w, http:\/\/roczyny.duszpasterstwa.bielsko.pl\/wp-content\/uploads\/2024\/05\/IMG_9067-690x518.jpeg 690w\" sizes=\"(max-width: 4032px) 100vw, 4032px\" \/><\/a>\n\t\t\t<\/div><\/figure><figure class='gallery-item'>\n\t\t\t<div class='gallery-icon landscape'>\n\t\t\t\t<a href='http:\/\/roczyny.duszpasterstwa.bielsko.pl\/?attachment_id=18496'><img loading=\"lazy\" decoding=\"async\" width=\"4032\" height=\"3024\" src=\"http:\/\/roczyny.duszpasterstwa.bielsko.pl\/wp-content\/uploads\/2024\/05\/IMG_9068.jpeg\" class=\"attachment-full size-full\" alt=\"\" srcset=\"http:\/\/roczyny.duszpasterstwa.bielsko.pl\/wp-content\/uploads\/2024\/05\/IMG_9068.jpeg 4032w, http:\/\/roczyny.duszpasterstwa.bielsko.pl\/wp-content\/uploads\/2024\/05\/IMG_9068-300x225.jpeg 300w, http:\/\/roczyny.duszpasterstwa.bielsko.pl\/wp-content\/uploads\/2024\/05\/IMG_9068-768x576.jpeg 768w, http:\/\/roczyny.duszpasterstwa.bielsko.pl\/wp-content\/uploads\/2024\/05\/IMG_9068-1024x768.jpeg 1024w, http:\/\/roczyny.duszpasterstwa.bielsko.pl\/wp-content\/uploads\/2024\/05\/IMG_9068-200x150.jpeg 200w, http:\/\/roczyny.duszpasterstwa.bielsko.pl\/wp-content\/uploads\/2024\/05\/IMG_9068-690x518.jpeg 690w\" sizes=\"(max-width: 4032px) 100vw, 4032px\" \/><\/a>\n\t\t\t<\/div><\/figure><figure class='gallery-item'>\n\t\t\t<div class='gallery-icon landscape'>\n\t\t\t\t<a href='http:\/\/roczyny.duszpasterstwa.bielsko.pl\/?attachment_id=18497'><img loading=\"lazy\" decoding=\"async\" width=\"4032\" height=\"3024\" src=\"http:\/\/roczyny.duszpasterstwa.bielsko.pl\/wp-content\/uploads\/2024\/05\/IMG_9069.jpeg\" class=\"attachment-full size-full\" alt=\"\" srcset=\"http:\/\/roczyny.duszpasterstwa.bielsko.pl\/wp-content\/uploads\/2024\/05\/IMG_9069.jpeg 4032w, http:\/\/roczyny.duszpasterstwa.bielsko.pl\/wp-content\/uploads\/2024\/05\/IMG_9069-300x225.jpeg 300w, http:\/\/roczyny.duszpasterstwa.bielsko.pl\/wp-content\/uploads\/2024\/05\/IMG_9069-768x576.jpeg 768w, http:\/\/roczyny.duszpasterstwa.bielsko.pl\/wp-content\/uploads\/2024\/05\/IMG_9069-1024x768.jpeg 1024w, http:\/\/roczyny.duszpasterstwa.bielsko.pl\/wp-content\/uploads\/2024\/05\/IMG_9069-200x150.jpeg 200w, http:\/\/roczyny.duszpasterstwa.bielsko.pl\/wp-content\/uploads\/2024\/05\/IMG_9069-690x518.jpeg 690w\" sizes=\"(max-width: 4032px) 100vw, 4032px\" \/><\/a>\n\t\t\t<\/div><\/figure><figure class='gallery-item'>\n\t\t\t<div class='gallery-icon landscape'>\n\t\t\t\t<a href='http:\/\/roczyny.duszpasterstwa.bielsko.pl\/?attachment_id=18498'><img loading=\"lazy\" decoding=\"async\" width=\"4032\" height=\"3024\" src=\"http:\/\/roczyny.duszpasterstwa.bielsko.pl\/wp-content\/uploads\/2024\/05\/IMG_9070.jpeg\" class=\"attachment-full size-full\" alt=\"\" srcset=\"http:\/\/roczyny.duszpasterstwa.bielsko.pl\/wp-content\/uploads\/2024\/05\/IMG_9070.jpeg 4032w, http:\/\/roczyny.duszpasterstwa.bielsko.pl\/wp-content\/uploads\/2024\/05\/IMG_9070-300x225.jpeg 300w, http:\/\/roczyny.duszpasterstwa.bielsko.pl\/wp-content\/uploads\/2024\/05\/IMG_9070-768x576.jpeg 768w, http:\/\/roczyny.duszpasterstwa.bielsko.pl\/wp-content\/uploads\/2024\/05\/IMG_9070-1024x768.jpeg 1024w, http:\/\/roczyny.duszpasterstwa.bielsko.pl\/wp-content\/uploads\/2024\/05\/IMG_9070-200x150.jpeg 200w, http:\/\/roczyny.duszpasterstwa.bielsko.pl\/wp-content\/uploads\/2024\/05\/IMG_9070-690x518.jpeg 690w\" sizes=\"(max-width: 4032px) 100vw, 4032px\" \/><\/a>\n\t\t\t<\/div><\/figure><figure class='gallery-item'>\n\t\t\t<div class='gallery-icon landscape'>\n\t\t\t\t<a href='http:\/\/roczyny.duszpasterstwa.bielsko.pl\/?attachment_id=18499'><img loading=\"lazy\" decoding=\"async\" width=\"4032\" height=\"3024\" src=\"http:\/\/roczyny.duszpasterstwa.bielsko.pl\/wp-content\/uploads\/2024\/05\/IMG_9072.jpeg\" class=\"attachment-full size-full\" alt=\"\" srcset=\"http:\/\/roczyny.duszpasterstwa.bielsko.pl\/wp-content\/uploads\/2024\/05\/IMG_9072.jpeg 4032w, http:\/\/roczyny.duszpasterstwa.bielsko.pl\/wp-content\/uploads\/2024\/05\/IMG_9072-300x225.jpeg 300w, http:\/\/roczyny.duszpasterstwa.bielsko.pl\/wp-content\/uploads\/2024\/05\/IMG_9072-768x576.jpeg 768w, http:\/\/roczyny.duszpasterstwa.bielsko.pl\/wp-content\/uploads\/2024\/05\/IMG_9072-1024x768.jpeg 1024w, http:\/\/roczyny.duszpasterstwa.bielsko.pl\/wp-content\/uploads\/2024\/05\/IMG_9072-200x150.jpeg 200w, http:\/\/roczyny.duszpasterstwa.bielsko.pl\/wp-content\/uploads\/2024\/05\/IMG_9072-690x518.jpeg 690w\" sizes=\"(max-width: 4032px) 100vw, 4032px\" \/><\/a>\n\t\t\t<\/div><\/figure><figure class='gallery-item'>\n\t\t\t<div class='gallery-icon landscape'>\n\t\t\t\t<a href='http:\/\/roczyny.duszpasterstwa.bielsko.pl\/?attachment_id=18500'><img loading=\"lazy\" decoding=\"async\" width=\"4032\" height=\"3024\" src=\"http:\/\/roczyny.duszpasterstwa.bielsko.pl\/wp-content\/uploads\/2024\/05\/IMG_9073.jpeg\" class=\"attachment-full size-full\" alt=\"\" srcset=\"http:\/\/roczyny.duszpasterstwa.bielsko.pl\/wp-content\/uploads\/2024\/05\/IMG_9073.jpeg 4032w, http:\/\/roczyny.duszpasterstwa.bielsko.pl\/wp-content\/uploads\/2024\/05\/IMG_9073-300x225.jpeg 300w, http:\/\/roczyny.duszpasterstwa.bielsko.pl\/wp-content\/uploads\/2024\/05\/IMG_9073-768x576.jpeg 768w, http:\/\/roczyny.duszpasterstwa.bielsko.pl\/wp-content\/uploads\/2024\/05\/IMG_9073-1024x768.jpeg 1024w, http:\/\/roczyny.duszpasterstwa.bielsko.pl\/wp-content\/uploads\/2024\/05\/IMG_9073-200x150.jpeg 200w, http:\/\/roczyny.duszpasterstwa.bielsko.pl\/wp-content\/uploads\/2024\/05\/IMG_9073-690x518.jpeg 690w\" sizes=\"(max-width: 4032px) 100vw, 4032px\" \/><\/a>\n\t\t\t<\/div><\/figure><figure class='gallery-item'>\n\t\t\t<div class='gallery-icon landscape'>\n\t\t\t\t<a href='http:\/\/roczyny.duszpasterstwa.bielsko.pl\/?attachment_id=18501'><img loading=\"lazy\" decoding=\"async\" width=\"4032\" height=\"3024\" src=\"http:\/\/roczyny.duszpasterstwa.bielsko.pl\/wp-content\/uploads\/2024\/05\/IMG_9074.jpeg\" class=\"attachment-full size-full\" alt=\"\" srcset=\"http:\/\/roczyny.duszpasterstwa.bielsko.pl\/wp-content\/uploads\/2024\/05\/IMG_9074.jpeg 4032w, http:\/\/roczyny.duszpasterstwa.bielsko.pl\/wp-content\/uploads\/2024\/05\/IMG_9074-300x225.jpeg 300w, http:\/\/roczyny.duszpasterstwa.bielsko.pl\/wp-content\/uploads\/2024\/05\/IMG_9074-768x576.jpeg 768w, http:\/\/roczyny.duszpasterstwa.bielsko.pl\/wp-content\/uploads\/2024\/05\/IMG_9074-1024x768.jpeg 1024w, http:\/\/roczyny.duszpasterstwa.bielsko.pl\/wp-content\/uploads\/2024\/05\/IMG_9074-200x150.jpeg 200w, http:\/\/roczyny.duszpasterstwa.bielsko.pl\/wp-content\/uploads\/2024\/05\/IMG_9074-690x518.jpeg 690w\" sizes=\"(max-width: 4032px) 100vw, 4032px\" \/><\/a>\n\t\t\t<\/div><\/figure><figure class='gallery-item'>\n\t\t\t<div class='gallery-icon landscape'>\n\t\t\t\t<a href='http:\/\/roczyny.duszpasterstwa.bielsko.pl\/?attachment_id=18502'><img loading=\"lazy\" decoding=\"async\" width=\"4032\" height=\"3024\" src=\"http:\/\/roczyny.duszpasterstwa.bielsko.pl\/wp-content\/uploads\/2024\/05\/IMG_9075.jpeg\" class=\"attachment-full size-full\" alt=\"\" srcset=\"http:\/\/roczyny.duszpasterstwa.bielsko.pl\/wp-content\/uploads\/2024\/05\/IMG_9075.jpeg 4032w, http:\/\/roczyny.duszpasterstwa.bielsko.pl\/wp-content\/uploads\/2024\/05\/IMG_9075-300x225.jpeg 300w, http:\/\/roczyny.duszpasterstwa.bielsko.pl\/wp-content\/uploads\/2024\/05\/IMG_9075-768x576.jpeg 768w, http:\/\/roczyny.duszpasterstwa.bielsko.pl\/wp-content\/uploads\/2024\/05\/IMG_9075-1024x768.jpeg 1024w, http:\/\/roczyny.duszpasterstwa.bielsko.pl\/wp-content\/uploads\/2024\/05\/IMG_9075-200x150.jpeg 200w, http:\/\/roczyny.duszpasterstwa.bielsko.pl\/wp-content\/uploads\/2024\/05\/IMG_9075-690x518.jpeg 690w\" sizes=\"(max-width: 4032px) 100vw, 4032px\" \/><\/a>\n\t\t\t<\/div><\/figure><figure class='gallery-item'>\n\t\t\t<div class='gallery-icon landscape'>\n\t\t\t\t<a href='http:\/\/roczyny.duszpasterstwa.bielsko.pl\/?attachment_id=18503'><img loading=\"lazy\" decoding=\"async\" width=\"4032\" height=\"3024\" src=\"http:\/\/roczyny.duszpasterstwa.bielsko.pl\/wp-content\/uploads\/2024\/05\/IMG_9076.jpeg\" class=\"attachment-full size-full\" alt=\"\" srcset=\"http:\/\/roczyny.duszpasterstwa.bielsko.pl\/wp-content\/uploads\/2024\/05\/IMG_9076.jpeg 4032w, http:\/\/roczyny.duszpasterstwa.bielsko.pl\/wp-content\/uploads\/2024\/05\/IMG_9076-300x225.jpeg 300w, http:\/\/roczyny.duszpasterstwa.bielsko.pl\/wp-content\/uploads\/2024\/05\/IMG_9076-768x576.jpeg 768w, http:\/\/roczyny.duszpasterstwa.bielsko.pl\/wp-content\/uploads\/2024\/05\/IMG_9076-1024x768.jpeg 1024w, http:\/\/roczyny.duszpasterstwa.bielsko.pl\/wp-content\/uploads\/2024\/05\/IMG_9076-200x150.jpeg 200w, http:\/\/roczyny.duszpasterstwa.bielsko.pl\/wp-content\/uploads\/2024\/05\/IMG_9076-690x518.jpeg 690w\" sizes=\"(max-width: 4032px) 100vw, 4032px\" \/><\/a>\n\t\t\t<\/div><\/figure><figure class='gallery-item'>\n\t\t\t<div class='gallery-icon landscape'>\n\t\t\t\t<a href='http:\/\/roczyny.duszpasterstwa.bielsko.pl\/?attachment_id=18504'><img loading=\"lazy\" decoding=\"async\" width=\"4032\" height=\"3024\" src=\"http:\/\/roczyny.duszpasterstwa.bielsko.pl\/wp-content\/uploads\/2024\/05\/IMG_9077.jpeg\" class=\"attachment-full size-full\" alt=\"\" srcset=\"http:\/\/roczyny.duszpasterstwa.bielsko.pl\/wp-content\/uploads\/2024\/05\/IMG_9077.jpeg 4032w, http:\/\/roczyny.duszpasterstwa.bielsko.pl\/wp-content\/uploads\/2024\/05\/IMG_9077-300x225.jpeg 300w, http:\/\/roczyny.duszpasterstwa.bielsko.pl\/wp-content\/uploads\/2024\/05\/IMG_9077-768x576.jpeg 768w, http:\/\/roczyny.duszpasterstwa.bielsko.pl\/wp-content\/uploads\/2024\/05\/IMG_9077-1024x768.jpeg 1024w, http:\/\/roczyny.duszpasterstwa.bielsko.pl\/wp-content\/uploads\/2024\/05\/IMG_9077-200x150.jpeg 200w, http:\/\/roczyny.duszpasterstwa.bielsko.pl\/wp-content\/uploads\/2024\/05\/IMG_9077-690x518.jpeg 690w\" sizes=\"(max-width: 4032px) 100vw, 4032px\" \/><\/a>\n\t\t\t<\/div><\/figure><figure class='gallery-item'>\n\t\t\t<div class='gallery-icon landscape'>\n\t\t\t\t<a href='http:\/\/roczyny.duszpasterstwa.bielsko.pl\/?attachment_id=18505'><img loading=\"lazy\" decoding=\"async\" width=\"4032\" height=\"3024\" src=\"http:\/\/roczyny.duszpasterstwa.bielsko.pl\/wp-content\/uploads\/2024\/05\/IMG_9078.jpeg\" class=\"attachment-full size-full\" alt=\"\" srcset=\"http:\/\/roczyny.duszpasterstwa.bielsko.pl\/wp-content\/uploads\/2024\/05\/IMG_9078.jpeg 4032w, http:\/\/roczyny.duszpasterstwa.bielsko.pl\/wp-content\/uploads\/2024\/05\/IMG_9078-300x225.jpeg 300w, http:\/\/roczyny.duszpasterstwa.bielsko.pl\/wp-content\/uploads\/2024\/05\/IMG_9078-768x576.jpeg 768w, http:\/\/roczyny.duszpasterstwa.bielsko.pl\/wp-content\/uploads\/2024\/05\/IMG_9078-1024x768.jpeg 1024w, http:\/\/roczyny.duszpasterstwa.bielsko.pl\/wp-content\/uploads\/2024\/05\/IMG_9078-200x150.jpeg 200w, http:\/\/roczyny.duszpasterstwa.bielsko.pl\/wp-content\/uploads\/2024\/05\/IMG_9078-690x518.jpeg 690w\" sizes=\"(max-width: 4032px) 100vw, 4032px\" \/><\/a>\n\t\t\t<\/div><\/figure><figure class='gallery-item'>\n\t\t\t<div class='gallery-icon landscape'>\n\t\t\t\t<a href='http:\/\/roczyny.duszpasterstwa.bielsko.pl\/?attachment_id=18506'><img loading=\"lazy\" decoding=\"async\" width=\"4032\" height=\"3024\" src=\"http:\/\/roczyny.duszpasterstwa.bielsko.pl\/wp-content\/uploads\/2024\/05\/IMG_9079.jpeg\" class=\"attachment-full size-full\" alt=\"\" srcset=\"http:\/\/roczyny.duszpasterstwa.bielsko.pl\/wp-content\/uploads\/2024\/05\/IMG_9079.jpeg 4032w, http:\/\/roczyny.duszpasterstwa.bielsko.pl\/wp-content\/uploads\/2024\/05\/IMG_9079-300x225.jpeg 300w, http:\/\/roczyny.duszpasterstwa.bielsko.pl\/wp-content\/uploads\/2024\/05\/IMG_9079-768x576.jpeg 768w, http:\/\/roczyny.duszpasterstwa.bielsko.pl\/wp-content\/uploads\/2024\/05\/IMG_9079-1024x768.jpeg 1024w, http:\/\/roczyny.duszpasterstwa.bielsko.pl\/wp-content\/uploads\/2024\/05\/IMG_9079-200x150.jpeg 200w, http:\/\/roczyny.duszpasterstwa.bielsko.pl\/wp-content\/uploads\/2024\/05\/IMG_9079-690x518.jpeg 690w\" sizes=\"(max-width: 4032px) 100vw, 4032px\" \/><\/a>\n\t\t\t<\/div><\/figure><figure class='gallery-item'>\n\t\t\t<div class='gallery-icon landscape'>\n\t\t\t\t<a href='http:\/\/roczyny.duszpasterstwa.bielsko.pl\/?attachment_id=18507'><img loading=\"lazy\" decoding=\"async\" width=\"4032\" height=\"3024\" src=\"http:\/\/roczyny.duszpasterstwa.bielsko.pl\/wp-content\/uploads\/2024\/05\/IMG_9080.jpeg\" class=\"attachment-full size-full\" alt=\"\" srcset=\"http:\/\/roczyny.duszpasterstwa.bielsko.pl\/wp-content\/uploads\/2024\/05\/IMG_9080.jpeg 4032w, http:\/\/roczyny.duszpasterstwa.bielsko.pl\/wp-content\/uploads\/2024\/05\/IMG_9080-300x225.jpeg 300w, http:\/\/roczyny.duszpasterstwa.bielsko.pl\/wp-content\/uploads\/2024\/05\/IMG_9080-768x576.jpeg 768w, http:\/\/roczyny.duszpasterstwa.bielsko.pl\/wp-content\/uploads\/2024\/05\/IMG_9080-1024x768.jpeg 1024w, http:\/\/roczyny.duszpasterstwa.bielsko.pl\/wp-content\/uploads\/2024\/05\/IMG_9080-200x150.jpeg 200w, http:\/\/roczyny.duszpasterstwa.bielsko.pl\/wp-content\/uploads\/2024\/05\/IMG_9080-690x518.jpeg 690w\" sizes=\"(max-width: 4032px) 100vw, 4032px\" \/><\/a>\n\t\t\t<\/div><\/figure><figure class='gallery-item'>\n\t\t\t<div class='gallery-icon landscape'>\n\t\t\t\t<a href='http:\/\/roczyny.duszpasterstwa.bielsko.pl\/?attachment_id=18508'><img loading=\"lazy\" decoding=\"async\" width=\"4032\" height=\"3024\" src=\"http:\/\/roczyny.duszpasterstwa.bielsko.pl\/wp-content\/uploads\/2024\/05\/IMG_9082.jpeg\" class=\"attachment-full size-full\" alt=\"\" srcset=\"http:\/\/roczyny.duszpasterstwa.bielsko.pl\/wp-content\/uploads\/2024\/05\/IMG_9082.jpeg 4032w, http:\/\/roczyny.duszpasterstwa.bielsko.pl\/wp-content\/uploads\/2024\/05\/IMG_9082-300x225.jpeg 300w, http:\/\/roczyny.duszpasterstwa.bielsko.pl\/wp-content\/uploads\/2024\/05\/IMG_9082-768x576.jpeg 768w, http:\/\/roczyny.duszpasterstwa.bielsko.pl\/wp-content\/uploads\/2024\/05\/IMG_9082-1024x768.jpeg 1024w, http:\/\/roczyny.duszpasterstwa.bielsko.pl\/wp-content\/uploads\/2024\/05\/IMG_9082-200x150.jpeg 200w, http:\/\/roczyny.duszpasterstwa.bielsko.pl\/wp-content\/uploads\/2024\/05\/IMG_9082-690x518.jpeg 690w\" sizes=\"(max-width: 4032px) 100vw, 4032px\" \/><\/a>\n\t\t\t<\/div><\/figure><figure class='gallery-item'>\n\t\t\t<div class='gallery-icon landscape'>\n\t\t\t\t<a href='http:\/\/roczyny.duszpasterstwa.bielsko.pl\/?attachment_id=18509'><img loading=\"lazy\" decoding=\"async\" width=\"4032\" height=\"3024\" src=\"http:\/\/roczyny.duszpasterstwa.bielsko.pl\/wp-content\/uploads\/2024\/05\/IMG_9083.jpeg\" class=\"attachment-full size-full\" alt=\"\" srcset=\"http:\/\/roczyny.duszpasterstwa.bielsko.pl\/wp-content\/uploads\/2024\/05\/IMG_9083.jpeg 4032w, http:\/\/roczyny.duszpasterstwa.bielsko.pl\/wp-content\/uploads\/2024\/05\/IMG_9083-300x225.jpeg 300w, http:\/\/roczyny.duszpasterstwa.bielsko.pl\/wp-content\/uploads\/2024\/05\/IMG_9083-768x576.jpeg 768w, http:\/\/roczyny.duszpasterstwa.bielsko.pl\/wp-content\/uploads\/2024\/05\/IMG_9083-1024x768.jpeg 1024w, http:\/\/roczyny.duszpasterstwa.bielsko.pl\/wp-content\/uploads\/2024\/05\/IMG_9083-200x150.jpeg 200w, http:\/\/roczyny.duszpasterstwa.bielsko.pl\/wp-content\/uploads\/2024\/05\/IMG_9083-690x518.jpeg 690w\" sizes=\"(max-width: 4032px) 100vw, 4032px\" \/><\/a>\n\t\t\t<\/div><\/figure><figure class='gallery-item'>\n\t\t\t<div class='gallery-icon landscape'>\n\t\t\t\t<a href='http:\/\/roczyny.duszpasterstwa.bielsko.pl\/?attachment_id=18510'><img loading=\"lazy\" decoding=\"async\" width=\"4032\" height=\"3024\" src=\"http:\/\/roczyny.duszpasterstwa.bielsko.pl\/wp-content\/uploads\/2024\/05\/IMG_9084.jpeg\" class=\"attachment-full size-full\" alt=\"\" srcset=\"http:\/\/roczyny.duszpasterstwa.bielsko.pl\/wp-content\/uploads\/2024\/05\/IMG_9084.jpeg 4032w, http:\/\/roczyny.duszpasterstwa.bielsko.pl\/wp-content\/uploads\/2024\/05\/IMG_9084-300x225.jpeg 300w, http:\/\/roczyny.duszpasterstwa.bielsko.pl\/wp-content\/uploads\/2024\/05\/IMG_9084-768x576.jpeg 768w, http:\/\/roczyny.duszpasterstwa.bielsko.pl\/wp-content\/uploads\/2024\/05\/IMG_9084-1024x768.jpeg 1024w, http:\/\/roczyny.duszpasterstwa.bielsko.pl\/wp-content\/uploads\/2024\/05\/IMG_9084-200x150.jpeg 200w, http:\/\/roczyny.duszpasterstwa.bielsko.pl\/wp-content\/uploads\/2024\/05\/IMG_9084-690x518.jpeg 690w\" sizes=\"(max-width: 4032px) 100vw, 4032px\" \/><\/a>\n\t\t\t<\/div><\/figure><figure class='gallery-item'>\n\t\t\t<div class='gallery-icon landscape'>\n\t\t\t\t<a href='http:\/\/roczyny.duszpasterstwa.bielsko.pl\/?attachment_id=18511'><img loading=\"lazy\" decoding=\"async\" width=\"4032\" height=\"3024\" src=\"http:\/\/roczyny.duszpasterstwa.bielsko.pl\/wp-content\/uploads\/2024\/05\/IMG_9085.jpeg\" class=\"attachment-full size-full\" alt=\"\" srcset=\"http:\/\/roczyny.duszpasterstwa.bielsko.pl\/wp-content\/uploads\/2024\/05\/IMG_9085.jpeg 4032w, http:\/\/roczyny.duszpasterstwa.bielsko.pl\/wp-content\/uploads\/2024\/05\/IMG_9085-300x225.jpeg 300w, http:\/\/roczyny.duszpasterstwa.bielsko.pl\/wp-content\/uploads\/2024\/05\/IMG_9085-768x576.jpeg 768w, http:\/\/roczyny.duszpasterstwa.bielsko.pl\/wp-content\/uploads\/2024\/05\/IMG_9085-1024x768.jpeg 1024w, http:\/\/roczyny.duszpasterstwa.bielsko.pl\/wp-content\/uploads\/2024\/05\/IMG_9085-200x150.jpeg 200w, http:\/\/roczyny.duszpasterstwa.bielsko.pl\/wp-content\/uploads\/2024\/05\/IMG_9085-690x518.jpeg 690w\" sizes=\"(max-width: 4032px) 100vw, 4032px\" \/><\/a>\n\t\t\t<\/div><\/figure><figure class='gallery-item'>\n\t\t\t<div class='gallery-icon landscape'>\n\t\t\t\t<a href='http:\/\/roczyny.duszpasterstwa.bielsko.pl\/?attachment_id=18512'><img loading=\"lazy\" decoding=\"async\" width=\"4032\" height=\"3024\" src=\"http:\/\/roczyny.duszpasterstwa.bielsko.pl\/wp-content\/uploads\/2024\/05\/IMG_9086.jpeg\" class=\"attachment-full size-full\" alt=\"\" srcset=\"http:\/\/roczyny.duszpasterstwa.bielsko.pl\/wp-content\/uploads\/2024\/05\/IMG_9086.jpeg 4032w, http:\/\/roczyny.duszpasterstwa.bielsko.pl\/wp-content\/uploads\/2024\/05\/IMG_9086-300x225.jpeg 300w, http:\/\/roczyny.duszpasterstwa.bielsko.pl\/wp-content\/uploads\/2024\/05\/IMG_9086-768x576.jpeg 768w, http:\/\/roczyny.duszpasterstwa.bielsko.pl\/wp-content\/uploads\/2024\/05\/IMG_9086-1024x768.jpeg 1024w, http:\/\/roczyny.duszpasterstwa.bielsko.pl\/wp-content\/uploads\/2024\/05\/IMG_9086-200x150.jpeg 200w, http:\/\/roczyny.duszpasterstwa.bielsko.pl\/wp-content\/uploads\/2024\/05\/IMG_9086-690x518.jpeg 690w\" sizes=\"(max-width: 4032px) 100vw, 4032px\" \/><\/a>\n\t\t\t<\/div><\/figure><figure class='gallery-item'>\n\t\t\t<div class='gallery-icon landscape'>\n\t\t\t\t<a href='http:\/\/roczyny.duszpasterstwa.bielsko.pl\/?attachment_id=18513'><img loading=\"lazy\" decoding=\"async\" width=\"4032\" height=\"3024\" src=\"http:\/\/roczyny.duszpasterstwa.bielsko.pl\/wp-content\/uploads\/2024\/05\/IMG_9087.jpeg\" class=\"attachment-full size-full\" alt=\"\" srcset=\"http:\/\/roczyny.duszpasterstwa.bielsko.pl\/wp-content\/uploads\/2024\/05\/IMG_9087.jpeg 4032w, http:\/\/roczyny.duszpasterstwa.bielsko.pl\/wp-content\/uploads\/2024\/05\/IMG_9087-300x225.jpeg 300w, http:\/\/roczyny.duszpasterstwa.bielsko.pl\/wp-content\/uploads\/2024\/05\/IMG_9087-768x576.jpeg 768w, http:\/\/roczyny.duszpasterstwa.bielsko.pl\/wp-content\/uploads\/2024\/05\/IMG_9087-1024x768.jpeg 1024w, http:\/\/roczyny.duszpasterstwa.bielsko.pl\/wp-content\/uploads\/2024\/05\/IMG_9087-200x150.jpeg 200w, http:\/\/roczyny.duszpasterstwa.bielsko.pl\/wp-content\/uploads\/2024\/05\/IMG_9087-690x518.jpeg 690w\" sizes=\"(max-width: 4032px) 100vw, 4032px\" \/><\/a>\n\t\t\t<\/div><\/figure><figure class='gallery-item'>\n\t\t\t<div class='gallery-icon landscape'>\n\t\t\t\t<a href='http:\/\/roczyny.duszpasterstwa.bielsko.pl\/?attachment_id=18514'><img loading=\"lazy\" decoding=\"async\" width=\"4032\" height=\"3024\" src=\"http:\/\/roczyny.duszpasterstwa.bielsko.pl\/wp-content\/uploads\/2024\/05\/IMG_9088.jpeg\" class=\"attachment-full size-full\" alt=\"\" srcset=\"http:\/\/roczyny.duszpasterstwa.bielsko.pl\/wp-content\/uploads\/2024\/05\/IMG_9088.jpeg 4032w, http:\/\/roczyny.duszpasterstwa.bielsko.pl\/wp-content\/uploads\/2024\/05\/IMG_9088-300x225.jpeg 300w, http:\/\/roczyny.duszpasterstwa.bielsko.pl\/wp-content\/uploads\/2024\/05\/IMG_9088-768x576.jpeg 768w, http:\/\/roczyny.duszpasterstwa.bielsko.pl\/wp-content\/uploads\/2024\/05\/IMG_9088-1024x768.jpeg 1024w, http:\/\/roczyny.duszpasterstwa.bielsko.pl\/wp-content\/uploads\/2024\/05\/IMG_9088-200x150.jpeg 200w, http:\/\/roczyny.duszpasterstwa.bielsko.pl\/wp-content\/uploads\/2024\/05\/IMG_9088-690x518.jpeg 690w\" sizes=\"(max-width: 4032px) 100vw, 4032px\" \/><\/a>\n\t\t\t<\/div><\/figure><figure class='gallery-item'>\n\t\t\t<div class='gallery-icon landscape'>\n\t\t\t\t<a href='http:\/\/roczyny.duszpasterstwa.bielsko.pl\/?attachment_id=18515'><img loading=\"lazy\" decoding=\"async\" width=\"4032\" height=\"3024\" src=\"http:\/\/roczyny.duszpasterstwa.bielsko.pl\/wp-content\/uploads\/2024\/05\/IMG_9089.jpeg\" class=\"attachment-full size-full\" alt=\"\" srcset=\"http:\/\/roczyny.duszpasterstwa.bielsko.pl\/wp-content\/uploads\/2024\/05\/IMG_9089.jpeg 4032w, http:\/\/roczyny.duszpasterstwa.bielsko.pl\/wp-content\/uploads\/2024\/05\/IMG_9089-300x225.jpeg 300w, http:\/\/roczyny.duszpasterstwa.bielsko.pl\/wp-content\/uploads\/2024\/05\/IMG_9089-768x576.jpeg 768w, http:\/\/roczyny.duszpasterstwa.bielsko.pl\/wp-content\/uploads\/2024\/05\/IMG_9089-1024x768.jpeg 1024w, http:\/\/roczyny.duszpasterstwa.bielsko.pl\/wp-content\/uploads\/2024\/05\/IMG_9089-200x150.jpeg 200w, http:\/\/roczyny.duszpasterstwa.bielsko.pl\/wp-content\/uploads\/2024\/05\/IMG_9089-690x518.jpeg 690w\" sizes=\"(max-width: 4032px) 100vw, 4032px\" \/><\/a>\n\t\t\t<\/div><\/figure><figure class='gallery-item'>\n\t\t\t<div class='gallery-icon landscape'>\n\t\t\t\t<a href='http:\/\/roczyny.duszpasterstwa.bielsko.pl\/?attachment_id=18516'><img loading=\"lazy\" decoding=\"async\" width=\"4032\" height=\"3024\" src=\"http:\/\/roczyny.duszpasterstwa.bielsko.pl\/wp-content\/uploads\/2024\/05\/IMG_9090.jpeg\" class=\"attachment-full size-full\" alt=\"\" srcset=\"http:\/\/roczyny.duszpasterstwa.bielsko.pl\/wp-content\/uploads\/2024\/05\/IMG_9090.jpeg 4032w, http:\/\/roczyny.duszpasterstwa.bielsko.pl\/wp-content\/uploads\/2024\/05\/IMG_9090-300x225.jpeg 300w, http:\/\/roczyny.duszpasterstwa.bielsko.pl\/wp-content\/uploads\/2024\/05\/IMG_9090-768x576.jpeg 768w, http:\/\/roczyny.duszpasterstwa.bielsko.pl\/wp-content\/uploads\/2024\/05\/IMG_9090-1024x768.jpeg 1024w, http:\/\/roczyny.duszpasterstwa.bielsko.pl\/wp-content\/uploads\/2024\/05\/IMG_9090-200x150.jpeg 200w, http:\/\/roczyny.duszpasterstwa.bielsko.pl\/wp-content\/uploads\/2024\/05\/IMG_9090-690x518.jpeg 690w\" sizes=\"(max-width: 4032px) 100vw, 4032px\" \/><\/a>\n\t\t\t<\/div><\/figure><figure class='gallery-item'>\n\t\t\t<div class='gallery-icon landscape'>\n\t\t\t\t<a href='http:\/\/roczyny.duszpasterstwa.bielsko.pl\/?attachment_id=18517'><img loading=\"lazy\" decoding=\"async\" width=\"4032\" height=\"3024\" src=\"http:\/\/roczyny.duszpasterstwa.bielsko.pl\/wp-content\/uploads\/2024\/05\/IMG_9091.jpeg\" class=\"attachment-full size-full\" alt=\"\" srcset=\"http:\/\/roczyny.duszpasterstwa.bielsko.pl\/wp-content\/uploads\/2024\/05\/IMG_9091.jpeg 4032w, http:\/\/roczyny.duszpasterstwa.bielsko.pl\/wp-content\/uploads\/2024\/05\/IMG_9091-300x225.jpeg 300w, http:\/\/roczyny.duszpasterstwa.bielsko.pl\/wp-content\/uploads\/2024\/05\/IMG_9091-768x576.jpeg 768w, http:\/\/roczyny.duszpasterstwa.bielsko.pl\/wp-content\/uploads\/2024\/05\/IMG_9091-1024x768.jpeg 1024w, http:\/\/roczyny.duszpasterstwa.bielsko.pl\/wp-content\/uploads\/2024\/05\/IMG_9091-200x150.jpeg 200w, http:\/\/roczyny.duszpasterstwa.bielsko.pl\/wp-content\/uploads\/2024\/05\/IMG_9091-690x518.jpeg 690w\" sizes=\"(max-width: 4032px) 100vw, 4032px\" \/><\/a>\n\t\t\t<\/div><\/figure><figure class='gallery-item'>\n\t\t\t<div class='gallery-icon landscape'>\n\t\t\t\t<a href='http:\/\/roczyny.duszpasterstwa.bielsko.pl\/?attachment_id=18518'><img loading=\"lazy\" decoding=\"async\" width=\"4032\" height=\"3024\" src=\"http:\/\/roczyny.duszpasterstwa.bielsko.pl\/wp-content\/uploads\/2024\/05\/IMG_9092.jpeg\" class=\"attachment-full size-full\" alt=\"\" srcset=\"http:\/\/roczyny.duszpasterstwa.bielsko.pl\/wp-content\/uploads\/2024\/05\/IMG_9092.jpeg 4032w, http:\/\/roczyny.duszpasterstwa.bielsko.pl\/wp-content\/uploads\/2024\/05\/IMG_9092-300x225.jpeg 300w, http:\/\/roczyny.duszpasterstwa.bielsko.pl\/wp-content\/uploads\/2024\/05\/IMG_9092-768x576.jpeg 768w, http:\/\/roczyny.duszpasterstwa.bielsko.pl\/wp-content\/uploads\/2024\/05\/IMG_9092-1024x768.jpeg 1024w, http:\/\/roczyny.duszpasterstwa.bielsko.pl\/wp-content\/uploads\/2024\/05\/IMG_9092-200x150.jpeg 200w, http:\/\/roczyny.duszpasterstwa.bielsko.pl\/wp-content\/uploads\/2024\/05\/IMG_9092-690x518.jpeg 690w\" sizes=\"(max-width: 4032px) 100vw, 4032px\" \/><\/a>\n\t\t\t<\/div><\/figure><figure class='gallery-item'>\n\t\t\t<div class='gallery-icon landscape'>\n\t\t\t\t<a href='http:\/\/roczyny.duszpasterstwa.bielsko.pl\/?attachment_id=18519'><img loading=\"lazy\" decoding=\"async\" width=\"4032\" height=\"3024\" src=\"http:\/\/roczyny.duszpasterstwa.bielsko.pl\/wp-content\/uploads\/2024\/05\/IMG_9093.jpeg\" class=\"attachment-full size-full\" alt=\"\" srcset=\"http:\/\/roczyny.duszpasterstwa.bielsko.pl\/wp-content\/uploads\/2024\/05\/IMG_9093.jpeg 4032w, http:\/\/roczyny.duszpasterstwa.bielsko.pl\/wp-content\/uploads\/2024\/05\/IMG_9093-300x225.jpeg 300w, http:\/\/roczyny.duszpasterstwa.bielsko.pl\/wp-content\/uploads\/2024\/05\/IMG_9093-768x576.jpeg 768w, http:\/\/roczyny.duszpasterstwa.bielsko.pl\/wp-content\/uploads\/2024\/05\/IMG_9093-1024x768.jpeg 1024w, http:\/\/roczyny.duszpasterstwa.bielsko.pl\/wp-content\/uploads\/2024\/05\/IMG_9093-200x150.jpeg 200w, http:\/\/roczyny.duszpasterstwa.bielsko.pl\/wp-content\/uploads\/2024\/05\/IMG_9093-690x518.jpeg 690w\" sizes=\"(max-width: 4032px) 100vw, 4032px\" \/><\/a>\n\t\t\t<\/div><\/figure><figure class='gallery-item'>\n\t\t\t<div class='gallery-icon landscape'>\n\t\t\t\t<a href='http:\/\/roczyny.duszpasterstwa.bielsko.pl\/?attachment_id=18520'><img loading=\"lazy\" decoding=\"async\" width=\"4032\" height=\"3024\" src=\"http:\/\/roczyny.duszpasterstwa.bielsko.pl\/wp-content\/uploads\/2024\/05\/IMG_9094.jpeg\" class=\"attachment-full size-full\" alt=\"\" srcset=\"http:\/\/roczyny.duszpasterstwa.bielsko.pl\/wp-content\/uploads\/2024\/05\/IMG_9094.jpeg 4032w, http:\/\/roczyny.duszpasterstwa.bielsko.pl\/wp-content\/uploads\/2024\/05\/IMG_9094-300x225.jpeg 300w, http:\/\/roczyny.duszpasterstwa.bielsko.pl\/wp-content\/uploads\/2024\/05\/IMG_9094-768x576.jpeg 768w, http:\/\/roczyny.duszpasterstwa.bielsko.pl\/wp-content\/uploads\/2024\/05\/IMG_9094-1024x768.jpeg 1024w, http:\/\/roczyny.duszpasterstwa.bielsko.pl\/wp-content\/uploads\/2024\/05\/IMG_9094-200x150.jpeg 200w, http:\/\/roczyny.duszpasterstwa.bielsko.pl\/wp-content\/uploads\/2024\/05\/IMG_9094-690x518.jpeg 690w\" sizes=\"(max-width: 4032px) 100vw, 4032px\" \/><\/a>\n\t\t\t<\/div><\/figure><figure class='gallery-item'>\n\t\t\t<div class='gallery-icon landscape'>\n\t\t\t\t<a href='http:\/\/roczyny.duszpasterstwa.bielsko.pl\/?attachment_id=18521'><img loading=\"lazy\" decoding=\"async\" width=\"4032\" height=\"3024\" src=\"http:\/\/roczyny.duszpasterstwa.bielsko.pl\/wp-content\/uploads\/2024\/05\/IMG_9095.jpeg\" class=\"attachment-full size-full\" alt=\"\" srcset=\"http:\/\/roczyny.duszpasterstwa.bielsko.pl\/wp-content\/uploads\/2024\/05\/IMG_9095.jpeg 4032w, http:\/\/roczyny.duszpasterstwa.bielsko.pl\/wp-content\/uploads\/2024\/05\/IMG_9095-300x225.jpeg 300w, http:\/\/roczyny.duszpasterstwa.bielsko.pl\/wp-content\/uploads\/2024\/05\/IMG_9095-768x576.jpeg 768w, http:\/\/roczyny.duszpasterstwa.bielsko.pl\/wp-content\/uploads\/2024\/05\/IMG_9095-1024x768.jpeg 1024w, http:\/\/roczyny.duszpasterstwa.bielsko.pl\/wp-content\/uploads\/2024\/05\/IMG_9095-200x150.jpeg 200w, http:\/\/roczyny.duszpasterstwa.bielsko.pl\/wp-content\/uploads\/2024\/05\/IMG_9095-690x518.jpeg 690w\" sizes=\"(max-width: 4032px) 100vw, 4032px\" \/><\/a>\n\t\t\t<\/div><\/figure><figure class='gallery-item'>\n\t\t\t<div class='gallery-icon landscape'>\n\t\t\t\t<a href='http:\/\/roczyny.duszpasterstwa.bielsko.pl\/?attachment_id=18522'><img loading=\"lazy\" decoding=\"async\" width=\"4032\" height=\"3024\" src=\"http:\/\/roczyny.duszpasterstwa.bielsko.pl\/wp-content\/uploads\/2024\/05\/IMG_9096.jpeg\" class=\"attachment-full size-full\" alt=\"\" srcset=\"http:\/\/roczyny.duszpasterstwa.bielsko.pl\/wp-content\/uploads\/2024\/05\/IMG_9096.jpeg 4032w, http:\/\/roczyny.duszpasterstwa.bielsko.pl\/wp-content\/uploads\/2024\/05\/IMG_9096-300x225.jpeg 300w, http:\/\/roczyny.duszpasterstwa.bielsko.pl\/wp-content\/uploads\/2024\/05\/IMG_9096-768x576.jpeg 768w, http:\/\/roczyny.duszpasterstwa.bielsko.pl\/wp-content\/uploads\/2024\/05\/IMG_9096-1024x768.jpeg 1024w, http:\/\/roczyny.duszpasterstwa.bielsko.pl\/wp-content\/uploads\/2024\/05\/IMG_9096-200x150.jpeg 200w, http:\/\/roczyny.duszpasterstwa.bielsko.pl\/wp-content\/uploads\/2024\/05\/IMG_9096-690x518.jpeg 690w\" sizes=\"(max-width: 4032px) 100vw, 4032px\" \/><\/a>\n\t\t\t<\/div><\/figure><figure class='gallery-item'>\n\t\t\t<div class='gallery-icon landscape'>\n\t\t\t\t<a href='http:\/\/roczyny.duszpasterstwa.bielsko.pl\/?attachment_id=18523'><img loading=\"lazy\" decoding=\"async\" width=\"4032\" height=\"3024\" src=\"http:\/\/roczyny.duszpasterstwa.bielsko.pl\/wp-content\/uploads\/2024\/05\/IMG_9097.jpeg\" class=\"attachment-full size-full\" alt=\"\" srcset=\"http:\/\/roczyny.duszpasterstwa.bielsko.pl\/wp-content\/uploads\/2024\/05\/IMG_9097.jpeg 4032w, http:\/\/roczyny.duszpasterstwa.bielsko.pl\/wp-content\/uploads\/2024\/05\/IMG_9097-300x225.jpeg 300w, http:\/\/roczyny.duszpasterstwa.bielsko.pl\/wp-content\/uploads\/2024\/05\/IMG_9097-768x576.jpeg 768w, http:\/\/roczyny.duszpasterstwa.bielsko.pl\/wp-content\/uploads\/2024\/05\/IMG_9097-1024x768.jpeg 1024w, http:\/\/roczyny.duszpasterstwa.bielsko.pl\/wp-content\/uploads\/2024\/05\/IMG_9097-200x150.jpeg 200w, http:\/\/roczyny.duszpasterstwa.bielsko.pl\/wp-content\/uploads\/2024\/05\/IMG_9097-690x518.jpeg 690w\" sizes=\"(max-width: 4032px) 100vw, 4032px\" \/><\/a>\n\t\t\t<\/div><\/figure><figure class='gallery-item'>\n\t\t\t<div class='gallery-icon landscape'>\n\t\t\t\t<a href='http:\/\/roczyny.duszpasterstwa.bielsko.pl\/?attachment_id=18524'><img loading=\"lazy\" decoding=\"async\" width=\"4032\" height=\"3024\" src=\"http:\/\/roczyny.duszpasterstwa.bielsko.pl\/wp-content\/uploads\/2024\/05\/IMG_9098.jpeg\" class=\"attachment-full size-full\" alt=\"\" srcset=\"http:\/\/roczyny.duszpasterstwa.bielsko.pl\/wp-content\/uploads\/2024\/05\/IMG_9098.jpeg 4032w, http:\/\/roczyny.duszpasterstwa.bielsko.pl\/wp-content\/uploads\/2024\/05\/IMG_9098-300x225.jpeg 300w, http:\/\/roczyny.duszpasterstwa.bielsko.pl\/wp-content\/uploads\/2024\/05\/IMG_9098-768x576.jpeg 768w, http:\/\/roczyny.duszpasterstwa.bielsko.pl\/wp-content\/uploads\/2024\/05\/IMG_9098-1024x768.jpeg 1024w, http:\/\/roczyny.duszpasterstwa.bielsko.pl\/wp-content\/uploads\/2024\/05\/IMG_9098-200x150.jpeg 200w, http:\/\/roczyny.duszpasterstwa.bielsko.pl\/wp-content\/uploads\/2024\/05\/IMG_9098-690x518.jpeg 690w\" sizes=\"(max-width: 4032px) 100vw, 4032px\" \/><\/a>\n\t\t\t<\/div><\/figure><figure class='gallery-item'>\n\t\t\t<div class='gallery-icon landscape'>\n\t\t\t\t<a href='http:\/\/roczyny.duszpasterstwa.bielsko.pl\/?attachment_id=18525'><img loading=\"lazy\" decoding=\"async\" width=\"4032\" height=\"3024\" src=\"http:\/\/roczyny.duszpasterstwa.bielsko.pl\/wp-content\/uploads\/2024\/05\/IMG_9099.jpeg\" class=\"attachment-full size-full\" alt=\"\" srcset=\"http:\/\/roczyny.duszpasterstwa.bielsko.pl\/wp-content\/uploads\/2024\/05\/IMG_9099.jpeg 4032w, http:\/\/roczyny.duszpasterstwa.bielsko.pl\/wp-content\/uploads\/2024\/05\/IMG_9099-300x225.jpeg 300w, http:\/\/roczyny.duszpasterstwa.bielsko.pl\/wp-content\/uploads\/2024\/05\/IMG_9099-768x576.jpeg 768w, http:\/\/roczyny.duszpasterstwa.bielsko.pl\/wp-content\/uploads\/2024\/05\/IMG_9099-1024x768.jpeg 1024w, http:\/\/roczyny.duszpasterstwa.bielsko.pl\/wp-content\/uploads\/2024\/05\/IMG_9099-200x150.jpeg 200w, http:\/\/roczyny.duszpasterstwa.bielsko.pl\/wp-content\/uploads\/2024\/05\/IMG_9099-690x518.jpeg 690w\" sizes=\"(max-width: 4032px) 100vw, 4032px\" \/><\/a>\n\t\t\t<\/div><\/figure><figure class='gallery-item'>\n\t\t\t<div class='gallery-icon landscape'>\n\t\t\t\t<a href='http:\/\/roczyny.duszpasterstwa.bielsko.pl\/?attachment_id=18526'><img loading=\"lazy\" decoding=\"async\" width=\"4032\" height=\"3024\" src=\"http:\/\/roczyny.duszpasterstwa.bielsko.pl\/wp-content\/uploads\/2024\/05\/IMG_9100.jpeg\" class=\"attachment-full size-full\" alt=\"\" srcset=\"http:\/\/roczyny.duszpasterstwa.bielsko.pl\/wp-content\/uploads\/2024\/05\/IMG_9100.jpeg 4032w, http:\/\/roczyny.duszpasterstwa.bielsko.pl\/wp-content\/uploads\/2024\/05\/IMG_9100-300x225.jpeg 300w, http:\/\/roczyny.duszpasterstwa.bielsko.pl\/wp-content\/uploads\/2024\/05\/IMG_9100-768x576.jpeg 768w, http:\/\/roczyny.duszpasterstwa.bielsko.pl\/wp-content\/uploads\/2024\/05\/IMG_9100-1024x768.jpeg 1024w, http:\/\/roczyny.duszpasterstwa.bielsko.pl\/wp-content\/uploads\/2024\/05\/IMG_9100-200x150.jpeg 200w, http:\/\/roczyny.duszpasterstwa.bielsko.pl\/wp-content\/uploads\/2024\/05\/IMG_9100-690x518.jpeg 690w\" sizes=\"(max-width: 4032px) 100vw, 4032px\" \/><\/a>\n\t\t\t<\/div><\/figure><figure class='gallery-item'>\n\t\t\t<div class='gallery-icon landscape'>\n\t\t\t\t<a href='http:\/\/roczyny.duszpasterstwa.bielsko.pl\/?attachment_id=18527'><img loading=\"lazy\" decoding=\"async\" width=\"4032\" height=\"3024\" src=\"http:\/\/roczyny.duszpasterstwa.bielsko.pl\/wp-content\/uploads\/2024\/05\/IMG_9101.jpeg\" class=\"attachment-full size-full\" alt=\"\" srcset=\"http:\/\/roczyny.duszpasterstwa.bielsko.pl\/wp-content\/uploads\/2024\/05\/IMG_9101.jpeg 4032w, http:\/\/roczyny.duszpasterstwa.bielsko.pl\/wp-content\/uploads\/2024\/05\/IMG_9101-300x225.jpeg 300w, http:\/\/roczyny.duszpasterstwa.bielsko.pl\/wp-content\/uploads\/2024\/05\/IMG_9101-768x576.jpeg 768w, http:\/\/roczyny.duszpasterstwa.bielsko.pl\/wp-content\/uploads\/2024\/05\/IMG_9101-1024x768.jpeg 1024w, http:\/\/roczyny.duszpasterstwa.bielsko.pl\/wp-content\/uploads\/2024\/05\/IMG_9101-200x150.jpeg 200w, http:\/\/roczyny.duszpasterstwa.bielsko.pl\/wp-content\/uploads\/2024\/05\/IMG_9101-690x518.jpeg 690w\" sizes=\"(max-width: 4032px) 100vw, 4032px\" \/><\/a>\n\t\t\t<\/div><\/figure><figure class='gallery-item'>\n\t\t\t<div class='gallery-icon landscape'>\n\t\t\t\t<a href='http:\/\/roczyny.duszpasterstwa.bielsko.pl\/?attachment_id=18528'><img loading=\"lazy\" decoding=\"async\" width=\"4032\" height=\"3024\" src=\"http:\/\/roczyny.duszpasterstwa.bielsko.pl\/wp-content\/uploads\/2024\/05\/IMG_9102.jpeg\" class=\"attachment-full size-full\" alt=\"\" srcset=\"http:\/\/roczyny.duszpasterstwa.bielsko.pl\/wp-content\/uploads\/2024\/05\/IMG_9102.jpeg 4032w, http:\/\/roczyny.duszpasterstwa.bielsko.pl\/wp-content\/uploads\/2024\/05\/IMG_9102-300x225.jpeg 300w, http:\/\/roczyny.duszpasterstwa.bielsko.pl\/wp-content\/uploads\/2024\/05\/IMG_9102-768x576.jpeg 768w, http:\/\/roczyny.duszpasterstwa.bielsko.pl\/wp-content\/uploads\/2024\/05\/IMG_9102-1024x768.jpeg 1024w, http:\/\/roczyny.duszpasterstwa.bielsko.pl\/wp-content\/uploads\/2024\/05\/IMG_9102-200x150.jpeg 200w, http:\/\/roczyny.duszpasterstwa.bielsko.pl\/wp-content\/uploads\/2024\/05\/IMG_9102-690x518.jpeg 690w\" sizes=\"(max-width: 4032px) 100vw, 4032px\" \/><\/a>\n\t\t\t<\/div><\/figure><figure class='gallery-item'>\n\t\t\t<div class='gallery-icon landscape'>\n\t\t\t\t<a href='http:\/\/roczyny.duszpasterstwa.bielsko.pl\/?attachment_id=18529'><img loading=\"lazy\" decoding=\"async\" width=\"4032\" height=\"3024\" src=\"http:\/\/roczyny.duszpasterstwa.bielsko.pl\/wp-content\/uploads\/2024\/05\/IMG_9103.jpeg\" class=\"attachment-full size-full\" alt=\"\" srcset=\"http:\/\/roczyny.duszpasterstwa.bielsko.pl\/wp-content\/uploads\/2024\/05\/IMG_9103.jpeg 4032w, http:\/\/roczyny.duszpasterstwa.bielsko.pl\/wp-content\/uploads\/2024\/05\/IMG_9103-300x225.jpeg 300w, http:\/\/roczyny.duszpasterstwa.bielsko.pl\/wp-content\/uploads\/2024\/05\/IMG_9103-768x576.jpeg 768w, http:\/\/roczyny.duszpasterstwa.bielsko.pl\/wp-content\/uploads\/2024\/05\/IMG_9103-1024x768.jpeg 1024w, http:\/\/roczyny.duszpasterstwa.bielsko.pl\/wp-content\/uploads\/2024\/05\/IMG_9103-200x150.jpeg 200w, http:\/\/roczyny.duszpasterstwa.bielsko.pl\/wp-content\/uploads\/2024\/05\/IMG_9103-690x518.jpeg 690w\" sizes=\"(max-width: 4032px) 100vw, 4032px\" \/><\/a>\n\t\t\t<\/div><\/figure><figure class='gallery-item'>\n\t\t\t<div class='gallery-icon landscape'>\n\t\t\t\t<a href='http:\/\/roczyny.duszpasterstwa.bielsko.pl\/?attachment_id=18530'><img loading=\"lazy\" decoding=\"async\" width=\"4032\" height=\"3024\" src=\"http:\/\/roczyny.duszpasterstwa.bielsko.pl\/wp-content\/uploads\/2024\/05\/IMG_9104.jpeg\" class=\"attachment-full size-full\" alt=\"\" srcset=\"http:\/\/roczyny.duszpasterstwa.bielsko.pl\/wp-content\/uploads\/2024\/05\/IMG_9104.jpeg 4032w, http:\/\/roczyny.duszpasterstwa.bielsko.pl\/wp-content\/uploads\/2024\/05\/IMG_9104-300x225.jpeg 300w, http:\/\/roczyny.duszpasterstwa.bielsko.pl\/wp-content\/uploads\/2024\/05\/IMG_9104-768x576.jpeg 768w, http:\/\/roczyny.duszpasterstwa.bielsko.pl\/wp-content\/uploads\/2024\/05\/IMG_9104-1024x768.jpeg 1024w, http:\/\/roczyny.duszpasterstwa.bielsko.pl\/wp-content\/uploads\/2024\/05\/IMG_9104-200x150.jpeg 200w, http:\/\/roczyny.duszpasterstwa.bielsko.pl\/wp-content\/uploads\/2024\/05\/IMG_9104-690x518.jpeg 690w\" sizes=\"(max-width: 4032px) 100vw, 4032px\" \/><\/a>\n\t\t\t<\/div><\/figure><figure class='gallery-item'>\n\t\t\t<div class='gallery-icon landscape'>\n\t\t\t\t<a href='http:\/\/roczyny.duszpasterstwa.bielsko.pl\/?attachment_id=18531'><img loading=\"lazy\" decoding=\"async\" width=\"4032\" height=\"3024\" src=\"http:\/\/roczyny.duszpasterstwa.bielsko.pl\/wp-content\/uploads\/2024\/05\/IMG_9105.jpeg\" class=\"attachment-full size-full\" alt=\"\" srcset=\"http:\/\/roczyny.duszpasterstwa.bielsko.pl\/wp-content\/uploads\/2024\/05\/IMG_9105.jpeg 4032w, http:\/\/roczyny.duszpasterstwa.bielsko.pl\/wp-content\/uploads\/2024\/05\/IMG_9105-300x225.jpeg 300w, http:\/\/roczyny.duszpasterstwa.bielsko.pl\/wp-content\/uploads\/2024\/05\/IMG_9105-768x576.jpeg 768w, http:\/\/roczyny.duszpasterstwa.bielsko.pl\/wp-content\/uploads\/2024\/05\/IMG_9105-1024x768.jpeg 1024w, http:\/\/roczyny.duszpasterstwa.bielsko.pl\/wp-content\/uploads\/2024\/05\/IMG_9105-200x150.jpeg 200w, http:\/\/roczyny.duszpasterstwa.bielsko.pl\/wp-content\/uploads\/2024\/05\/IMG_9105-690x518.jpeg 690w\" sizes=\"(max-width: 4032px) 100vw, 4032px\" \/><\/a>\n\t\t\t<\/div><\/figure><figure class='gallery-item'>\n\t\t\t<div class='gallery-icon landscape'>\n\t\t\t\t<a href='http:\/\/roczyny.duszpasterstwa.bielsko.pl\/?attachment_id=18532'><img loading=\"lazy\" decoding=\"async\" width=\"4032\" height=\"3024\" src=\"http:\/\/roczyny.duszpasterstwa.bielsko.pl\/wp-content\/uploads\/2024\/05\/IMG_9106.jpeg\" class=\"attachment-full size-full\" alt=\"\" srcset=\"http:\/\/roczyny.duszpasterstwa.bielsko.pl\/wp-content\/uploads\/2024\/05\/IMG_9106.jpeg 4032w, http:\/\/roczyny.duszpasterstwa.bielsko.pl\/wp-content\/uploads\/2024\/05\/IMG_9106-300x225.jpeg 300w, http:\/\/roczyny.duszpasterstwa.bielsko.pl\/wp-content\/uploads\/2024\/05\/IMG_9106-768x576.jpeg 768w, http:\/\/roczyny.duszpasterstwa.bielsko.pl\/wp-content\/uploads\/2024\/05\/IMG_9106-1024x768.jpeg 1024w, http:\/\/roczyny.duszpasterstwa.bielsko.pl\/wp-content\/uploads\/2024\/05\/IMG_9106-200x150.jpeg 200w, http:\/\/roczyny.duszpasterstwa.bielsko.pl\/wp-content\/uploads\/2024\/05\/IMG_9106-690x518.jpeg 690w\" sizes=\"(max-width: 4032px) 100vw, 4032px\" \/><\/a>\n\t\t\t<\/div><\/figure><figure class='gallery-item'>\n\t\t\t<div class='gallery-icon landscape'>\n\t\t\t\t<a href='http:\/\/roczyny.duszpasterstwa.bielsko.pl\/?attachment_id=18533'><img loading=\"lazy\" decoding=\"async\" width=\"4032\" height=\"3024\" src=\"http:\/\/roczyny.duszpasterstwa.bielsko.pl\/wp-content\/uploads\/2024\/05\/IMG_9107.jpeg\" class=\"attachment-full size-full\" alt=\"\" srcset=\"http:\/\/roczyny.duszpasterstwa.bielsko.pl\/wp-content\/uploads\/2024\/05\/IMG_9107.jpeg 4032w, http:\/\/roczyny.duszpasterstwa.bielsko.pl\/wp-content\/uploads\/2024\/05\/IMG_9107-300x225.jpeg 300w, http:\/\/roczyny.duszpasterstwa.bielsko.pl\/wp-content\/uploads\/2024\/05\/IMG_9107-768x576.jpeg 768w, http:\/\/roczyny.duszpasterstwa.bielsko.pl\/wp-content\/uploads\/2024\/05\/IMG_9107-1024x768.jpeg 1024w, http:\/\/roczyny.duszpasterstwa.bielsko.pl\/wp-content\/uploads\/2024\/05\/IMG_9107-200x150.jpeg 200w, http:\/\/roczyny.duszpasterstwa.bielsko.pl\/wp-content\/uploads\/2024\/05\/IMG_9107-690x518.jpeg 690w\" sizes=\"(max-width: 4032px) 100vw, 4032px\" \/><\/a>\n\t\t\t<\/div><\/figure><figure class='gallery-item'>\n\t\t\t<div class='gallery-icon landscape'>\n\t\t\t\t<a href='http:\/\/roczyny.duszpasterstwa.bielsko.pl\/?attachment_id=18534'><img loading=\"lazy\" decoding=\"async\" width=\"4032\" height=\"3024\" src=\"http:\/\/roczyny.duszpasterstwa.bielsko.pl\/wp-content\/uploads\/2024\/05\/IMG_9108.jpeg\" class=\"attachment-full size-full\" alt=\"\" srcset=\"http:\/\/roczyny.duszpasterstwa.bielsko.pl\/wp-content\/uploads\/2024\/05\/IMG_9108.jpeg 4032w, http:\/\/roczyny.duszpasterstwa.bielsko.pl\/wp-content\/uploads\/2024\/05\/IMG_9108-300x225.jpeg 300w, http:\/\/roczyny.duszpasterstwa.bielsko.pl\/wp-content\/uploads\/2024\/05\/IMG_9108-768x576.jpeg 768w, http:\/\/roczyny.duszpasterstwa.bielsko.pl\/wp-content\/uploads\/2024\/05\/IMG_9108-1024x768.jpeg 1024w, http:\/\/roczyny.duszpasterstwa.bielsko.pl\/wp-content\/uploads\/2024\/05\/IMG_9108-200x150.jpeg 200w, http:\/\/roczyny.duszpasterstwa.bielsko.pl\/wp-content\/uploads\/2024\/05\/IMG_9108-690x518.jpeg 690w\" sizes=\"(max-width: 4032px) 100vw, 4032px\" \/><\/a>\n\t\t\t<\/div><\/figure><figure class='gallery-item'>\n\t\t\t<div class='gallery-icon landscape'>\n\t\t\t\t<a href='http:\/\/roczyny.duszpasterstwa.bielsko.pl\/?attachment_id=18535'><img loading=\"lazy\" decoding=\"async\" width=\"4032\" height=\"3024\" src=\"http:\/\/roczyny.duszpasterstwa.bielsko.pl\/wp-content\/uploads\/2024\/05\/IMG_9109.jpeg\" class=\"attachment-full size-full\" alt=\"\" srcset=\"http:\/\/roczyny.duszpasterstwa.bielsko.pl\/wp-content\/uploads\/2024\/05\/IMG_9109.jpeg 4032w, http:\/\/roczyny.duszpasterstwa.bielsko.pl\/wp-content\/uploads\/2024\/05\/IMG_9109-300x225.jpeg 300w, http:\/\/roczyny.duszpasterstwa.bielsko.pl\/wp-content\/uploads\/2024\/05\/IMG_9109-768x576.jpeg 768w, http:\/\/roczyny.duszpasterstwa.bielsko.pl\/wp-content\/uploads\/2024\/05\/IMG_9109-1024x768.jpeg 1024w, http:\/\/roczyny.duszpasterstwa.bielsko.pl\/wp-content\/uploads\/2024\/05\/IMG_9109-200x150.jpeg 200w, http:\/\/roczyny.duszpasterstwa.bielsko.pl\/wp-content\/uploads\/2024\/05\/IMG_9109-690x518.jpeg 690w\" sizes=\"(max-width: 4032px) 100vw, 4032px\" \/><\/a>\n\t\t\t<\/div><\/figure><figure class='gallery-item'>\n\t\t\t<div class='gallery-icon landscape'>\n\t\t\t\t<a href='http:\/\/roczyny.duszpasterstwa.bielsko.pl\/?attachment_id=18536'><img loading=\"lazy\" decoding=\"async\" width=\"4032\" height=\"3024\" src=\"http:\/\/roczyny.duszpasterstwa.bielsko.pl\/wp-content\/uploads\/2024\/05\/IMG_9110.jpeg\" class=\"attachment-full size-full\" alt=\"\" srcset=\"http:\/\/roczyny.duszpasterstwa.bielsko.pl\/wp-content\/uploads\/2024\/05\/IMG_9110.jpeg 4032w, http:\/\/roczyny.duszpasterstwa.bielsko.pl\/wp-content\/uploads\/2024\/05\/IMG_9110-300x225.jpeg 300w, http:\/\/roczyny.duszpasterstwa.bielsko.pl\/wp-content\/uploads\/2024\/05\/IMG_9110-768x576.jpeg 768w, http:\/\/roczyny.duszpasterstwa.bielsko.pl\/wp-content\/uploads\/2024\/05\/IMG_9110-1024x768.jpeg 1024w, http:\/\/roczyny.duszpasterstwa.bielsko.pl\/wp-content\/uploads\/2024\/05\/IMG_9110-200x150.jpeg 200w, http:\/\/roczyny.duszpasterstwa.bielsko.pl\/wp-content\/uploads\/2024\/05\/IMG_9110-690x518.jpeg 690w\" sizes=\"(max-width: 4032px) 100vw, 4032px\" \/><\/a>\n\t\t\t<\/div><\/figure><figure class='gallery-item'>\n\t\t\t<div class='gallery-icon landscape'>\n\t\t\t\t<a href='http:\/\/roczyny.duszpasterstwa.bielsko.pl\/?attachment_id=18537'><img loading=\"lazy\" decoding=\"async\" width=\"4032\" height=\"3024\" src=\"http:\/\/roczyny.duszpasterstwa.bielsko.pl\/wp-content\/uploads\/2024\/05\/IMG_9112.jpeg\" class=\"attachment-full size-full\" alt=\"\" srcset=\"http:\/\/roczyny.duszpasterstwa.bielsko.pl\/wp-content\/uploads\/2024\/05\/IMG_9112.jpeg 4032w, http:\/\/roczyny.duszpasterstwa.bielsko.pl\/wp-content\/uploads\/2024\/05\/IMG_9112-300x225.jpeg 300w, http:\/\/roczyny.duszpasterstwa.bielsko.pl\/wp-content\/uploads\/2024\/05\/IMG_9112-768x576.jpeg 768w, http:\/\/roczyny.duszpasterstwa.bielsko.pl\/wp-content\/uploads\/2024\/05\/IMG_9112-1024x768.jpeg 1024w, http:\/\/roczyny.duszpasterstwa.bielsko.pl\/wp-content\/uploads\/2024\/05\/IMG_9112-200x150.jpeg 200w, http:\/\/roczyny.duszpasterstwa.bielsko.pl\/wp-content\/uploads\/2024\/05\/IMG_9112-690x518.jpeg 690w\" sizes=\"(max-width: 4032px) 100vw, 4032px\" \/><\/a>\n\t\t\t<\/div><\/figure><figure class='gallery-item'>\n\t\t\t<div class='gallery-icon landscape'>\n\t\t\t\t<a href='http:\/\/roczyny.duszpasterstwa.bielsko.pl\/?attachment_id=18538'><img loading=\"lazy\" decoding=\"async\" width=\"4032\" height=\"3024\" src=\"http:\/\/roczyny.duszpasterstwa.bielsko.pl\/wp-content\/uploads\/2024\/05\/IMG_9113.jpeg\" class=\"attachment-full size-full\" alt=\"\" srcset=\"http:\/\/roczyny.duszpasterstwa.bielsko.pl\/wp-content\/uploads\/2024\/05\/IMG_9113.jpeg 4032w, http:\/\/roczyny.duszpasterstwa.bielsko.pl\/wp-content\/uploads\/2024\/05\/IMG_9113-300x225.jpeg 300w, http:\/\/roczyny.duszpasterstwa.bielsko.pl\/wp-content\/uploads\/2024\/05\/IMG_9113-768x576.jpeg 768w, http:\/\/roczyny.duszpasterstwa.bielsko.pl\/wp-content\/uploads\/2024\/05\/IMG_9113-1024x768.jpeg 1024w, http:\/\/roczyny.duszpasterstwa.bielsko.pl\/wp-content\/uploads\/2024\/05\/IMG_9113-200x150.jpeg 200w, http:\/\/roczyny.duszpasterstwa.bielsko.pl\/wp-content\/uploads\/2024\/05\/IMG_9113-690x518.jpeg 690w\" sizes=\"(max-width: 4032px) 100vw, 4032px\" \/><\/a>\n\t\t\t<\/div><\/figure><figure class='gallery-item'>\n\t\t\t<div class='gallery-icon landscape'>\n\t\t\t\t<a href='http:\/\/roczyny.duszpasterstwa.bielsko.pl\/?attachment_id=18539'><img loading=\"lazy\" decoding=\"async\" width=\"4032\" height=\"3024\" src=\"http:\/\/roczyny.duszpasterstwa.bielsko.pl\/wp-content\/uploads\/2024\/05\/IMG_9114.jpeg\" class=\"attachment-full size-full\" alt=\"\" srcset=\"http:\/\/roczyny.duszpasterstwa.bielsko.pl\/wp-content\/uploads\/2024\/05\/IMG_9114.jpeg 4032w, http:\/\/roczyny.duszpasterstwa.bielsko.pl\/wp-content\/uploads\/2024\/05\/IMG_9114-300x225.jpeg 300w, http:\/\/roczyny.duszpasterstwa.bielsko.pl\/wp-content\/uploads\/2024\/05\/IMG_9114-768x576.jpeg 768w, http:\/\/roczyny.duszpasterstwa.bielsko.pl\/wp-content\/uploads\/2024\/05\/IMG_9114-1024x768.jpeg 1024w, http:\/\/roczyny.duszpasterstwa.bielsko.pl\/wp-content\/uploads\/2024\/05\/IMG_9114-200x150.jpeg 200w, http:\/\/roczyny.duszpasterstwa.bielsko.pl\/wp-content\/uploads\/2024\/05\/IMG_9114-690x518.jpeg 690w\" sizes=\"(max-width: 4032px) 100vw, 4032px\" \/><\/a>\n\t\t\t<\/div><\/figure><figure class='gallery-item'>\n\t\t\t<div class='gallery-icon landscape'>\n\t\t\t\t<a href='http:\/\/roczyny.duszpasterstwa.bielsko.pl\/?attachment_id=18540'><img loading=\"lazy\" decoding=\"async\" width=\"4032\" height=\"3024\" src=\"http:\/\/roczyny.duszpasterstwa.bielsko.pl\/wp-content\/uploads\/2024\/05\/IMG_9115.jpeg\" class=\"attachment-full size-full\" alt=\"\" srcset=\"http:\/\/roczyny.duszpasterstwa.bielsko.pl\/wp-content\/uploads\/2024\/05\/IMG_9115.jpeg 4032w, http:\/\/roczyny.duszpasterstwa.bielsko.pl\/wp-content\/uploads\/2024\/05\/IMG_9115-300x225.jpeg 300w, http:\/\/roczyny.duszpasterstwa.bielsko.pl\/wp-content\/uploads\/2024\/05\/IMG_9115-768x576.jpeg 768w, http:\/\/roczyny.duszpasterstwa.bielsko.pl\/wp-content\/uploads\/2024\/05\/IMG_9115-1024x768.jpeg 1024w, http:\/\/roczyny.duszpasterstwa.bielsko.pl\/wp-content\/uploads\/2024\/05\/IMG_9115-200x150.jpeg 200w, http:\/\/roczyny.duszpasterstwa.bielsko.pl\/wp-content\/uploads\/2024\/05\/IMG_9115-690x518.jpeg 690w\" sizes=\"(max-width: 4032px) 100vw, 4032px\" \/><\/a>\n\t\t\t<\/div><\/figure><figure class='gallery-item'>\n\t\t\t<div class='gallery-icon landscape'>\n\t\t\t\t<a href='http:\/\/roczyny.duszpasterstwa.bielsko.pl\/?attachment_id=18541'><img loading=\"lazy\" decoding=\"async\" width=\"4032\" height=\"3024\" src=\"http:\/\/roczyny.duszpasterstwa.bielsko.pl\/wp-content\/uploads\/2024\/05\/IMG_9116.jpeg\" class=\"attachment-full size-full\" alt=\"\" srcset=\"http:\/\/roczyny.duszpasterstwa.bielsko.pl\/wp-content\/uploads\/2024\/05\/IMG_9116.jpeg 4032w, http:\/\/roczyny.duszpasterstwa.bielsko.pl\/wp-content\/uploads\/2024\/05\/IMG_9116-300x225.jpeg 300w, http:\/\/roczyny.duszpasterstwa.bielsko.pl\/wp-content\/uploads\/2024\/05\/IMG_9116-768x576.jpeg 768w, http:\/\/roczyny.duszpasterstwa.bielsko.pl\/wp-content\/uploads\/2024\/05\/IMG_9116-1024x768.jpeg 1024w, http:\/\/roczyny.duszpasterstwa.bielsko.pl\/wp-content\/uploads\/2024\/05\/IMG_9116-200x150.jpeg 200w, http:\/\/roczyny.duszpasterstwa.bielsko.pl\/wp-content\/uploads\/2024\/05\/IMG_9116-690x518.jpeg 690w\" sizes=\"(max-width: 4032px) 100vw, 4032px\" \/><\/a>\n\t\t\t<\/div><\/figure><figure class='gallery-item'>\n\t\t\t<div class='gallery-icon landscape'>\n\t\t\t\t<a href='http:\/\/roczyny.duszpasterstwa.bielsko.pl\/?attachment_id=18542'><img loading=\"lazy\" decoding=\"async\" width=\"4032\" height=\"3024\" src=\"http:\/\/roczyny.duszpasterstwa.bielsko.pl\/wp-content\/uploads\/2024\/05\/IMG_9117.jpeg\" class=\"attachment-full size-full\" alt=\"\" srcset=\"http:\/\/roczyny.duszpasterstwa.bielsko.pl\/wp-content\/uploads\/2024\/05\/IMG_9117.jpeg 4032w, http:\/\/roczyny.duszpasterstwa.bielsko.pl\/wp-content\/uploads\/2024\/05\/IMG_9117-300x225.jpeg 300w, http:\/\/roczyny.duszpasterstwa.bielsko.pl\/wp-content\/uploads\/2024\/05\/IMG_9117-768x576.jpeg 768w, http:\/\/roczyny.duszpasterstwa.bielsko.pl\/wp-content\/uploads\/2024\/05\/IMG_9117-1024x768.jpeg 1024w, http:\/\/roczyny.duszpasterstwa.bielsko.pl\/wp-content\/uploads\/2024\/05\/IMG_9117-200x150.jpeg 200w, http:\/\/roczyny.duszpasterstwa.bielsko.pl\/wp-content\/uploads\/2024\/05\/IMG_9117-690x518.jpeg 690w\" sizes=\"(max-width: 4032px) 100vw, 4032px\" \/><\/a>\n\t\t\t<\/div><\/figure><figure class='gallery-item'>\n\t\t\t<div class='gallery-icon landscape'>\n\t\t\t\t<a href='http:\/\/roczyny.duszpasterstwa.bielsko.pl\/?attachment_id=18543'><img loading=\"lazy\" decoding=\"async\" width=\"4032\" height=\"3024\" src=\"http:\/\/roczyny.duszpasterstwa.bielsko.pl\/wp-content\/uploads\/2024\/05\/IMG_9118.jpeg\" class=\"attachment-full size-full\" alt=\"\" srcset=\"http:\/\/roczyny.duszpasterstwa.bielsko.pl\/wp-content\/uploads\/2024\/05\/IMG_9118.jpeg 4032w, http:\/\/roczyny.duszpasterstwa.bielsko.pl\/wp-content\/uploads\/2024\/05\/IMG_9118-300x225.jpeg 300w, http:\/\/roczyny.duszpasterstwa.bielsko.pl\/wp-content\/uploads\/2024\/05\/IMG_9118-768x576.jpeg 768w, http:\/\/roczyny.duszpasterstwa.bielsko.pl\/wp-content\/uploads\/2024\/05\/IMG_9118-1024x768.jpeg 1024w, http:\/\/roczyny.duszpasterstwa.bielsko.pl\/wp-content\/uploads\/2024\/05\/IMG_9118-200x150.jpeg 200w, http:\/\/roczyny.duszpasterstwa.bielsko.pl\/wp-content\/uploads\/2024\/05\/IMG_9118-690x518.jpeg 690w\" sizes=\"(max-width: 4032px) 100vw, 4032px\" \/><\/a>\n\t\t\t<\/div><\/figure><figure class='gallery-item'>\n\t\t\t<div class='gallery-icon landscape'>\n\t\t\t\t<a href='http:\/\/roczyny.duszpasterstwa.bielsko.pl\/?attachment_id=18544'><img loading=\"lazy\" decoding=\"async\" width=\"4032\" height=\"3024\" src=\"http:\/\/roczyny.duszpasterstwa.bielsko.pl\/wp-content\/uploads\/2024\/05\/IMG_9119.jpeg\" class=\"attachment-full size-full\" alt=\"\" srcset=\"http:\/\/roczyny.duszpasterstwa.bielsko.pl\/wp-content\/uploads\/2024\/05\/IMG_9119.jpeg 4032w, http:\/\/roczyny.duszpasterstwa.bielsko.pl\/wp-content\/uploads\/2024\/05\/IMG_9119-300x225.jpeg 300w, http:\/\/roczyny.duszpasterstwa.bielsko.pl\/wp-content\/uploads\/2024\/05\/IMG_9119-768x576.jpeg 768w, http:\/\/roczyny.duszpasterstwa.bielsko.pl\/wp-content\/uploads\/2024\/05\/IMG_9119-1024x768.jpeg 1024w, http:\/\/roczyny.duszpasterstwa.bielsko.pl\/wp-content\/uploads\/2024\/05\/IMG_9119-200x150.jpeg 200w, http:\/\/roczyny.duszpasterstwa.bielsko.pl\/wp-content\/uploads\/2024\/05\/IMG_9119-690x518.jpeg 690w\" sizes=\"(max-width: 4032px) 100vw, 4032px\" \/><\/a>\n\t\t\t<\/div><\/figure><figure class='gallery-item'>\n\t\t\t<div class='gallery-icon landscape'>\n\t\t\t\t<a href='http:\/\/roczyny.duszpasterstwa.bielsko.pl\/?attachment_id=18545'><img loading=\"lazy\" decoding=\"async\" width=\"4032\" height=\"3024\" src=\"http:\/\/roczyny.duszpasterstwa.bielsko.pl\/wp-content\/uploads\/2024\/05\/IMG_9120.jpeg\" class=\"attachment-full size-full\" alt=\"\" srcset=\"http:\/\/roczyny.duszpasterstwa.bielsko.pl\/wp-content\/uploads\/2024\/05\/IMG_9120.jpeg 4032w, http:\/\/roczyny.duszpasterstwa.bielsko.pl\/wp-content\/uploads\/2024\/05\/IMG_9120-300x225.jpeg 300w, http:\/\/roczyny.duszpasterstwa.bielsko.pl\/wp-content\/uploads\/2024\/05\/IMG_9120-768x576.jpeg 768w, http:\/\/roczyny.duszpasterstwa.bielsko.pl\/wp-content\/uploads\/2024\/05\/IMG_9120-1024x768.jpeg 1024w, http:\/\/roczyny.duszpasterstwa.bielsko.pl\/wp-content\/uploads\/2024\/05\/IMG_9120-200x150.jpeg 200w, http:\/\/roczyny.duszpasterstwa.bielsko.pl\/wp-content\/uploads\/2024\/05\/IMG_9120-690x518.jpeg 690w\" sizes=\"(max-width: 4032px) 100vw, 4032px\" \/><\/a>\n\t\t\t<\/div><\/figure>\n\t\t<\/div>\n\n","protected":false},"excerpt":{"rendered":"<p>Strzelanie do celu, przeci\u0105ganie, pi\u0142ka no\u017cna&#8230; Kie\u0142baski, ciasto&#8230; &nbsp;<\/p>\n","protected":false},"author":2,"featured_media":18529,"comment_status":"closed","ping_status":"open","sticky":false,"template":"","format":"standard","meta":{"ngg_post_thumbnail":0,"footnotes":""},"categories":[15,21,25],"tags":[],"class_list":["post-18467","post","type-post","status-publish","format-standard","has-post-thumbnail","hentry","category-aktualnosci","category-ministranci","category-oaza-dzieci-bozych","post-item clearfix"],"_links":{"self":[{"href":"http:\/\/roczyny.duszpasterstwa.bielsko.pl\/index.php?rest_route=\/wp\/v2\/posts\/18467"}],"collection":[{"href":"http:\/\/roczyny.duszpasterstwa.bielsko.pl\/index.php?rest_route=\/wp\/v2\/posts"}],"about":[{"href":"http:\/\/roczyny.duszpasterstwa.bielsko.pl\/index.php?rest_route=\/wp\/v2\/types\/post"}],"author":[{"embeddable":true,"href":"http:\/\/roczyny.duszpasterstwa.bielsko.pl\/index.php?rest_route=\/wp\/v2\/users\/2"}],"replies":[{"embeddable":true,"href":"http:\/\/roczyny.duszpasterstwa.bielsko.pl\/index.php?rest_route=%2Fwp%2Fv2%2Fcomments&post=18467"}],"version-history":[{"count":1,"href":"http:\/\/roczyny.duszpasterstwa.bielsko.pl\/index.php?rest_route=\/wp\/v2\/posts\/18467\/revisions"}],"predecessor-version":[{"id":18546,"href":"http:\/\/roczyny.duszpasterstwa.bielsko.pl\/index.php?rest_route=\/wp\/v2\/posts\/18467\/revisions\/18546"}],"wp:featuredmedia":[{"embeddable":true,"href":"http:\/\/roczyny.duszpasterstwa.bielsko.pl\/index.php?rest_route=\/wp\/v2\/media\/18529"}],"wp:attachment":[{"href":"http:\/\/roczyny.duszpasterstwa.bielsko.pl\/index.php?rest_route=%2Fwp%2Fv2%2Fmedia&parent=18467"}],"wp:term":[{"taxonomy":"category","embeddable":true,"href":"http:\/\/roczyny.duszpasterstwa.bielsko.pl\/index.php?rest_route=%2Fwp%2Fv2%2Fcategories&post=18467"},{"taxonomy":"post_tag","embeddable":true,"href":"http:\/\/roczyny.duszpasterstwa.bielsko.pl\/index.php?rest_route=%2Fwp%2Fv2%2Ftags&post=18467"}],"curies":[{"name":"wp","href":"https:\/\/api.w.org\/{rel}","templated":true}]}}