{"id":1823,"date":"2021-10-09T17:56:23","date_gmt":"2021-10-09T15:56:23","guid":{"rendered":"http:\/\/roczyny.duszpasterstwa.bielsko.pl\/?p=1823"},"modified":"2021-10-09T17:56:23","modified_gmt":"2021-10-09T15:56:23","slug":"ogloszenia-i-intencje-xxviii-niedziela-zwykla","status":"publish","type":"post","link":"http:\/\/roczyny.duszpasterstwa.bielsko.pl\/?p=1823","title":{"rendered":"OG\u0141OSZENIA I INTENCJE &#8211; XXVIII NIEDZIELA ZWYK\u0141A"},"content":{"rendered":"<h3><strong><u>X X V I I I&nbsp;&nbsp; N I E D Z I E L A&nbsp;&nbsp; Z W Y K \u0141 A<\/u><\/strong>&nbsp;&nbsp; (10.1o.2021r.)<\/h3>\n<h3>&nbsp;<\/h3>\n<h3>Po raz 21 obchodzimy Dzie\u0144 Papieski (ofiary zbierane do puszek) przeznaczone s\u0105 na fundusz stypendialny.<\/h3>\n<h3>\u015aroda &nbsp;&nbsp;&nbsp;&#8211; wsp. b\u0142. Honorata Ko\u017ami\u0144skiego, kap\u0142.<\/h3>\n<h3>Pi\u0105tek &nbsp;&nbsp;&nbsp;-wsp. \u015bw. Teresy od Jezusa, dz. i dK \u2013 jest to zarazem Dzie\u0144 Dziecka<\/h3>\n<h3>&nbsp;&nbsp;&nbsp;&nbsp;&nbsp;&nbsp;&nbsp;&nbsp;&nbsp;&nbsp;&nbsp;&nbsp;&nbsp;&nbsp;&nbsp; utraconego.<\/h3>\n<h3>Sobota \u2013 wsp. \u015bw. Jadwigi \u015al\u0105skiej&nbsp;<\/h3>\n<h3><span style=\"color: #ff0000;\"><strong>W dzisiejsz\u0105 niedziel\u0119 ze wzgl\u0119du na po\u015bwi\u0119cenie organ\u00f3w r\u00f3\u017caniec wyj\u0105tkowo b\u0119dzie przed Msz\u0105 \u015bw. o 14.3o<\/strong><\/span><\/h3>\n<h3><span style=\"color: #ff0000;\"><strong>W sobot\u0119 16 pa\u017adziernika ze wzgl\u0119du na koncert nie b\u0119dzie Mszy \u015bw. o godz.17.oo<\/strong><\/span><\/h3>\n<h3>Koncert Jana Kantego Pawlu\u015bkiewicza odb\u0119dzie si\u0119 o godz. 19.oo<\/h3>\n<h3><span style=\"color: #ff0000;\">Dzieci kl. III zapraszaj\u0105 Parafian 13 pa\u017adziernika w \u015brod\u0119 o godz.17.oo na szczeg\u00f3lne nabo\u017ce\u0144stwo po\u0142\u0105czone ze scenami Objawie\u0144 Fatimskich. Na tym nabo\u017ce\u0144stwie po\u015bwi\u0119cimy r\u00f3\u017ca\u0144ce przygotowane przez nie w\u0142asnor\u0119cznie.<\/span><\/h3>\n<h3><span style=\"color: #ff0000;\"><strong><em>I N T E N C J E&nbsp;&nbsp; M S Z Y&nbsp;&nbsp; \u015a W.<\/em><\/strong><\/span><\/h3>\n<h3>Poniedzia\u0142ek(11)<\/h3>\n<h3>&nbsp;&nbsp; godz.6.3o&nbsp;&nbsp; &#8211; +Katarzyn\u0119 Sordyl<\/h3>\n<h3>&nbsp;&nbsp; godz.17.oo &#8211; +Jana Babi\u0144skiego z \u017con\u0105 Genowef\u0105<\/h3>\n<h3>Wtorek(12)<\/h3>\n<h3>&nbsp;&nbsp; godz.6.3o&nbsp;&nbsp; &#8211; +Mariana Karcz<\/h3>\n<h3>&nbsp;&nbsp; godz.17.oo &#8211; +Jana Zaremba<\/h3>\n<h3>\u015aroda(13)<\/h3>\n<h3>&nbsp;&nbsp; godz.6.3o&nbsp;&nbsp; &#8211; +Jana Ku\u017am\u0119 z rodzicami<\/h3>\n<h3>&nbsp;&nbsp; godz.17.oo \u2013 W int. Bogu wiadomej<\/h3>\n<h3>Czwartek(14)<\/h3>\n<h3>&nbsp;&nbsp; godz.6.3o&nbsp;&nbsp; &#8211; Za zmar\u0142ych z okresu rocznego naszej parafii<\/h3>\n<h3>&nbsp;&nbsp; godz.17.oo &#8211; +Micha\u0142a Mysak<\/h3>\n<h3>Pi\u0105tek(15)<\/h3>\n<h3>&nbsp;&nbsp; godz.6.3o&nbsp;&nbsp; &#8211; +Stanis\u0142awa Kami\u0144skiego<\/h3>\n<h3>&nbsp;&nbsp; godz.17.oo &#8211; +J\u00f3zef\u0105 Kocemba 5 r. \u015bm. z m\u0119\u017cem Julianem<\/h3>\n<h3>Sobota(16)<\/h3>\n<h3>&nbsp;&nbsp; godz.6.3o&nbsp;&nbsp; &#8211; +Bronis\u0142awa Sordyla z \u017con\u0105 Mari\u0105<\/h3>\n<h3>&nbsp;&nbsp;&nbsp;&nbsp;&nbsp;&nbsp;&nbsp;&nbsp;&nbsp;&nbsp;&nbsp;&nbsp;&nbsp;&nbsp;&nbsp;&nbsp;&nbsp;&nbsp;&nbsp;&nbsp;&nbsp;&nbsp; &#8211; +Jadwig\u0119 Krucza\u0142a z m\u0119\u017cem Micha\u0142em<\/h3>\n<h3>Niedziela(17)<\/h3>\n<h3>&nbsp;&nbsp; godz.7.oo&nbsp;&nbsp; &#8211; +Romana Kurzyniec 6 r. \u015bm z \u017con\u0105 Mari\u0105<\/h3>\n<h3>&nbsp;&nbsp;&nbsp;&nbsp;&nbsp;&nbsp;&nbsp;&nbsp;&nbsp;&nbsp;&nbsp;&nbsp;&nbsp;&nbsp;&nbsp;&nbsp;&nbsp;&nbsp;&nbsp;&nbsp;&nbsp;&nbsp; &#8211; +Bogdana Komender\u0119 1 r. \u015bm.<\/h3>\n<h3>&nbsp;&nbsp; godz.9.oo&nbsp;&nbsp; &#8211; +Stanis\u0142aw\u0119 Piwowarsk\u0105 z m\u0119\u017cem Marianem od mamy<\/h3>\n<h3>&nbsp;&nbsp;&nbsp;&nbsp;&nbsp;&nbsp;&nbsp; &nbsp;&nbsp;&nbsp;&nbsp;&nbsp;&nbsp;&nbsp;&nbsp;&nbsp;&nbsp;&nbsp;&nbsp;&nbsp;&nbsp;&nbsp;&#8211; W int. ma\u0142\u017conk\u00f3w obchodz\u0105cych 40-t\u0105 r. \u015blubu o zdrowie i b\u0142. Bo\u017ce<\/h3>\n<h3>&nbsp;&nbsp; godz.11.oo &#8211; + Grzegorza Sordyla 15 r. \u015bm.<\/h3>\n<h3>&nbsp;&nbsp;&nbsp;&nbsp;&nbsp;&nbsp;&nbsp;&nbsp;&nbsp;&nbsp;&nbsp;&nbsp;&nbsp;&nbsp;&nbsp;&nbsp;&nbsp;&nbsp;&nbsp;&nbsp;&nbsp;&nbsp; &#8211; O zdrowie i b\u0142. Bo\u017ce dla Maksymiliana w 1-wsz\u0105 r. urodzin<\/h3>\n<h3>&nbsp;&nbsp; godz.15.oo \u2013 W int. Ojczyzny i ofiar najazdu bolszewik\u00f3w<\/h3>\n<h3>&nbsp;&nbsp;&nbsp;&nbsp;&nbsp;&nbsp;&nbsp;&nbsp;&nbsp;&nbsp;&nbsp;&nbsp;&nbsp;&nbsp;&nbsp;&nbsp;&nbsp;&nbsp;&nbsp;&nbsp;&nbsp;&nbsp;&nbsp; &#8211; W int Anny i Kamila w 3-ci\u0105 r. \u015blubu.<\/h3>\n<h3>&nbsp;&nbsp;&nbsp;&nbsp;&nbsp;&nbsp;&nbsp;&nbsp;&nbsp;&nbsp;&nbsp;&nbsp;&nbsp;&nbsp;&nbsp;&nbsp;&nbsp;&nbsp;&nbsp;&nbsp;&nbsp;&nbsp;&nbsp;<\/h3>\n<p>&nbsp;<\/p>\n","protected":false},"excerpt":{"rendered":"<p>X X V I I I&nbsp;&nbsp; N I E D Z I E L A&nbsp;&nbsp; Z W Y K \u0141 <a class=\"read-more\" href=\"http:\/\/roczyny.duszpasterstwa.bielsko.pl\/?p=1823\">czytaj dalej<\/a><\/p>\n","protected":false},"author":2,"featured_media":1825,"comment_status":"closed","ping_status":"open","sticky":false,"template":"","format":"standard","meta":{"ngg_post_thumbnail":0,"footnotes":""},"categories":[15,12],"tags":[],"class_list":["post-1823","post","type-post","status-publish","format-standard","has-post-thumbnail","hentry","category-aktualnosci","category-ogloszenia-parafialne","post-item clearfix"],"_links":{"self":[{"href":"http:\/\/roczyny.duszpasterstwa.bielsko.pl\/index.php?rest_route=\/wp\/v2\/posts\/1823"}],"collection":[{"href":"http:\/\/roczyny.duszpasterstwa.bielsko.pl\/index.php?rest_route=\/wp\/v2\/posts"}],"about":[{"href":"http:\/\/roczyny.duszpasterstwa.bielsko.pl\/index.php?rest_route=\/wp\/v2\/types\/post"}],"author":[{"embeddable":true,"href":"http:\/\/roczyny.duszpasterstwa.bielsko.pl\/index.php?rest_route=\/wp\/v2\/users\/2"}],"replies":[{"embeddable":true,"href":"http:\/\/roczyny.duszpasterstwa.bielsko.pl\/index.php?rest_route=%2Fwp%2Fv2%2Fcomments&post=1823"}],"version-history":[{"count":1,"href":"http:\/\/roczyny.duszpasterstwa.bielsko.pl\/index.php?rest_route=\/wp\/v2\/posts\/1823\/revisions"}],"predecessor-version":[{"id":1826,"href":"http:\/\/roczyny.duszpasterstwa.bielsko.pl\/index.php?rest_route=\/wp\/v2\/posts\/1823\/revisions\/1826"}],"wp:featuredmedia":[{"embeddable":true,"href":"http:\/\/roczyny.duszpasterstwa.bielsko.pl\/index.php?rest_route=\/wp\/v2\/media\/1825"}],"wp:attachment":[{"href":"http:\/\/roczyny.duszpasterstwa.bielsko.pl\/index.php?rest_route=%2Fwp%2Fv2%2Fmedia&parent=1823"}],"wp:term":[{"taxonomy":"category","embeddable":true,"href":"http:\/\/roczyny.duszpasterstwa.bielsko.pl\/index.php?rest_route=%2Fwp%2Fv2%2Fcategories&post=1823"},{"taxonomy":"post_tag","embeddable":true,"href":"http:\/\/roczyny.duszpasterstwa.bielsko.pl\/index.php?rest_route=%2Fwp%2Fv2%2Ftags&post=1823"}],"curies":[{"name":"wp","href":"https:\/\/api.w.org\/{rel}","templated":true}]}}