{"id":1813,"date":"2021-10-02T19:16:04","date_gmt":"2021-10-02T17:16:04","guid":{"rendered":"http:\/\/roczyny.duszpasterstwa.bielsko.pl\/?p=1813"},"modified":"2023-06-06T13:13:40","modified_gmt":"2023-06-06T11:13:40","slug":"fatimskie-objawienia-dzieciaki-przezyja-ta-historie-w-teatralnej-odslonie","status":"publish","type":"post","link":"http:\/\/roczyny.duszpasterstwa.bielsko.pl\/?p=1813","title":{"rendered":"FATIMSKIE OBJAWIENIA &#8211; Dzieciaki prze\u017cyj\u0105 t\u0105 historie w teatralnej ods\u0142onie&#8230;"},"content":{"rendered":"<h3>13 pa\u017adziernika ko\u0144cz\u0105 si\u0119 w wielu parafiach nabo\u017ce\u0144stwa fatimskie&#8230;<\/h3>\n<h3>A u nas w ko\u015bciele prze\u017cyjemy je na nowo &#8211; oczyma DZIECI FATIMSKICH &#8211; czyli SKARB\u00d3W Z KLAS III&#8230;<\/h3>\n<h3><span style=\"color: #ff0000;\">Zapraszamy WSZYSTKICH PARAFIAN na szczeg\u00f3lne nabo\u017ce\u0144stwo r\u00f3\u017ca\u0144cowe 13 pa\u017adziernika \/\u015broda\/ na godz. 17.00&#8230;<\/span><\/h3>\n<h3>DZIECI FATIMSKICH by\u0142a tr\u00f3jka &#8211; \u0141ucj\u0105, Hiacynta i Franciszek &#8211; a naszych DZIECI FATIMSKICH b\u0119dzie WSPANIA\u0141A 40<\/h3>\n<h3>Niech i Was nie zabraknie!!!<\/h3>\n<h3><a href=\"http:\/\/roczyny.duszpasterstwa.bielsko.pl\/wp-content\/uploads\/2021\/10\/PLAKAT.jpg\"><img fetchpriority=\"high\" decoding=\"async\" class=\"alignnone size-full wp-image-1814\" src=\"http:\/\/roczyny.duszpasterstwa.bielsko.pl\/wp-content\/uploads\/2021\/10\/PLAKAT.jpg\" alt=\"\" width=\"709\" height=\"992\" srcset=\"http:\/\/roczyny.duszpasterstwa.bielsko.pl\/wp-content\/uploads\/2021\/10\/PLAKAT.jpg 709w, http:\/\/roczyny.duszpasterstwa.bielsko.pl\/wp-content\/uploads\/2021\/10\/PLAKAT-214x300.jpg 214w\" sizes=\"(max-width: 709px) 100vw, 709px\" \/><\/a><\/h3>\n","protected":false},"excerpt":{"rendered":"<p>13 pa\u017adziernika ko\u0144cz\u0105 si\u0119 w wielu parafiach nabo\u017ce\u0144stwa fatimskie&#8230; A u nas w ko\u015bciele prze\u017cyjemy je na nowo &#8211; oczyma <a class=\"read-more\" href=\"http:\/\/roczyny.duszpasterstwa.bielsko.pl\/?p=1813\">czytaj dalej<\/a><\/p>\n","protected":false},"author":2,"featured_media":1815,"comment_status":"closed","ping_status":"open","sticky":false,"template":"","format":"standard","meta":{"ngg_post_thumbnail":0,"footnotes":""},"categories":[15,28],"tags":[],"class_list":["post-1813","post","type-post","status-publish","format-standard","has-post-thumbnail","hentry","category-aktualnosci","category-przedstawienia","post-item clearfix"],"_links":{"self":[{"href":"http:\/\/roczyny.duszpasterstwa.bielsko.pl\/index.php?rest_route=\/wp\/v2\/posts\/1813"}],"collection":[{"href":"http:\/\/roczyny.duszpasterstwa.bielsko.pl\/index.php?rest_route=\/wp\/v2\/posts"}],"about":[{"href":"http:\/\/roczyny.duszpasterstwa.bielsko.pl\/index.php?rest_route=\/wp\/v2\/types\/post"}],"author":[{"embeddable":true,"href":"http:\/\/roczyny.duszpasterstwa.bielsko.pl\/index.php?rest_route=\/wp\/v2\/users\/2"}],"replies":[{"embeddable":true,"href":"http:\/\/roczyny.duszpasterstwa.bielsko.pl\/index.php?rest_route=%2Fwp%2Fv2%2Fcomments&post=1813"}],"version-history":[{"count":1,"href":"http:\/\/roczyny.duszpasterstwa.bielsko.pl\/index.php?rest_route=\/wp\/v2\/posts\/1813\/revisions"}],"predecessor-version":[{"id":1816,"href":"http:\/\/roczyny.duszpasterstwa.bielsko.pl\/index.php?rest_route=\/wp\/v2\/posts\/1813\/revisions\/1816"}],"wp:featuredmedia":[{"embeddable":true,"href":"http:\/\/roczyny.duszpasterstwa.bielsko.pl\/index.php?rest_route=\/wp\/v2\/media\/1815"}],"wp:attachment":[{"href":"http:\/\/roczyny.duszpasterstwa.bielsko.pl\/index.php?rest_route=%2Fwp%2Fv2%2Fmedia&parent=1813"}],"wp:term":[{"taxonomy":"category","embeddable":true,"href":"http:\/\/roczyny.duszpasterstwa.bielsko.pl\/index.php?rest_route=%2Fwp%2Fv2%2Fcategories&post=1813"},{"taxonomy":"post_tag","embeddable":true,"href":"http:\/\/roczyny.duszpasterstwa.bielsko.pl\/index.php?rest_route=%2Fwp%2Fv2%2Ftags&post=1813"}],"curies":[{"name":"wp","href":"https:\/\/api.w.org\/{rel}","templated":true}]}}