{"id":1795,"date":"2021-10-02T18:43:12","date_gmt":"2021-10-02T16:43:12","guid":{"rendered":"http:\/\/roczyny.duszpasterstwa.bielsko.pl\/?p=1795"},"modified":"2021-10-02T18:52:05","modified_gmt":"2021-10-02T16:52:05","slug":"radosc-milosierdzia-zapowiedz-koncertu-w-naszym-kosciele","status":"publish","type":"post","link":"http:\/\/roczyny.duszpasterstwa.bielsko.pl\/?p=1795","title":{"rendered":"&#8222;RADO\u015a\u0106 MI\u0141OSIERDZIA&#8221; &#8211; zapowied\u017a KONCERTU W NASZYM KO\u015aCIELE&#8230;"},"content":{"rendered":"<h2><span style=\"color: #ff0000;\">CO ZA WYDARZENIE W NASZEJ PARAFII!!!<\/span><\/h2>\n<h2><span style=\"color: #ff0000;\">16 X \/sobota\/ godz. 19.00 &#8211; ko\u015bci\u00f3\u0142 w ROCZYNACH<\/span><\/h2>\n<h2><span style=\"color: #ff0000;\">NOWE ORGANY! I JAKI\u017b TO B\u0118DZIE KONCERT!!!<\/span><\/h2>\n<h2>MUZYKA &#8211; Jan Kanty Pawlu\u015bkiewicz!<\/h2>\n<h2>S\u0141OWA &#8211; Leszek Aleksander Moczulski<\/h2>\n<h2>Ingrida Gapowa<\/h2>\n<h2>Andrzej Lampert<\/h2>\n<h2>Micha\u0142 S\u0142awecki<\/h2>\n<h2>G\u00d3RECKI CHAMBER CHOIR<\/h2>\n<h2>ORKIESTRA SYMFONICZNA PASSIONART<\/h2>\n<h2>ORGANY &#8211; Marek Pawe\u0142ek<\/h2>\n<h2>DYRYGENT &#8211; Monika Woli\u0144ska<\/h2>\n<h2>Zapraszaj\u0105 &#8211; BURMISTRZ ANDRYCHOWA &#8211; TOMASZ \u017bAK<\/h2>\n<h2>PROBOSZCZ PARAFII \u015aW. URBANA W ROCZYNACH &#8211; KS. RYSZARD MATUSZEK<\/h2>\n<p><a href=\"http:\/\/roczyny.duszpasterstwa.bielsko.pl\/wp-content\/uploads\/2021\/10\/Plakat_RM_4.jpg\"><img fetchpriority=\"high\" decoding=\"async\" class=\"alignnone size-large wp-image-1796\" src=\"http:\/\/roczyny.duszpasterstwa.bielsko.pl\/wp-content\/uploads\/2021\/10\/Plakat_RM_4-717x1024.jpg\" alt=\"\" width=\"640\" height=\"914\" srcset=\"http:\/\/roczyny.duszpasterstwa.bielsko.pl\/wp-content\/uploads\/2021\/10\/Plakat_RM_4-717x1024.jpg 717w, http:\/\/roczyny.duszpasterstwa.bielsko.pl\/wp-content\/uploads\/2021\/10\/Plakat_RM_4-210x300.jpg 210w, http:\/\/roczyny.duszpasterstwa.bielsko.pl\/wp-content\/uploads\/2021\/10\/Plakat_RM_4-768x1097.jpg 768w\" sizes=\"(max-width: 640px) 100vw, 640px\" \/><\/a><\/p>\n","protected":false},"excerpt":{"rendered":"<p>CO ZA WYDARZENIE W NASZEJ PARAFII!!! 16 X \/sobota\/ godz. 19.00 &#8211; ko\u015bci\u00f3\u0142 w ROCZYNACH NOWE ORGANY! I JAKI\u017b TO <a class=\"read-more\" href=\"http:\/\/roczyny.duszpasterstwa.bielsko.pl\/?p=1795\">czytaj dalej<\/a><\/p>\n","protected":false},"author":2,"featured_media":1798,"comment_status":"closed","ping_status":"open","sticky":false,"template":"","format":"standard","meta":{"ngg_post_thumbnail":0,"footnotes":""},"categories":[15,12],"tags":[],"class_list":["post-1795","post","type-post","status-publish","format-standard","has-post-thumbnail","hentry","category-aktualnosci","category-ogloszenia-parafialne","post-item clearfix"],"_links":{"self":[{"href":"http:\/\/roczyny.duszpasterstwa.bielsko.pl\/index.php?rest_route=\/wp\/v2\/posts\/1795"}],"collection":[{"href":"http:\/\/roczyny.duszpasterstwa.bielsko.pl\/index.php?rest_route=\/wp\/v2\/posts"}],"about":[{"href":"http:\/\/roczyny.duszpasterstwa.bielsko.pl\/index.php?rest_route=\/wp\/v2\/types\/post"}],"author":[{"embeddable":true,"href":"http:\/\/roczyny.duszpasterstwa.bielsko.pl\/index.php?rest_route=\/wp\/v2\/users\/2"}],"replies":[{"embeddable":true,"href":"http:\/\/roczyny.duszpasterstwa.bielsko.pl\/index.php?rest_route=%2Fwp%2Fv2%2Fcomments&post=1795"}],"version-history":[{"count":1,"href":"http:\/\/roczyny.duszpasterstwa.bielsko.pl\/index.php?rest_route=\/wp\/v2\/posts\/1795\/revisions"}],"predecessor-version":[{"id":1797,"href":"http:\/\/roczyny.duszpasterstwa.bielsko.pl\/index.php?rest_route=\/wp\/v2\/posts\/1795\/revisions\/1797"}],"wp:featuredmedia":[{"embeddable":true,"href":"http:\/\/roczyny.duszpasterstwa.bielsko.pl\/index.php?rest_route=\/wp\/v2\/media\/1798"}],"wp:attachment":[{"href":"http:\/\/roczyny.duszpasterstwa.bielsko.pl\/index.php?rest_route=%2Fwp%2Fv2%2Fmedia&parent=1795"}],"wp:term":[{"taxonomy":"category","embeddable":true,"href":"http:\/\/roczyny.duszpasterstwa.bielsko.pl\/index.php?rest_route=%2Fwp%2Fv2%2Fcategories&post=1795"},{"taxonomy":"post_tag","embeddable":true,"href":"http:\/\/roczyny.duszpasterstwa.bielsko.pl\/index.php?rest_route=%2Fwp%2Fv2%2Ftags&post=1795"}],"curies":[{"name":"wp","href":"https:\/\/api.w.org\/{rel}","templated":true}]}}