{"id":1792,"date":"2021-10-02T18:21:05","date_gmt":"2021-10-02T16:21:05","guid":{"rendered":"http:\/\/roczyny.duszpasterstwa.bielsko.pl\/?p=1792"},"modified":"2021-10-02T18:21:05","modified_gmt":"2021-10-02T16:21:05","slug":"ogloszenia-i-intencje-xxvii-niedziela-zwykla","status":"publish","type":"post","link":"http:\/\/roczyny.duszpasterstwa.bielsko.pl\/?p=1792","title":{"rendered":"OG\u0141OSZENIA i INTENCJE &#8211; XXVII NIEDZIELA ZWYK\u0141A&#8230;"},"content":{"rendered":"<h3><strong><u>X X V I I&nbsp;&nbsp; N I E D Z I E L A&nbsp;&nbsp; Z W Y K \u0141 A<\/u><\/strong> (3.1o.2021r.)<\/h3>\n<h3>&nbsp;<\/h3>\n<h3>Dzi\u015b I-wsza niedziela miesi\u0105ca \u2013 po Mszy \u015bw. adoracja Naj\u015bw. Sakramentu.<\/h3>\n<h3>Poniedzia\u0142ek \u2013 wsp. \u015bw. Franciszka z Asy\u017cu<\/h3>\n<h3>Wtorek&nbsp;&nbsp;&nbsp;&nbsp;&nbsp;&nbsp;&nbsp;&nbsp;&nbsp; &#8211;&nbsp; wsp. \u015bw. Faustyny Kowalskiej, dz.<\/h3>\n<h3>Czwartek&nbsp;&nbsp;&nbsp;&nbsp;&nbsp;&nbsp; &#8211;&nbsp; wsp. NMP R\u00f3\u017ca\u0144cowej<\/h3>\n<h3>W przysz\u0142\u0105 niedziel\u0119 10 pa\u017adziernika, b\u0119dziemy obchodzi\u0107 21 Dzie\u0144 Papieski prze\u017cywanym pod has\u0142em <em>Nie l\u0119kajcie si\u0119. <\/em>Zbierane b\u0119d\u0105 (do puszek) ofiary na fundusz stypendialny.<\/h3>\n<h3>Od dnia jutrzejszego Msze \u015bw. wieczorne b\u0119d\u0105 odprawiane o godz.17.oo<\/h3>\n<h3>W t\u0105 te\u017c niedziel\u0119 <strong><span style=\"color: #ff0000;\">ks. dziekan dekanatu andrychowskiego ks. pra\u0142at Stanis\u0142aw Czernik dokona po\u015bwi\u0119cenia nowych organ\u00f3w w naszym ko\u015bciele na Mszy \u015bw. o godz.15.oo.<\/span> <\/strong>Natomiast <span style=\"color: #ff0000;\"><strong>16 pa\u017adziernika w sobot\u0119 w naszej \u015bwi\u0105tyni odb\u0119dzie si\u0119 koncert Jana Kantego Pawlu\u015bkiewicza <em>Rado\u015b\u0107 Mi\u0142osierdzia <\/em><\/strong><\/span>zorganizowanego przez Burmistrza Andrychowa \u2013 Tomasza \u017bak. Koncert odb\u0119dzie si\u0119 o godz.19.oo<\/h3>\n<h3>W \u015brod\u0119 6 pa\u017adziernika zapraszamy na Msz\u0119 \u015bw. i nabo\u017ce\u0144stwo r\u00f3\u017ca\u0144cowe ca\u0142\u0105 <strong><span style=\"color: #ff0000;\">Wsp\u00f3lnot\u0119 R\u00f3\u017c \u017bywego R\u00f3\u017ca\u0144ca naszej parafii. Po nabo\u017ce\u0144stwie zmiana tajemnic r\u00f3\u017ca\u0144cowych.<\/span><\/strong><\/h3>\n<h3>&nbsp;<\/h3>\n<h3>&nbsp;<\/h3>\n<h3><strong><em>I N T E N C J E&nbsp;&nbsp; M S Z Y&nbsp;&nbsp; \u015a W.<\/em><\/strong><\/h3>\n<h3>Poniedzia\u0142ek(4)<\/h3>\n<h3>&nbsp;&nbsp; godz.6.3o&nbsp;&nbsp; &#8211; Za zmar\u0142e cz\u0142onkinie z R\u00f3\u017cy \u015bw. Jadwigi Kr\u00f3lowej<\/h3>\n<h3>&nbsp;&nbsp; godz.17.oo &#8211; +Romana Kud\u0142acika&nbsp; w 21 r. \u015bm. od najbli\u017cszych<\/h3>\n<h3>Wtorek(5)<\/h3>\n<h3>&nbsp;&nbsp; godz.6.3o&nbsp;&nbsp; &#8211; +J\u00f3zefa \u0141yso\u0144<\/h3>\n<h3>&nbsp;&nbsp; godz.17.oo &#8211; +Mieczys\u0142awa Piko\u0144<\/h3>\n<h3>\u015aroda(6)<\/h3>\n<h3>&nbsp;&nbsp; godz.6.3o&nbsp;&nbsp; &#8211; +Katarzyn\u0119 Sordyl<\/h3>\n<h3>&nbsp;&nbsp; godz.17.oo &#8211; +Mariana Karcz<\/h3>\n<h3>Czwartek(7)<\/h3>\n<h3>&nbsp;&nbsp; godz.6.3o&nbsp;&nbsp;&nbsp; &#8211; Za dusze wypominane (WYPOMINKI)<\/h3>\n<h3>&nbsp;&nbsp; godz.17.oo &#8211;&nbsp; +Krystyn\u0119 Aleksandra Powi\u0144skich<\/h3>\n<h3>Pi\u0105tek(8)<\/h3>\n<h3>&nbsp;&nbsp; godz.6.3o&nbsp;&nbsp; &#8211;&nbsp; +Katarzyn\u0119 Sordyl<\/h3>\n<h3>&nbsp;&nbsp; godz.17.oo &#8211;&nbsp; +Stefana Gaw\u0119d\u0119<\/h3>\n<h3>Sobota(9)<\/h3>\n<h3>&nbsp;&nbsp; godz.6.3o&nbsp;&nbsp; &#8211;&nbsp; W int. El\u017cbiety i Sebastiana w 4 r. \u015blubu o zdrowie i b\u0142. Bo\u017ce<\/h3>\n<h3>&nbsp;&nbsp; godz.17.oo &#8211;&nbsp; Dzi\u0119kczynna z pro\u015bb\u0105 o zdrowie i b\u0142. Bo\u017ce dla El\u017cbiety i Jana<\/h3>\n<h3>Niedziela(1o)<\/h3>\n<h3>&nbsp;&nbsp; godz.7.oo&nbsp;&nbsp; &#8211; W int. cz\u0142onki\u0144 i ich rodzin z R\u00f3\u017cy \u015bw. Siostry Faustyny<\/h3>\n<h3>&nbsp;&nbsp;&nbsp;&nbsp;&nbsp;&nbsp;&nbsp;&nbsp;&nbsp;&nbsp;&nbsp;&nbsp;&nbsp;&nbsp;&nbsp;&nbsp;&nbsp;&nbsp;&nbsp;&nbsp;&nbsp;&nbsp; &#8211; +Ann\u0119 Miko\u0142ajek w 30-ty dzie\u0144 po \u015bmierci<\/h3>\n<h3>&nbsp;&nbsp; godz.9.oo&nbsp;&nbsp; &#8211;&nbsp; Za zmar\u0142e cz\u0142onkinie z R\u00f3\u017cy \u015awiat\u0142a<\/h3>\n<h3>&nbsp;&nbsp;&nbsp;&nbsp;&nbsp;&nbsp;&nbsp;&nbsp; &nbsp;&nbsp;&nbsp;&nbsp;&nbsp;&nbsp;&nbsp;&nbsp;&nbsp;&nbsp;&nbsp;&nbsp;&nbsp;&nbsp;&#8211;&nbsp; +J\u00f3zefa Skupie\u0144 z rodzicami<\/h3>\n<h3>&nbsp;&nbsp; godz.11.oo &#8211;&nbsp; +Stanis\u0142awa Matejko<\/h3>\n<h3>&nbsp;&nbsp;&nbsp;&nbsp;&nbsp;&nbsp;&nbsp;&nbsp;&nbsp;&nbsp;&nbsp;&nbsp;&nbsp;&nbsp;&nbsp;&nbsp;&nbsp;&nbsp;&nbsp;&nbsp;&nbsp;&nbsp; &#8211;&nbsp; +Stanis\u0142awa Kami\u0144skiego<\/h3>\n<h3>&nbsp;&nbsp; godz.15.oo &#8211;&nbsp; +Stanis\u0142aw\u0119 Jana Cholewka z dzie\u0107mi<\/h3>\n<h3>&nbsp;&nbsp;&nbsp;&nbsp;&nbsp;&nbsp;&nbsp;&nbsp;&nbsp;&nbsp;&nbsp;&nbsp;&nbsp;&nbsp;&nbsp;&nbsp;&nbsp;&nbsp;&nbsp;&nbsp;&nbsp;&nbsp; &#8211;&nbsp; Dzi\u0119kczynna za otrzymane \u0142aski z pro\u015bb\u0105 o dalsze b\u0142. dal ca\u0142ej<\/h3>\n<h3>&nbsp;&nbsp;&nbsp;&nbsp;&nbsp;&nbsp;&nbsp;&nbsp;&nbsp;&nbsp;&nbsp;&nbsp;&nbsp;&nbsp;&nbsp;&nbsp;&nbsp;&nbsp;&nbsp;&nbsp;&nbsp;&nbsp;&nbsp;&nbsp;&nbsp;&nbsp; rodziny.<\/h3>\n","protected":false},"excerpt":{"rendered":"<p>X X V I I&nbsp;&nbsp; N I E D Z I E L A&nbsp;&nbsp; Z W Y K \u0141 A <a class=\"read-more\" href=\"http:\/\/roczyny.duszpasterstwa.bielsko.pl\/?p=1792\">czytaj dalej<\/a><\/p>\n","protected":false},"author":2,"featured_media":1793,"comment_status":"closed","ping_status":"open","sticky":false,"template":"","format":"standard","meta":{"ngg_post_thumbnail":0,"footnotes":""},"categories":[15,12],"tags":[],"class_list":["post-1792","post","type-post","status-publish","format-standard","has-post-thumbnail","hentry","category-aktualnosci","category-ogloszenia-parafialne","post-item clearfix"],"_links":{"self":[{"href":"http:\/\/roczyny.duszpasterstwa.bielsko.pl\/index.php?rest_route=\/wp\/v2\/posts\/1792"}],"collection":[{"href":"http:\/\/roczyny.duszpasterstwa.bielsko.pl\/index.php?rest_route=\/wp\/v2\/posts"}],"about":[{"href":"http:\/\/roczyny.duszpasterstwa.bielsko.pl\/index.php?rest_route=\/wp\/v2\/types\/post"}],"author":[{"embeddable":true,"href":"http:\/\/roczyny.duszpasterstwa.bielsko.pl\/index.php?rest_route=\/wp\/v2\/users\/2"}],"replies":[{"embeddable":true,"href":"http:\/\/roczyny.duszpasterstwa.bielsko.pl\/index.php?rest_route=%2Fwp%2Fv2%2Fcomments&post=1792"}],"version-history":[{"count":1,"href":"http:\/\/roczyny.duszpasterstwa.bielsko.pl\/index.php?rest_route=\/wp\/v2\/posts\/1792\/revisions"}],"predecessor-version":[{"id":1794,"href":"http:\/\/roczyny.duszpasterstwa.bielsko.pl\/index.php?rest_route=\/wp\/v2\/posts\/1792\/revisions\/1794"}],"wp:featuredmedia":[{"embeddable":true,"href":"http:\/\/roczyny.duszpasterstwa.bielsko.pl\/index.php?rest_route=\/wp\/v2\/media\/1793"}],"wp:attachment":[{"href":"http:\/\/roczyny.duszpasterstwa.bielsko.pl\/index.php?rest_route=%2Fwp%2Fv2%2Fmedia&parent=1792"}],"wp:term":[{"taxonomy":"category","embeddable":true,"href":"http:\/\/roczyny.duszpasterstwa.bielsko.pl\/index.php?rest_route=%2Fwp%2Fv2%2Fcategories&post=1792"},{"taxonomy":"post_tag","embeddable":true,"href":"http:\/\/roczyny.duszpasterstwa.bielsko.pl\/index.php?rest_route=%2Fwp%2Fv2%2Ftags&post=1792"}],"curies":[{"name":"wp","href":"https:\/\/api.w.org\/{rel}","templated":true}]}}