{"id":17691,"date":"2024-04-13T07:49:13","date_gmt":"2024-04-13T05:49:13","guid":{"rendered":"http:\/\/roczyny.duszpasterstwa.bielsko.pl\/?p=17691"},"modified":"2024-04-13T07:49:13","modified_gmt":"2024-04-13T05:49:13","slug":"ogloszenia-parafialne-iii-niedziela-wielkanocna","status":"publish","type":"post","link":"http:\/\/roczyny.duszpasterstwa.bielsko.pl\/?p=17691","title":{"rendered":"OG\u0141OSZENIA PARAFIALNE &#8211; III NIEDZIELA WIELKANOCNA&#8230;"},"content":{"rendered":"<h3 style=\"font-weight: 400;\"><strong><u>I I I&nbsp;&nbsp;&nbsp; N I E D Z I E L A&nbsp;&nbsp; W I E L K A N O C N A<\/u><\/strong>&nbsp; (14.o4.2024r.)<\/h3>\n<h3 style=\"font-weight: 400;\">Dzi\u015b przypada III-cia niedziela wielkanocna, kt\u00f3r\u0105 prze\u017cywamy jako Niedziel\u0119 Biblijn\u0105.<\/h3>\n<h3 style=\"font-weight: 400;\">Przysz\u0142a niedziela wielkanocna, zwana Niedziel\u0105 Dobrego Pasterza rozpoczyna Tydzie\u0144 modlitw o powo\u0142ania do s\u0142u\u017cby w Ko\u015bciele.<\/h3>\n<h3 style=\"font-weight: 400;\"><strong><em>I N T E N C J E&nbsp;&nbsp; M S Z Y&nbsp;&nbsp; \u015a W.<\/em><\/strong><\/h3>\n<h3 style=\"font-weight: 400;\">Poniedzia\u0142ek(15)<\/h3>\n<h3 style=\"font-weight: 400;\">&nbsp;&nbsp; godz.6.3o&nbsp;&nbsp; &#8211; +Mari\u0119 Wojtaszek<\/h3>\n<h3 style=\"font-weight: 400;\">&nbsp;&nbsp; godz.18.oo &#8211; +Stanis\u0142awa Sordyl 4 r. \u015bm. z \u017con\u0105 Krystyn\u0105<\/h3>\n<h3 style=\"font-weight: 400;\">Wtorek(16)<\/h3>\n<h3 style=\"font-weight: 400;\">&nbsp;&nbsp; godz.6.3o&nbsp;&nbsp; &#8211; +Stanis\u0142awa Kami\u0144skiego 3 r. \u015bm.<\/h3>\n<h3 style=\"font-weight: 400;\">&nbsp;&nbsp; godz.18.oo &#8211; +Jadwig\u0119 Krucza\u0142a 12 r. \u015bm. z m\u0119\u017cem Micha\u0142em<\/h3>\n<h3 style=\"font-weight: 400;\">\u015aroda(17)<\/h3>\n<h3 style=\"font-weight: 400;\">&nbsp;&nbsp; godz.6.3o&nbsp;&nbsp; &#8211; +Ma\u0142gorzat\u0119 G\u00f3ral 13 r. \u015bm.<\/h3>\n<h3 style=\"font-weight: 400;\">&nbsp;&nbsp; godz.18.oo &#8211; +Joann\u0119 \u017bydek 30 r. \u015bm. z m\u0119\u017cem W\u0142adys\u0142awem z c\u00f3rk\u0105 Urszul\u0105<\/h3>\n<h3 style=\"font-weight: 400;\">&nbsp;&nbsp;&nbsp;&nbsp;&nbsp;&nbsp;&nbsp;&nbsp;&nbsp;&nbsp;&nbsp;&nbsp;&nbsp;&nbsp;&nbsp;&nbsp;&nbsp;&nbsp;&nbsp;&nbsp;&nbsp;&nbsp; &nbsp;&nbsp;&nbsp;&nbsp;synem W\u0142adys\u0142awem<\/h3>\n<h3 style=\"font-weight: 400;\">Czwartek(18)<\/h3>\n<h3 style=\"font-weight: 400;\">&nbsp;&nbsp; godz.6.3o&nbsp;&nbsp; &#8211; +Rudolfa Maciejczyk z c\u00f3rk\u0105 Ann\u0105<\/h3>\n<h3 style=\"font-weight: 400;\">&nbsp;&nbsp; godz.18.oo \u2013 W int. Marii w 1-sz\u0105 r. urodzin o zdrowie i b\u0142. Bo\u017ce<\/h3>\n<h3 style=\"font-weight: 400;\">Pi\u0105tek(19)<\/h3>\n<h3 style=\"font-weight: 400;\">&nbsp;&nbsp; godz.6.3o&nbsp;&nbsp;&nbsp; &#8211; +Ryszarda Talar w 30-ty dzie\u0144 po \u015bmierci<\/h3>\n<h3 style=\"font-weight: 400;\">&nbsp;&nbsp; godz.18.oo &#8211; +Tadeusza Magier\u0119 z rodzicami<\/h3>\n<h3 style=\"font-weight: 400;\">Sobota(20)<\/h3>\n<h3 style=\"font-weight: 400;\">&nbsp;&nbsp; godz.6.3o&nbsp;&nbsp;&nbsp; &#8211; +Jana Fimber z rodzicami<\/h3>\n<h3 style=\"font-weight: 400;\">&nbsp;&nbsp; godz.18.oo \u2013 W int. Jana i Krystyny w 50-t\u0105 r. \u015blubu<\/h3>\n<h3 style=\"font-weight: 400;\">Niedziela(21)<\/h3>\n<h3 style=\"font-weight: 400;\">&nbsp;&nbsp; godz.7.oo&nbsp;&nbsp; &#8211; +Stanis\u0142awa Helen\u0119 Rajda z synem ks. Janem<\/h3>\n<h3 style=\"font-weight: 400;\">&nbsp;&nbsp;&nbsp;&nbsp;&nbsp;&nbsp;&nbsp;&nbsp;&nbsp;&nbsp;&nbsp;&nbsp;&nbsp;&nbsp;&nbsp;&nbsp;&nbsp;&nbsp;&nbsp;&nbsp; &nbsp;&nbsp;&nbsp;&#8211; +J\u00f3zef\u0119 Jana Bylica z zi\u0119ciem Marianem<\/h3>\n<h3 style=\"font-weight: 400;\">&nbsp;&nbsp; godz. 9.oo &nbsp;&#8211; +Wojciecha Iren\u0119 Paluch z synow\u0105 i synami<\/h3>\n<h3 style=\"font-weight: 400;\">&nbsp;&nbsp;&nbsp;&nbsp;&nbsp;&nbsp;&nbsp;&nbsp;&nbsp;&nbsp;&nbsp;&nbsp;&nbsp;&nbsp;&nbsp;&nbsp;&nbsp;&nbsp; &nbsp;&nbsp;&nbsp;&nbsp;&nbsp;&#8211; W int. Bogu wiadomej<\/h3>\n<h3 style=\"font-weight: 400;\">&nbsp;&nbsp; godz.11.oo &#8211; +J\u00f3zefa Bronis\u0142aw\u0119 Pabi\u015b z synem J\u00f3zefem, Kazimierzem z synow\u0105 Teres\u0105<\/h3>\n<h3 style=\"font-weight: 400;\">&nbsp;&nbsp;&nbsp;&nbsp;&nbsp;&nbsp;&nbsp;&nbsp;&nbsp;&nbsp;&nbsp;&nbsp;&nbsp;&nbsp;&nbsp;&nbsp;&nbsp;&nbsp;&nbsp;&nbsp;&nbsp;&nbsp;&nbsp;&nbsp; &#8211; +Rozali\u0119 Adama Pabi\u015b, W\u0142adys\u0142aw\u0119 Antoniego Piko\u0144<\/h3>\n<h3 style=\"font-weight: 400;\">&nbsp;&nbsp; godz.15.oo &#8211; +Tomasza Rajd\u0119 8 r. \u015bm.<\/h3>\n<h3 style=\"font-weight: 400;\">&nbsp;&nbsp;&nbsp;&nbsp;&nbsp;&nbsp;&nbsp;&nbsp;&nbsp;&nbsp;&nbsp;&nbsp;&nbsp;&nbsp;&nbsp;&nbsp;&nbsp;&nbsp;&nbsp;&nbsp;&nbsp;&nbsp;&nbsp;&nbsp; &#8211; O b\u0142. Bo\u017ce dla rodziny Bryndz\u00f3w<\/h3>\n","protected":false},"excerpt":{"rendered":"<p>I I I&nbsp;&nbsp;&nbsp; N I E D Z I E L A&nbsp;&nbsp; W I E L K A N O <a class=\"read-more\" href=\"http:\/\/roczyny.duszpasterstwa.bielsko.pl\/?p=17691\">czytaj dalej<\/a><\/p>\n","protected":false},"author":2,"featured_media":17672,"comment_status":"closed","ping_status":"open","sticky":false,"template":"","format":"standard","meta":{"ngg_post_thumbnail":0,"footnotes":""},"categories":[15,12],"tags":[],"class_list":["post-17691","post","type-post","status-publish","format-standard","has-post-thumbnail","hentry","category-aktualnosci","category-ogloszenia-parafialne","post-item clearfix"],"_links":{"self":[{"href":"http:\/\/roczyny.duszpasterstwa.bielsko.pl\/index.php?rest_route=\/wp\/v2\/posts\/17691"}],"collection":[{"href":"http:\/\/roczyny.duszpasterstwa.bielsko.pl\/index.php?rest_route=\/wp\/v2\/posts"}],"about":[{"href":"http:\/\/roczyny.duszpasterstwa.bielsko.pl\/index.php?rest_route=\/wp\/v2\/types\/post"}],"author":[{"embeddable":true,"href":"http:\/\/roczyny.duszpasterstwa.bielsko.pl\/index.php?rest_route=\/wp\/v2\/users\/2"}],"replies":[{"embeddable":true,"href":"http:\/\/roczyny.duszpasterstwa.bielsko.pl\/index.php?rest_route=%2Fwp%2Fv2%2Fcomments&post=17691"}],"version-history":[{"count":1,"href":"http:\/\/roczyny.duszpasterstwa.bielsko.pl\/index.php?rest_route=\/wp\/v2\/posts\/17691\/revisions"}],"predecessor-version":[{"id":17692,"href":"http:\/\/roczyny.duszpasterstwa.bielsko.pl\/index.php?rest_route=\/wp\/v2\/posts\/17691\/revisions\/17692"}],"wp:featuredmedia":[{"embeddable":true,"href":"http:\/\/roczyny.duszpasterstwa.bielsko.pl\/index.php?rest_route=\/wp\/v2\/media\/17672"}],"wp:attachment":[{"href":"http:\/\/roczyny.duszpasterstwa.bielsko.pl\/index.php?rest_route=%2Fwp%2Fv2%2Fmedia&parent=17691"}],"wp:term":[{"taxonomy":"category","embeddable":true,"href":"http:\/\/roczyny.duszpasterstwa.bielsko.pl\/index.php?rest_route=%2Fwp%2Fv2%2Fcategories&post=17691"},{"taxonomy":"post_tag","embeddable":true,"href":"http:\/\/roczyny.duszpasterstwa.bielsko.pl\/index.php?rest_route=%2Fwp%2Fv2%2Ftags&post=17691"}],"curies":[{"name":"wp","href":"https:\/\/api.w.org\/{rel}","templated":true}]}}