{"id":1692,"date":"2021-09-25T16:32:57","date_gmt":"2021-09-25T14:32:57","guid":{"rendered":"http:\/\/roczyny.duszpasterstwa.bielsko.pl\/?p=1692"},"modified":"2021-09-25T16:32:57","modified_gmt":"2021-09-25T14:32:57","slug":"ogloszenia-i-intencje-xxvi-niedziela-zwykla","status":"publish","type":"post","link":"http:\/\/roczyny.duszpasterstwa.bielsko.pl\/?p=1692","title":{"rendered":"OG\u0141OSZENIA I INTENCJE &#8211; XXVI NIEDZIELA ZWYK\u0141A&#8230;"},"content":{"rendered":"<h3><strong><u>X X V I&nbsp;&nbsp;&nbsp; N I E D Z I E L A&nbsp;&nbsp; Z W Y K \u0141 A<\/u><\/strong>&nbsp; (26.o9.2021r.)<\/h3>\n<h3>&nbsp;<\/h3>\n<h3>Poniedzia\u0142ek \u2013 wsp. \u015bw. Wincentego a Paulo, kap\u0142.<\/h3>\n<h3>Wtorek&nbsp;&nbsp;&nbsp;&nbsp;&nbsp;&nbsp;&nbsp;&nbsp;&nbsp;&nbsp; &#8211; wsp. \u015bw. Wac\u0142awa, m.<\/h3>\n<h3>\u015aroda&nbsp;&nbsp;&nbsp;&nbsp;&nbsp;&nbsp;&nbsp;&nbsp;&nbsp;&nbsp;&nbsp;&nbsp;&nbsp; &#8211; \u015bwi\u0119to \u015bwi\u0119tych Archanio\u0142\u00f3w Micha\u0142a, Gabriela, Rafa\u0142a<\/h3>\n<h3>Czwartek&nbsp;&nbsp;&nbsp;&nbsp;&nbsp;&nbsp;&nbsp; &#8211; wsp. \u015bw. Hieronima, kap\u0142. i dK<\/h3>\n<h3>Pi\u0105tek&nbsp;&nbsp;&nbsp;&nbsp;&nbsp;&nbsp;&nbsp;&nbsp;&nbsp;&nbsp;&nbsp;&nbsp;&nbsp; &#8211; 1 pa\u017adziernika \u2013 wsp. \u015bw. Teresy od Dzieci\u0105tka Jezus, dz. i dK<\/h3>\n<h3>&nbsp;&nbsp;&nbsp;&nbsp;&nbsp;&nbsp;&nbsp;&nbsp;&nbsp;&nbsp;&nbsp;&nbsp;&nbsp;&nbsp;&nbsp;&nbsp;&nbsp;&nbsp;&nbsp;&nbsp;&nbsp;&nbsp;&nbsp;&nbsp;&nbsp; W tym dniu rozpoczynamy nabo\u017ce\u0144stwa r\u00f3\u017ca\u0144cowe, kt\u00f3re b\u0119d\u0105<\/h3>\n<h3>&nbsp;&nbsp;&nbsp;&nbsp;&nbsp;&nbsp;&nbsp;&nbsp;&nbsp;&nbsp;&nbsp;&nbsp;&nbsp;&nbsp;&nbsp;&nbsp;&nbsp;&nbsp;&nbsp;&nbsp;&nbsp;&nbsp;&nbsp;&nbsp;&nbsp;&nbsp; odprawiane po Mszy \u015bw. wieczornej.<\/h3>\n<h3>Sobota&nbsp;&nbsp;&nbsp;&nbsp;&nbsp;&nbsp;&nbsp;&nbsp;&nbsp;&nbsp;&nbsp;&nbsp; &#8211; wsp. \u015bw. Anio\u0142\u00f3w Str\u00f3\u017c\u00f3w<\/h3>\n<h3>W tym tygodniu I-wszy pi\u0105tek miesi\u0105ca.<\/h3>\n<h3>&nbsp;<\/h3>\n<h3><strong><em>I N T E N C J E&nbsp;&nbsp; M S Z Y&nbsp;&nbsp; \u015a W.<\/em><\/strong><\/h3>\n<h3>Poniedzia\u0142ek(27)<\/h3>\n<h3>&nbsp;&nbsp; godz.6.3o&nbsp;&nbsp; &#8211; +J\u00f3zefa \u0141yso\u0144<\/h3>\n<h3>&nbsp;&nbsp; godz.18.oo &#8211; +J\u00f3zef\u0119 Leona Karcz<\/h3>\n<h3>Wtorek(28)<\/h3>\n<h3>&nbsp;&nbsp; godz.6.3o&nbsp;&nbsp; &#8211; +Eugeniusza \u017bydek<\/h3>\n<h3>&nbsp;&nbsp; godz.18.oo &#8211; +Ann\u0119 Kastelik z wnuczk\u0105 Teres\u0105<\/h3>\n<h3>\u015aroda(29)<\/h3>\n<h3>&nbsp;&nbsp; godz.6.3o&nbsp;&nbsp; &#8211; +Micha\u0142a Krucza\u0142a z Jadwig\u0105 \u017con\u0105<\/h3>\n<h3>&nbsp;&nbsp; godz.18.oo \u2013 O zdrowie i b\u0142. Bo\u017ce oraz opiek\u0119 Matki Bo\u017cej w rodzinach<\/h3>\n<h3>&nbsp;&nbsp;&nbsp;&nbsp;&nbsp;&nbsp;&nbsp;&nbsp;&nbsp;&nbsp;&nbsp;&nbsp;&nbsp;&nbsp;&nbsp;&nbsp;&nbsp;&nbsp;&nbsp;&nbsp;&nbsp;&nbsp;&nbsp;&nbsp;&nbsp; z R\u00f3\u017cy b\u0142. ks. Jerzego Popie\u0142uszki<\/h3>\n<h3>Czwartek(30)<\/h3>\n<h3>&nbsp;&nbsp; godz.6.3o&nbsp;&nbsp; &#8211; +Eugeniusza \u017bydek<\/h3>\n<h3>&nbsp;&nbsp; godz.18.oo &#8211; +Micha\u0142a Jo\u0144czy 25 r. \u015bm. z bratem Janem<\/h3>\n<h3>Pi\u0105tek(1)<\/h3>\n<h3>&nbsp;&nbsp; godz.6.3o&nbsp;&nbsp; &#8211; +Alojz\u0119 Bia\u0142o\u017cyt<\/h3>\n<h3>&nbsp;&nbsp; godz.18.oo \u2013 W int. Ojczyzny i zmar\u0142ych w czasi II-giej wojny \u015bwiatowej<\/h3>\n<h3>Sobota(2)<\/h3>\n<h3>&nbsp;&nbsp; godz.6.3o&nbsp;&nbsp; &#8211; +Mari\u0119 Babi\u0144sk\u0105 r. \u015bm. J\u00f3zefa m\u0119\u017ca<\/h3>\n<h3>&nbsp;&nbsp; godz.18.oo &#8211; +Eugeni\u0119 Stanis\u0142awa Mazgaj<\/h3>\n<h3>Niedziela(3)<\/h3>\n<h3>&nbsp;&nbsp; godz.7.oo&nbsp;&nbsp; &#8211; O dobre urodzaje od mieszka\u0144c\u00f3w z ul Dzia\u0142y<\/h3>\n<h3>&nbsp;&nbsp;&nbsp;&nbsp;&nbsp;&nbsp;&nbsp;&nbsp;&nbsp;&nbsp;&nbsp;&nbsp;&nbsp;&nbsp;&nbsp;&nbsp;&nbsp;&nbsp;&nbsp;&nbsp;&nbsp;&nbsp; &#8211; +Franciszka Macio\u0142<\/h3>\n<h3>&nbsp;&nbsp; godz.9.oo&nbsp;&nbsp; &#8211; +Tomasza Lewandowskiego 20 r. \u015bm.<\/h3>\n<h3>&nbsp;&nbsp;&nbsp;&nbsp;&nbsp;&nbsp;&nbsp;&nbsp;&nbsp;&nbsp;&nbsp;&nbsp;&nbsp;&nbsp;&nbsp;&nbsp;&nbsp;&nbsp;&nbsp;&nbsp;&nbsp;&nbsp; &#8211; +Ann\u0119 Stanek r. \u015bm. z m\u0119\u017cem Tadeuszem<\/h3>\n<h3>&nbsp;&nbsp; godz.11.oo &#8211; +W\u0142adys\u0142awa Sordyl z \u017con\u0105 Stanis\u0142aw\u0105 \u2013 od najbli\u017cszych<\/h3>\n<h3>&nbsp;&nbsp;&nbsp;&nbsp;&nbsp;&nbsp;&nbsp;&nbsp;&nbsp;&nbsp;&nbsp;&nbsp;&nbsp;&nbsp;&nbsp;&nbsp;&nbsp;&nbsp;&nbsp;&nbsp;&nbsp;&nbsp; &#8211; +Antoniego Szypu\u0142\u0119 2 r. \u015bm. z rodzicami od \u017cony<\/h3>\n<h3>&nbsp;&nbsp; godz.15.oo &#8211; +Weronik\u0119 Zieli\u0144sk\u0105 z m\u0119\u017cem Stanis\u0142awem<\/h3>\n<h3>&nbsp;&nbsp;&nbsp;&nbsp;&nbsp;&nbsp;&nbsp;&nbsp;&nbsp;&nbsp;&nbsp;&nbsp;&nbsp;&nbsp;&nbsp;&nbsp;&nbsp;&nbsp;&nbsp;&nbsp; &nbsp;&nbsp;&#8211; O zdrowie i b\u0142. Bo\u017ce na dalsze lata \u017cycia zakonnego dla s. Ludwiny<\/h3>\n<h3>&nbsp;&nbsp;&nbsp;&nbsp;&nbsp;&nbsp;&nbsp;&nbsp;&nbsp;&nbsp;&nbsp;&nbsp;&nbsp;&nbsp;&nbsp;&nbsp;&nbsp;&nbsp;&nbsp;&nbsp;&nbsp;&nbsp;&nbsp;&nbsp;&nbsp; \u015alesak w 70 r. urodzin<\/h3>\n","protected":false},"excerpt":{"rendered":"<p>X X V I&nbsp;&nbsp;&nbsp; N I E D Z I E L A&nbsp;&nbsp; Z W Y K \u0141 A&nbsp; (26.o9.2021r.) <a class=\"read-more\" href=\"http:\/\/roczyny.duszpasterstwa.bielsko.pl\/?p=1692\">czytaj dalej<\/a><\/p>\n","protected":false},"author":2,"featured_media":1693,"comment_status":"closed","ping_status":"open","sticky":false,"template":"","format":"standard","meta":{"ngg_post_thumbnail":0,"footnotes":""},"categories":[15,12],"tags":[],"class_list":["post-1692","post","type-post","status-publish","format-standard","has-post-thumbnail","hentry","category-aktualnosci","category-ogloszenia-parafialne","post-item clearfix"],"_links":{"self":[{"href":"http:\/\/roczyny.duszpasterstwa.bielsko.pl\/index.php?rest_route=\/wp\/v2\/posts\/1692"}],"collection":[{"href":"http:\/\/roczyny.duszpasterstwa.bielsko.pl\/index.php?rest_route=\/wp\/v2\/posts"}],"about":[{"href":"http:\/\/roczyny.duszpasterstwa.bielsko.pl\/index.php?rest_route=\/wp\/v2\/types\/post"}],"author":[{"embeddable":true,"href":"http:\/\/roczyny.duszpasterstwa.bielsko.pl\/index.php?rest_route=\/wp\/v2\/users\/2"}],"replies":[{"embeddable":true,"href":"http:\/\/roczyny.duszpasterstwa.bielsko.pl\/index.php?rest_route=%2Fwp%2Fv2%2Fcomments&post=1692"}],"version-history":[{"count":1,"href":"http:\/\/roczyny.duszpasterstwa.bielsko.pl\/index.php?rest_route=\/wp\/v2\/posts\/1692\/revisions"}],"predecessor-version":[{"id":1694,"href":"http:\/\/roczyny.duszpasterstwa.bielsko.pl\/index.php?rest_route=\/wp\/v2\/posts\/1692\/revisions\/1694"}],"wp:featuredmedia":[{"embeddable":true,"href":"http:\/\/roczyny.duszpasterstwa.bielsko.pl\/index.php?rest_route=\/wp\/v2\/media\/1693"}],"wp:attachment":[{"href":"http:\/\/roczyny.duszpasterstwa.bielsko.pl\/index.php?rest_route=%2Fwp%2Fv2%2Fmedia&parent=1692"}],"wp:term":[{"taxonomy":"category","embeddable":true,"href":"http:\/\/roczyny.duszpasterstwa.bielsko.pl\/index.php?rest_route=%2Fwp%2Fv2%2Fcategories&post=1692"},{"taxonomy":"post_tag","embeddable":true,"href":"http:\/\/roczyny.duszpasterstwa.bielsko.pl\/index.php?rest_route=%2Fwp%2Fv2%2Ftags&post=1692"}],"curies":[{"name":"wp","href":"https:\/\/api.w.org\/{rel}","templated":true}]}}