{"id":1690,"date":"2021-09-23T22:59:48","date_gmt":"2021-09-23T20:59:48","guid":{"rendered":"http:\/\/roczyny.duszpasterstwa.bielsko.pl\/?p=1690"},"modified":"2021-10-13T23:47:11","modified_gmt":"2021-10-13T21:47:11","slug":"paintball-walki-wojownikow-cz-iii","status":"publish","type":"post","link":"http:\/\/roczyny.duszpasterstwa.bielsko.pl\/?p=1690","title":{"rendered":"PAINTBALL &#8211; walki WOJOWNIK\u00d3W&#8230; Cz. III"},"content":{"rendered":"<h3>Odrobin\u0119 emocji na \u017cywo&#8230;<\/h3>\n<h3>Kliknij poni\u017csze linki<\/h3>\n<p>&nbsp;<\/p>\n<p><a href=\"http:\/\/roczyny.duszpasterstwa.bielsko.pl\/wp-content\/uploads\/2021\/09\/IMG_2100.mov\">WALKI CZ. I<\/a><\/p>\n<p><a href=\"http:\/\/roczyny.duszpasterstwa.bielsko.pl\/wp-content\/uploads\/2021\/09\/IMG_2062.mov\">WALKI CZ. II<\/a><\/p>\n<p><a href=\"http:\/\/roczyny.duszpasterstwa.bielsko.pl\/wp-content\/uploads\/2021\/09\/IMG_2044.mov\">WALKI CZ. III<\/a><\/p>\n","protected":false},"excerpt":{"rendered":"<p>Odrobin\u0119 emocji na \u017cywo&#8230; Kliknij poni\u017csze linki &nbsp; WALKI CZ. I WALKI CZ. II WALKI CZ. III<\/p>\n","protected":false},"author":2,"featured_media":1620,"comment_status":"closed","ping_status":"open","sticky":false,"template":"","format":"standard","meta":{"ngg_post_thumbnail":0,"footnotes":""},"categories":[15,21],"tags":[],"class_list":["post-1690","post","type-post","status-publish","format-standard","has-post-thumbnail","hentry","category-aktualnosci","category-ministranci","post-item clearfix"],"_links":{"self":[{"href":"http:\/\/roczyny.duszpasterstwa.bielsko.pl\/index.php?rest_route=\/wp\/v2\/posts\/1690"}],"collection":[{"href":"http:\/\/roczyny.duszpasterstwa.bielsko.pl\/index.php?rest_route=\/wp\/v2\/posts"}],"about":[{"href":"http:\/\/roczyny.duszpasterstwa.bielsko.pl\/index.php?rest_route=\/wp\/v2\/types\/post"}],"author":[{"embeddable":true,"href":"http:\/\/roczyny.duszpasterstwa.bielsko.pl\/index.php?rest_route=\/wp\/v2\/users\/2"}],"replies":[{"embeddable":true,"href":"http:\/\/roczyny.duszpasterstwa.bielsko.pl\/index.php?rest_route=%2Fwp%2Fv2%2Fcomments&post=1690"}],"version-history":[{"count":1,"href":"http:\/\/roczyny.duszpasterstwa.bielsko.pl\/index.php?rest_route=\/wp\/v2\/posts\/1690\/revisions"}],"predecessor-version":[{"id":1691,"href":"http:\/\/roczyny.duszpasterstwa.bielsko.pl\/index.php?rest_route=\/wp\/v2\/posts\/1690\/revisions\/1691"}],"wp:featuredmedia":[{"embeddable":true,"href":"http:\/\/roczyny.duszpasterstwa.bielsko.pl\/index.php?rest_route=\/wp\/v2\/media\/1620"}],"wp:attachment":[{"href":"http:\/\/roczyny.duszpasterstwa.bielsko.pl\/index.php?rest_route=%2Fwp%2Fv2%2Fmedia&parent=1690"}],"wp:term":[{"taxonomy":"category","embeddable":true,"href":"http:\/\/roczyny.duszpasterstwa.bielsko.pl\/index.php?rest_route=%2Fwp%2Fv2%2Fcategories&post=1690"},{"taxonomy":"post_tag","embeddable":true,"href":"http:\/\/roczyny.duszpasterstwa.bielsko.pl\/index.php?rest_route=%2Fwp%2Fv2%2Ftags&post=1690"}],"curies":[{"name":"wp","href":"https:\/\/api.w.org\/{rel}","templated":true}]}}