{"id":1493,"date":"2021-09-18T08:47:59","date_gmt":"2021-09-18T06:47:59","guid":{"rendered":"http:\/\/roczyny.duszpasterstwa.bielsko.pl\/?p=1493"},"modified":"2021-09-18T08:52:13","modified_gmt":"2021-09-18T06:52:13","slug":"1493","status":"publish","type":"post","link":"http:\/\/roczyny.duszpasterstwa.bielsko.pl\/?p=1493","title":{"rendered":"OG\u0141OSZENIA i INTENCJE &#8211; XXV Niedziela Zwyk\u0142a&#8230;"},"content":{"rendered":"<h4><span style=\"color: #333300;\"><strong><u>X X V&nbsp;&nbsp;&nbsp; N I E D Z I E L A&nbsp;&nbsp; Z W Y K \u0141 A<\/u><\/strong>&nbsp; (19.09.2121r.)<\/span><\/h4>\n<h4>Poniedzia\u0142ek \u2013 wspomnienie \u015bwi\u0119tych m\u0119czennik\u00f3w Andrzeja Kim Taegon, kap\u0142.&nbsp;i Towarzyszy<\/h4>\n<h4>Wtorek&nbsp;&nbsp;&nbsp;&nbsp;&nbsp;&nbsp;&nbsp;&nbsp;&nbsp;&nbsp;&nbsp; &#8211; \u015bwi\u0119to \u015bw. Mateusza, Ap. i Ew.<\/h4>\n<h4>Czwartek&nbsp;&nbsp;&nbsp;&nbsp;&nbsp;&nbsp;&nbsp;&nbsp; &#8211; wsp. \u015bw. Pio, kap\u0142.<\/h4>\n<h4>Pi\u0105tek&nbsp;&nbsp;&nbsp;&nbsp;&nbsp;&nbsp;&nbsp;&nbsp;&nbsp;&nbsp;&nbsp;&nbsp;&nbsp;&nbsp; &#8211; \u015bwi\u0119to Rocznicy po\u015bwi\u0119cenia ko\u015bcio\u0142a katedralnego w Bielsku-Bia\u0142ej<\/h4>\n<h4><span style=\"color: #ff0000;\">W \u015brod\u0119 22 wrze\u015bnia na msze \u015bw. o godz. 18.00 a po niej na <strong>spotkanie formacyjne przygotowuj\u0105ce do sakramentu bierzmowania \u2013 zapraszamy<\/strong> m\u0142odzie\u017c klas VIII<\/span><\/h4>\n<h4><span style=\"color: #0000ff;\"><strong>Zapraszamy serdecznie do udzia\u0142u w kwe\u015bcie naa rzecz pacjent\u00f3w Domowego Hospicjum w Andrychowie, kt\u00f3ra odb\u0119dzie si\u0119 26 wrze\u015bnia w naszej parafii.<\/strong><\/span><\/h4>\n<h4><span style=\"color: #0000ff;\"><strong>Zebrane datki zostan\u0105 przeznaczone na zakup koncentrat\u00f3w tlenu, \u0142\u00f3\u017cek rehabilitacyjnych, inhalator\u00f3w, ssak\u00f3w elektrycznych, pulsoksymetr\u00f3w, pomp strzykawkowych i materacy przeciwodle\u017cynowych.<\/strong><\/span><\/h4>\n<h4><strong><em>&nbsp;<\/em><\/strong><\/h4>\n<h4><strong><em>&nbsp;<\/em><\/strong><\/h4>\n<h4><span style=\"color: #333300;\"><strong><em>I N T E N C J E&nbsp;&nbsp; M S Z Y&nbsp;&nbsp; \u015a W.<\/em><\/strong><\/span><\/h4>\n<h4>Poniedzia\u0142ek(20)<\/h4>\n<h4>&nbsp;&nbsp; godz.6.3o&nbsp;&nbsp; &#8211; +Tadeusza Szub\u0119<\/h4>\n<h4>&nbsp;&nbsp; godz.18.oo \u2013 +J\u00f3zef\u0119 Zieli\u0144sk\u0105 Jana m\u0119\u017ca<\/h4>\n<h4>Wtorek(21)<\/h4>\n<h4>&nbsp;&nbsp; godz.63o&nbsp;&nbsp; &#8211; +Eugeniusza \u017bydek<\/h4>\n<h4>&nbsp;&nbsp; godz.18.oo \u2013 +Stanis\u0142awa Sordyl z rodzicami Mari\u0105 i Stanis\u0142awem&nbsp;\u015aroda(22)<\/h4>\n<h4>&nbsp;&nbsp; godz.6.3o&nbsp;&nbsp; &#8211; +J\u00f3zefa Magier\u0119<\/h4>\n<h4>&nbsp;&nbsp; godz.18.oo \u2013 Za zmar\u0142e cz\u0142onkinie z R\u00f3\u017cy b\u0142. ks. Jerzego Popie\u0142uszki<\/h4>\n<h4>Czwartek(23)<\/h4>\n<h4>&nbsp;&nbsp; godz.6.3o&nbsp;&nbsp; &#8211; +Alfreda Pawi\u0144skiego<\/h4>\n<h4>&nbsp;&nbsp; godz.18.oo \u2013 +Wand\u0119 i Mari\u0119 oraz ich rodzic\u00f3w<\/h4>\n<h4>Pi\u0105tek(24)<\/h4>\n<h4>&nbsp;&nbsp; godz.6.3o&nbsp;&nbsp; &#8211; +J\u00f3zefa \u0141yso\u0144<\/h4>\n<h4>&nbsp;&nbsp; godz.18.oo \u2013 +Ryszarda Czubak<\/h4>\n<h4>Sobota(25)<\/h4>\n<h4>&nbsp;&nbsp; godz.6.3o&nbsp;&nbsp; &#8211; +J\u00f3zefa Magier\u0119<\/h4>\n<h4>&nbsp;&nbsp; godz.18.oo \u2013 +J\u00f3zefa Burego z rodzicami 18 r. \u015bm. od \u017cony z dzie\u0107mi<\/h4>\n<h4>Niedziela(26)<\/h4>\n<h4>&nbsp;&nbsp; godz.7.oo&nbsp;&nbsp; &#8211; +ks. Zygmunta Ku\u017am\u0119 z bratem i rodzicami<\/h4>\n<h4>&nbsp;&nbsp;&nbsp;&nbsp;&nbsp;&nbsp;&nbsp;&nbsp;&nbsp;&nbsp;&nbsp;&nbsp;&nbsp;&nbsp;&nbsp;&nbsp;&nbsp;&nbsp;&nbsp;&nbsp;&nbsp;&nbsp;&nbsp; &#8211; +Alfreda Pawi\u0144skiego<\/h4>\n<h4>&nbsp;&nbsp; godz.9.oo&nbsp;&nbsp; &#8211; W int. Zofii i Zdzis\u0142awa w 40-t\u0105 r. \u015blubu<\/h4>\n<h4>&nbsp;&nbsp;&nbsp;&nbsp;&nbsp;&nbsp;&nbsp;&nbsp;&nbsp;&nbsp;&nbsp;&nbsp;&nbsp;&nbsp;&nbsp;&nbsp;&nbsp;&nbsp;&nbsp;&nbsp;&nbsp;&nbsp;&nbsp; &#8211; W int. ofiarodawc\u00f3w I-wszego o\u0142tarza Bo\u017cego Cia\u0142a<\/h4>\n<h4>&nbsp;&nbsp; godz.11.oo \u2013 +Mari\u0119 i Mieczys\u0142awa Pacholarz 3 r. \u015bm.<\/h4>\n<h4>&nbsp;&nbsp;&nbsp;&nbsp;&nbsp;&nbsp;&nbsp;&nbsp;&nbsp;&nbsp;&nbsp;&nbsp;&nbsp;&nbsp;&nbsp;&nbsp;&nbsp;&nbsp;&nbsp;&nbsp;&nbsp;&nbsp;&nbsp;&nbsp; &#8211; +Leszka Rajd\u0119 z rodzicami Emili\u0105 i W\u0142adys\u0142awem, Leokadi\u0119 Stanis\u0142awa&nbsp;Sordyl<\/h4>\n<h4>&nbsp;&nbsp; godz.15.oo \u2013W int. El\u017cbiety i Janusza w 25-t\u0105 r. \u015blubu<\/h4>\n<h4>&nbsp;&nbsp;&nbsp;&nbsp;&nbsp;&nbsp;&nbsp;&nbsp;&nbsp;&nbsp;&nbsp;&nbsp;&nbsp;&nbsp;&nbsp;&nbsp;&nbsp;&nbsp;&nbsp;&nbsp;&nbsp;&nbsp;&nbsp;&nbsp; &#8211; Dzi\u0119kczynna w 50-t\u0105 r. urodzin z pro\u015bb\u0105 o zdrowie i b\u0142. Bo\u017ce i opiek\u0119.&nbsp;Matki Bo\u017cej dla Gra\u017cyny<\/h4>\n","protected":false},"excerpt":{"rendered":"<p>X X V&nbsp;&nbsp;&nbsp; N I E D Z I E L A&nbsp;&nbsp; Z W Y K \u0141 A&nbsp; (19.09.2121r.) Poniedzia\u0142ek <a class=\"read-more\" href=\"http:\/\/roczyny.duszpasterstwa.bielsko.pl\/?p=1493\">czytaj dalej<\/a><\/p>\n","protected":false},"author":2,"featured_media":1494,"comment_status":"closed","ping_status":"open","sticky":false,"template":"","format":"standard","meta":{"ngg_post_thumbnail":0,"footnotes":""},"categories":[15,12],"tags":[],"class_list":["post-1493","post","type-post","status-publish","format-standard","has-post-thumbnail","hentry","category-aktualnosci","category-ogloszenia-parafialne","post-item clearfix"],"_links":{"self":[{"href":"http:\/\/roczyny.duszpasterstwa.bielsko.pl\/index.php?rest_route=\/wp\/v2\/posts\/1493"}],"collection":[{"href":"http:\/\/roczyny.duszpasterstwa.bielsko.pl\/index.php?rest_route=\/wp\/v2\/posts"}],"about":[{"href":"http:\/\/roczyny.duszpasterstwa.bielsko.pl\/index.php?rest_route=\/wp\/v2\/types\/post"}],"author":[{"embeddable":true,"href":"http:\/\/roczyny.duszpasterstwa.bielsko.pl\/index.php?rest_route=\/wp\/v2\/users\/2"}],"replies":[{"embeddable":true,"href":"http:\/\/roczyny.duszpasterstwa.bielsko.pl\/index.php?rest_route=%2Fwp%2Fv2%2Fcomments&post=1493"}],"version-history":[{"count":5,"href":"http:\/\/roczyny.duszpasterstwa.bielsko.pl\/index.php?rest_route=\/wp\/v2\/posts\/1493\/revisions"}],"predecessor-version":[{"id":1499,"href":"http:\/\/roczyny.duszpasterstwa.bielsko.pl\/index.php?rest_route=\/wp\/v2\/posts\/1493\/revisions\/1499"}],"wp:featuredmedia":[{"embeddable":true,"href":"http:\/\/roczyny.duszpasterstwa.bielsko.pl\/index.php?rest_route=\/wp\/v2\/media\/1494"}],"wp:attachment":[{"href":"http:\/\/roczyny.duszpasterstwa.bielsko.pl\/index.php?rest_route=%2Fwp%2Fv2%2Fmedia&parent=1493"}],"wp:term":[{"taxonomy":"category","embeddable":true,"href":"http:\/\/roczyny.duszpasterstwa.bielsko.pl\/index.php?rest_route=%2Fwp%2Fv2%2Fcategories&post=1493"},{"taxonomy":"post_tag","embeddable":true,"href":"http:\/\/roczyny.duszpasterstwa.bielsko.pl\/index.php?rest_route=%2Fwp%2Fv2%2Ftags&post=1493"}],"curies":[{"name":"wp","href":"https:\/\/api.w.org\/{rel}","templated":true}]}}