{"id":1486,"date":"2021-09-15T20:59:20","date_gmt":"2021-09-15T18:59:20","guid":{"rendered":"http:\/\/roczyny.duszpasterstwa.bielsko.pl\/?p=1486"},"modified":"2021-09-23T20:07:46","modified_gmt":"2021-09-23T18:07:46","slug":"spotkanie-zelatorow-roz-zywego-rozanca","status":"publish","type":"post","link":"http:\/\/roczyny.duszpasterstwa.bielsko.pl\/?p=1486","title":{"rendered":"Spotkanie ZELATOR\u00d3W R\u00f3\u017c \u017bywego R\u00f3\u017ca\u0144ca&#8230;"},"content":{"rendered":"<h3>R\u00d3\u017bE \u017bYWEGO R\u00d3\u017bA\u0143CA &#8211; to wsp\u00f3lnota, kt\u00f3ra le\u017cy mi na sercu&#8230; &#8211; duchowe zaplecze naszej parafii&#8230;<\/h3>\n<h3>Dzi\u015b spotka\u0142em si\u0119 z Zelatorami naszych R\u00f3\u017c. Chcia\u0142em zobaczy\u0107 jak nasze R\u00f3\u017cyczki si\u0119 maj\u0105 i co u nich s\u0142ycha\u0107&#8230;<\/h3>\n<h3>Odkry\u0142em R\u00f3\u017ce: \u015aw. Teresy od Dzieci\u0105tka Jezus, \u015aw. Jana Kantego, \u015aw. Maksymiliana, \u015aw. Jana Paw\u0142a II, \u015aw. Siostry Faustyny, \u015aw. Katarzyny, \u015aw. Brata Alberta, Rodzic\u00f3w za Dzieci \u015bw. Jana Paw\u0142a II., b\u0142. ks. Jerzego Popie\u0142uszki, \u015aw. Kr\u00f3lowej Jadwigi&#8230;<\/h3>\n<h3>Je\u017celi si\u0119 kt\u00f3ra\u015b zapodzia\u0142a prosz\u0119 o kontakt \/ks. Pawe\u0142 604057209; phubczak@op.pl\/<\/h3>\n<h3>Chcemy wznowi\u0107 r\u00f3\u017caniec niedzielny o godz. 8.30 &#8211; poszukujemy ch\u0119tnych do prowadzenia &#8211; kontakt z ks. Paw\u0142em<\/h3>\n<h3>Od pa\u017adziernika b\u0119dziemy si\u0119 spotykali ca\u0142\u0105 Wsp\u00f3lnot\u0105 R\u00f3\u017c &#8211; w pierwsze \u015brody miesi\u0105ca. Msza \u015bw. a po niej kr\u00f3tkie spotkanie formacyjne.<\/h3>\n<h3>Osoby pragn\u0105ce do\u0142\u0105czy\u0107 do naszej wsp\u00f3lnoty zapraszam do kontaktu ze mn\u0105&#8230;<\/h3>\n<h2><a href=\"http:\/\/roczyny.duszpasterstwa.bielsko.pl\/wp-content\/uploads\/2021\/09\/IMG_1802.jpeg\"><img fetchpriority=\"high\" decoding=\"async\" class=\"alignnone size-large wp-image-1488\" src=\"http:\/\/roczyny.duszpasterstwa.bielsko.pl\/wp-content\/uploads\/2021\/09\/IMG_1802-1024x768.jpeg\" alt=\"\" width=\"640\" height=\"480\" srcset=\"http:\/\/roczyny.duszpasterstwa.bielsko.pl\/wp-content\/uploads\/2021\/09\/IMG_1802-1024x768.jpeg 1024w, http:\/\/roczyny.duszpasterstwa.bielsko.pl\/wp-content\/uploads\/2021\/09\/IMG_1802-300x225.jpeg 300w, http:\/\/roczyny.duszpasterstwa.bielsko.pl\/wp-content\/uploads\/2021\/09\/IMG_1802-768x576.jpeg 768w, http:\/\/roczyny.duszpasterstwa.bielsko.pl\/wp-content\/uploads\/2021\/09\/IMG_1802-360x270.jpeg 360w\" sizes=\"(max-width: 640px) 100vw, 640px\" \/><\/a><\/h2>\n<p><a href=\"http:\/\/roczyny.duszpasterstwa.bielsko.pl\/wp-content\/uploads\/2021\/09\/IMG_1801.jpeg\"><img decoding=\"async\" class=\"alignnone size-large wp-image-1487\" src=\"http:\/\/roczyny.duszpasterstwa.bielsko.pl\/wp-content\/uploads\/2021\/09\/IMG_1801-1024x768.jpeg\" alt=\"\" width=\"640\" height=\"480\" srcset=\"http:\/\/roczyny.duszpasterstwa.bielsko.pl\/wp-content\/uploads\/2021\/09\/IMG_1801-1024x768.jpeg 1024w, http:\/\/roczyny.duszpasterstwa.bielsko.pl\/wp-content\/uploads\/2021\/09\/IMG_1801-300x225.jpeg 300w, http:\/\/roczyny.duszpasterstwa.bielsko.pl\/wp-content\/uploads\/2021\/09\/IMG_1801-768x576.jpeg 768w, http:\/\/roczyny.duszpasterstwa.bielsko.pl\/wp-content\/uploads\/2021\/09\/IMG_1801-360x270.jpeg 360w\" sizes=\"(max-width: 640px) 100vw, 640px\" \/><\/a><\/p>\n<p>&nbsp;<\/p>\n<p>&nbsp;<\/p>\n","protected":false},"excerpt":{"rendered":"<p>R\u00d3\u017bE \u017bYWEGO R\u00d3\u017bA\u0143CA &#8211; to wsp\u00f3lnota, kt\u00f3ra le\u017cy mi na sercu&#8230; &#8211; duchowe zaplecze naszej parafii&#8230; Dzi\u015b spotka\u0142em si\u0119 z <a class=\"read-more\" href=\"http:\/\/roczyny.duszpasterstwa.bielsko.pl\/?p=1486\">czytaj dalej<\/a><\/p>\n","protected":false},"author":2,"featured_media":1488,"comment_status":"closed","ping_status":"open","sticky":false,"template":"","format":"standard","meta":{"ngg_post_thumbnail":0,"footnotes":""},"categories":[15,10],"tags":[],"class_list":["post-1486","post","type-post","status-publish","format-standard","has-post-thumbnail","hentry","category-aktualnosci","category-roza","post-item clearfix"],"_links":{"self":[{"href":"http:\/\/roczyny.duszpasterstwa.bielsko.pl\/index.php?rest_route=\/wp\/v2\/posts\/1486"}],"collection":[{"href":"http:\/\/roczyny.duszpasterstwa.bielsko.pl\/index.php?rest_route=\/wp\/v2\/posts"}],"about":[{"href":"http:\/\/roczyny.duszpasterstwa.bielsko.pl\/index.php?rest_route=\/wp\/v2\/types\/post"}],"author":[{"embeddable":true,"href":"http:\/\/roczyny.duszpasterstwa.bielsko.pl\/index.php?rest_route=\/wp\/v2\/users\/2"}],"replies":[{"embeddable":true,"href":"http:\/\/roczyny.duszpasterstwa.bielsko.pl\/index.php?rest_route=%2Fwp%2Fv2%2Fcomments&post=1486"}],"version-history":[{"count":5,"href":"http:\/\/roczyny.duszpasterstwa.bielsko.pl\/index.php?rest_route=\/wp\/v2\/posts\/1486\/revisions"}],"predecessor-version":[{"id":1525,"href":"http:\/\/roczyny.duszpasterstwa.bielsko.pl\/index.php?rest_route=\/wp\/v2\/posts\/1486\/revisions\/1525"}],"wp:featuredmedia":[{"embeddable":true,"href":"http:\/\/roczyny.duszpasterstwa.bielsko.pl\/index.php?rest_route=\/wp\/v2\/media\/1488"}],"wp:attachment":[{"href":"http:\/\/roczyny.duszpasterstwa.bielsko.pl\/index.php?rest_route=%2Fwp%2Fv2%2Fmedia&parent=1486"}],"wp:term":[{"taxonomy":"category","embeddable":true,"href":"http:\/\/roczyny.duszpasterstwa.bielsko.pl\/index.php?rest_route=%2Fwp%2Fv2%2Fcategories&post=1486"},{"taxonomy":"post_tag","embeddable":true,"href":"http:\/\/roczyny.duszpasterstwa.bielsko.pl\/index.php?rest_route=%2Fwp%2Fv2%2Ftags&post=1486"}],"curies":[{"name":"wp","href":"https:\/\/api.w.org\/{rel}","templated":true}]}}