{"id":1264,"date":"2021-01-05T12:04:17","date_gmt":"2021-01-05T11:04:17","guid":{"rendered":"http:\/\/roczyny.duszpasterstwa.bielsko.pl\/?p=1264"},"modified":"2021-01-05T12:04:17","modified_gmt":"2021-01-05T11:04:17","slug":"i-i-niedziela-po-narodzeniu-panskim-3-o1-2021r","status":"publish","type":"post","link":"http:\/\/roczyny.duszpasterstwa.bielsko.pl\/?p=1264","title":{"rendered":"I I \u00a0 NIEDZIELA \u00a0 PO \u00a0 NARODZENIU \u00a0 PA\u0143SKIM (3.o1.2021r.)"},"content":{"rendered":"<p>Dzi\u015b I-wsza niedziela miesi\u0105ca \u2013 po Mszy \u015bw. adoracja Naj\u015bw. Sakramentu.<\/p>\n<p>W \u015brod\u0119 6 stycznia, przypada uroczysto\u015b\u0107 Objawienia Pa\u0144skiego (Trzech Kr\u00f3li). W ca\u0142ym Ko\u015bciele jest to Dzie\u0144 Modlitwy i Pomocy Misjom.<\/p>\n<p>Msze \u015bw. tak jak w niedziele (7.oo; 9.oo; 11oo; 15.oo)<\/p>\n<p>W tym tygodniu pierwszy czwartek miesi\u0105ca.<\/p>\n<p>W przysz\u0142\u0105 niedziel\u0119, 1o stycznia, przypada \u015bwi\u0119to Chrztu Pa\u0144skiego, kt\u00f3ra ko\u0144czy liturgiczny okres Bo\u017cego Narodzenia.<\/p>\n<p style=\"text-align: center;\"><b><i>I N T E N C J E <span class=\"Apple-converted-space\">&nbsp; <\/span>M S Z Y <span class=\"Apple-converted-space\">&nbsp; <\/span>\u015a W.<\/i><\/b><\/p>\n<p><strong>Poniedzia\u0142ek(4)<\/strong><\/p>\n<p><span class=\"Apple-converted-space\">&nbsp;&nbsp; <\/span>godz.6.3o <span class=\"Apple-converted-space\">&nbsp; <\/span>&#8211; +Jaros\u0142awa Tomiczek<\/p>\n<p><span class=\"Apple-converted-space\">&nbsp;&nbsp; <\/span>godz.17.oo \u2013 Dzi\u0119kczynna za otrzymane \u0142aski z pro\u015bb\u0105 o dalsze b\u0142. Bo\u017ce dla Bartosza<\/p>\n<p><span class=\"Apple-converted-space\">&nbsp; &nbsp; &nbsp; &nbsp; &nbsp; &nbsp; &nbsp; &nbsp; &nbsp; &nbsp; &nbsp; &nbsp; &nbsp; &nbsp; <\/span>i Kingi<\/p>\n<p><strong>Wtorek(5)<\/strong><\/p>\n<p><span class=\"Apple-converted-space\">&nbsp;&nbsp; <\/span>godz.6.3o <span class=\"Apple-converted-space\">&nbsp; <\/span>&#8211; +J\u00f3zefa \u017bydek w 30-ty dzie\u0144 po \u015bmierci<\/p>\n<p><span class=\"Apple-converted-space\">&nbsp;&nbsp; <\/span>godz.17.oo \u2013 Dzi\u0119kczynna za otrzymane \u0142aski z pro\u015bb\u0105 o dalsze dla ks. Piotra<\/p>\n<p><strong>\u015aroda(6)<\/strong><\/p>\n<p><span class=\"Apple-converted-space\">&nbsp;&nbsp; <\/span>godz.7.oo <span class=\"Apple-converted-space\">&nbsp; <\/span>&#8211; +J\u00f3zefa Janosz r. \u015bm.<\/p>\n<p><span class=\"Apple-converted-space\">&nbsp;&nbsp; &nbsp; &nbsp; &nbsp; &nbsp; &nbsp; &nbsp; &nbsp; &nbsp; &nbsp; &nbsp; &nbsp; <\/span>&#8211; +Damiana \u017bydek 5 r. \u015bm.<\/p>\n<p><span class=\"Apple-converted-space\">&nbsp;&nbsp; <\/span>godz.9.oo <span class=\"Apple-converted-space\">&nbsp; <\/span>&#8211; +Jana Knycz od syna i \u017cony<\/p>\n<p><span class=\"Apple-converted-space\">&nbsp; &nbsp; &nbsp; &nbsp; &nbsp; &nbsp; &nbsp; &nbsp; &nbsp; &nbsp; &nbsp; &nbsp; <\/span>&#8211; +J\u00f3zefa Janosz r. \u015bm.<\/p>\n<p><span class=\"Apple-converted-space\">&nbsp;&nbsp; <\/span>godz.11.oo \u2013 +Mari\u0119 J\u00f3zef\u0119 Go\u0142\u0105bek<\/p>\n<p><span class=\"Apple-converted-space\">&nbsp;&nbsp; &nbsp; &nbsp; &nbsp; &nbsp; &nbsp; &nbsp; &nbsp; &nbsp; &nbsp; &nbsp; &nbsp; <\/span>&#8211;<span class=\"Apple-converted-space\">&nbsp; <\/span>+Boles\u0142awa Mizera z \u017con\u0105 Janin\u0105 w r. \u015bm.<\/p>\n<p><span class=\"Apple-converted-space\">&nbsp;&nbsp; <\/span>godz.15.oo \u2013 +Edwarda Paw\u0142owskiego 1 r. \u015bm<\/p>\n<p><span class=\"Apple-converted-space\">&nbsp;&nbsp; &nbsp; &nbsp; &nbsp; &nbsp; &nbsp; &nbsp; &nbsp; &nbsp; &nbsp; &nbsp; &nbsp; <\/span>&#8211; Dzi\u0119kczynna z pro\u015bb\u0105 o Bo\u017ce \u0142aski dla J\u00f3zefa w 93 r. urodzin<\/p>\n<p><strong>Czwartek(7)<\/strong><\/p>\n<p><span class=\"Apple-converted-space\">&nbsp;&nbsp; <\/span>godz.6.3o <span class=\"Apple-converted-space\">&nbsp; <\/span>&#8211; Za dusze wypominane (WYPOMINKI)<\/p>\n<p><span class=\"Apple-converted-space\">&nbsp;&nbsp; <\/span>godz.17.oo \u2013 W int. Nikodema w 18-t\u0105 r. urodzin o b\u0142. Bo\u017ce i potrzebne \u0142aski<\/p>\n<p><span class=\"Apple-converted-space\">&nbsp; &nbsp; &nbsp; &nbsp; &nbsp; &nbsp; &nbsp; &nbsp; &nbsp; &nbsp; &nbsp; &nbsp; <\/span>&#8211;<span class=\"Apple-converted-space\">&nbsp; <\/span>+El\u017cbiet\u0119 i Mariana Badan<\/p>\n<p><strong>Pi\u0105tek(8)<\/strong><\/p>\n<p><span class=\"Apple-converted-space\">&nbsp;&nbsp; <\/span>godz.6.3o <span class=\"Apple-converted-space\">&nbsp; <\/span>&#8211; +Kazimierza P\u0119kal\u0119 w 30-ty dzie\u0144 po \u015bmierci<\/p>\n<p><span class=\"Apple-converted-space\">&nbsp;&nbsp; <\/span>godz.17.oo \u2013 +Tadeusza Maci\u0105ga<\/p>\n<p><strong>Sobota(9)<\/strong><\/p>\n<p><span class=\"Apple-converted-space\">&nbsp;&nbsp; <\/span>godz.6.3o <span class=\"Apple-converted-space\">&nbsp; <\/span>&#8211; +Adama Babik<\/p>\n<p><span class=\"Apple-converted-space\">&nbsp;&nbsp; <\/span>godz.17.oo \u2013 +Henryka Pietraszek z rodzicami i b\u0142. Bo\u017ce w rodzinie<\/p>\n<p><strong>Niedziela(1o)<\/strong><\/p>\n<p><span class=\"Apple-converted-space\">&nbsp;&nbsp; <\/span>godz.7.oo <span class=\"Apple-converted-space\">&nbsp; <\/span>&#8211; +Marzen\u0119 \u017bywio\u0142<\/p>\n<p><span class=\"Apple-converted-space\">&nbsp; &nbsp; &nbsp; &nbsp; &nbsp; &nbsp; &nbsp; &nbsp; &nbsp; &nbsp; &nbsp; &nbsp; <\/span>&#8211;<span class=\"Apple-converted-space\">&nbsp; <\/span>+Stanis\u0142awa Ludwik\u0119 Chmura<\/p>\n<p><span class=\"Apple-converted-space\">&nbsp;&nbsp; <\/span>godz.9.oo <span class=\"Apple-converted-space\">&nbsp; <\/span>&#8211; +Tadeusza Iwan z rodzicami<\/p>\n<p><span class=\"Apple-converted-space\">&nbsp; &nbsp; &nbsp; &nbsp; &nbsp; &nbsp; &nbsp; &nbsp; &nbsp; &nbsp; &nbsp; &nbsp; <\/span>&#8211;<span class=\"Apple-converted-space\">&nbsp; <\/span>+Juli\u0119 Franciszka Bury od c\u00f3rki Haliny z rodzin\u0105<\/p>\n<p><span class=\"Apple-converted-space\">&nbsp;&nbsp; <\/span>godz.11.oo \u2013 +Stefani\u0119 Sordyl z c\u00f3rk\u0105 Janin\u0105<span class=\"Apple-converted-space\">&nbsp; <\/span>wnuczk\u0105 Ma\u0142gorzat\u0105 i Zofi\u0105<\/p>\n<p><span class=\"Apple-converted-space\">&nbsp;&nbsp; &nbsp; &nbsp; &nbsp; &nbsp; &nbsp; &nbsp; &nbsp; &nbsp; &nbsp; &nbsp; &nbsp; <\/span>&#8211; +Wiktori\u0119 G\u00f3rka z m\u0119\u017cem Antonim<span class=\"Apple-converted-space\">&nbsp;<\/span><\/p>\n<p><span class=\"Apple-converted-space\">&nbsp;&nbsp; <\/span>godz.15.oo &#8211; +Helen\u0119 J\u00f3zefa Karkoszka z synem Janem<\/p>\n<p><span class=\"Apple-converted-space\">&nbsp;&nbsp; &nbsp; &nbsp; &nbsp; &nbsp; &nbsp; &nbsp; &nbsp; &nbsp; &nbsp; &nbsp; &nbsp; <\/span>&#8211; +Mariana Gumo\u015b Ignacego Juli\u0119 Smaza<\/p>\n","protected":false},"excerpt":{"rendered":"<p>Dzi\u015b I-wsza niedziela miesi\u0105ca \u2013 po Mszy \u015bw. adoracja Naj\u015bw. Sakramentu. W \u015brod\u0119 6 stycznia, przypada uroczysto\u015b\u0107 Objawienia Pa\u0144skiego (Trzech <a class=\"read-more\" href=\"http:\/\/roczyny.duszpasterstwa.bielsko.pl\/?p=1264\">czytaj dalej<\/a><\/p>\n","protected":false},"author":2,"featured_media":0,"comment_status":"closed","ping_status":"open","sticky":false,"template":"","format":"standard","meta":{"ngg_post_thumbnail":0,"footnotes":""},"categories":[12],"tags":[],"class_list":["post-1264","post","type-post","status-publish","format-standard","hentry","category-ogloszenia-parafialne","post-item clearfix"],"_links":{"self":[{"href":"http:\/\/roczyny.duszpasterstwa.bielsko.pl\/index.php?rest_route=\/wp\/v2\/posts\/1264"}],"collection":[{"href":"http:\/\/roczyny.duszpasterstwa.bielsko.pl\/index.php?rest_route=\/wp\/v2\/posts"}],"about":[{"href":"http:\/\/roczyny.duszpasterstwa.bielsko.pl\/index.php?rest_route=\/wp\/v2\/types\/post"}],"author":[{"embeddable":true,"href":"http:\/\/roczyny.duszpasterstwa.bielsko.pl\/index.php?rest_route=\/wp\/v2\/users\/2"}],"replies":[{"embeddable":true,"href":"http:\/\/roczyny.duszpasterstwa.bielsko.pl\/index.php?rest_route=%2Fwp%2Fv2%2Fcomments&post=1264"}],"version-history":[{"count":1,"href":"http:\/\/roczyny.duszpasterstwa.bielsko.pl\/index.php?rest_route=\/wp\/v2\/posts\/1264\/revisions"}],"predecessor-version":[{"id":1265,"href":"http:\/\/roczyny.duszpasterstwa.bielsko.pl\/index.php?rest_route=\/wp\/v2\/posts\/1264\/revisions\/1265"}],"wp:attachment":[{"href":"http:\/\/roczyny.duszpasterstwa.bielsko.pl\/index.php?rest_route=%2Fwp%2Fv2%2Fmedia&parent=1264"}],"wp:term":[{"taxonomy":"category","embeddable":true,"href":"http:\/\/roczyny.duszpasterstwa.bielsko.pl\/index.php?rest_route=%2Fwp%2Fv2%2Fcategories&post=1264"},{"taxonomy":"post_tag","embeddable":true,"href":"http:\/\/roczyny.duszpasterstwa.bielsko.pl\/index.php?rest_route=%2Fwp%2Fv2%2Ftags&post=1264"}],"curies":[{"name":"wp","href":"https:\/\/api.w.org\/{rel}","templated":true}]}}