{"id":1261,"date":"2020-12-28T13:38:35","date_gmt":"2020-12-28T12:38:35","guid":{"rendered":"http:\/\/roczyny.duszpasterstwa.bielsko.pl\/?p=1261"},"modified":"2020-12-28T13:38:35","modified_gmt":"2020-12-28T12:38:35","slug":"uroczystosc-sw-szczepana-26-12-2020r","status":"publish","type":"post","link":"http:\/\/roczyny.duszpasterstwa.bielsko.pl\/?p=1261","title":{"rendered":"UROCZYSTO\u015a\u0106 \u00a0 \u015aW. \u00a0 SZCZEPANA (26.12.2020r.)"},"content":{"rendered":"<p>W najbli\u017csz\u0105 niedziel\u0119 przypada \u015awi\u0119to \u015awi\u0119tej Rodziny: Jezusa, Maryi i J\u00f3zefa.<\/p>\n<p>Ze wzgl\u0119du na epidemi\u0119 w tym roku nie b\u0119dzie odwiedzin duszpasterskich \u2013 kol\u0119dy.<\/p>\n<p>Rozpoczyna si\u0119 tydzie\u0144 \u0142\u0105cz\u0105cy Stary i Nowy Rok. W czwartek 31 grudnia w ostatni dzie\u0144 roku kalendarzowego zapraszamy na nabo\u017ce\u0144stwo dzi\u0119kczynno- b\u0142agalne o godz. 17.oo ( r\u00f3wnie\u017c przez internet). Z ca\u0142\u0105 pewno\u015bci\u0105 ka\u017cdy z nas ma za co dzi\u0119kowa\u0107 Bogu jak i za co przeprasza\u0107 nie zapominaj\u0105c, \u017ce Bo\u017ce mi\u0142osierdzie potrafi wyprowadzi\u0107 dobro r\u00f3wnie\u017c z tego, co samo w sobie dobrem nie jest czym nie by\u0142o.<\/p>\n<p>Poniedzia\u0142ek 28 grudnia \u2013 \u015bwi\u0119to \u015awi\u0119tych M\u0142odziank\u00f3w, m\u0119czennik\u00f3w<\/p>\n<p>Pi\u0105tek 1 stycznia \u2013 uroczysto\u015b\u0107 \u015awi\u0119tej Bo\u017cej Rodzicielki Maryi. Jest to tak\u017ce Dzie\u0144 Modlitwy o pok\u00f3j na \u015bwiecie. Jest to zarazem pierwszy pi\u0105tek miesi\u0105ca. Z racji uroczysto\u015bci nie obowi\u0105zuje wstrzemi\u0119\u017aliwo\u015b\u0107 od pokarm\u00f3w mi\u0119snych.<\/p>\n<p>Sobota \u2013 wsp. \u015bwi\u0119tych Bazylego Wielkiego i Grzegorza z Nazjanzu, bp. i dK.<\/p>\n<p style=\"text-align: center;\"><b><i>I N T E N C J E <span class=\"Apple-converted-space\">&nbsp; <\/span>M S Z Y <span class=\"Apple-converted-space\">&nbsp; <\/span>\u015a W.<\/i><\/b><\/p>\n<p><strong>Niedziela(27)<\/strong><\/p>\n<p><span class=\"Apple-converted-space\">&nbsp;&nbsp; <\/span>godz.7.oo <span class=\"Apple-converted-space\">&nbsp; <\/span>&#8211; +Szymona Antonin\u0119 \u017bywio\u0142 i zmar\u0142ych z tej rodziny<\/p>\n<p><span class=\"Apple-converted-space\">&nbsp;&nbsp; &nbsp; &nbsp; &nbsp; &nbsp; &nbsp; &nbsp; &nbsp; &nbsp; &nbsp; &nbsp; &nbsp; <\/span>&#8211; +Ma\u0142gorzat\u0119 Siwek<\/p>\n<p><span class=\"Apple-converted-space\">&nbsp;&nbsp; <\/span>godz.9.oo <span class=\"Apple-converted-space\">&nbsp; &nbsp; <\/span>&#8211; W int. Anny i Kamila w 2-g\u0105 r. \u015blubu o \u0142aski i b\u0142. Bo\u017ce<\/p>\n<p><span class=\"Apple-converted-space\">&nbsp; &nbsp; &nbsp; &nbsp; &nbsp; &nbsp; &nbsp; &nbsp; &nbsp; &nbsp; &nbsp; &nbsp; &nbsp; <\/span>&#8211; W int. Kariny w 18-t\u0105 r. urodzin<\/p>\n<p><span class=\"Apple-converted-space\">&nbsp;&nbsp; <\/span>godz.11.oo &#8211; +Jan Majewski z rodzicami<\/p>\n<p><span class=\"Apple-converted-space\">&nbsp;&nbsp; &nbsp; &nbsp; &nbsp; &nbsp; &nbsp; &nbsp; &nbsp; &nbsp; &nbsp; &nbsp; &nbsp; <\/span>&#8211; +Adama Sordyla syna Jana i J\u00f3zefa wnuka Jana<\/p>\n<p><span class=\"Apple-converted-space\">&nbsp; &nbsp; <\/span>godz.15.oo &#8211; +Mari\u0119 i Stefana Jo\u0144czy<\/p>\n<p><span class=\"Apple-converted-space\">&nbsp; &nbsp; &nbsp; &nbsp; &nbsp; &nbsp; &nbsp; &nbsp; &nbsp; &nbsp; &nbsp; &nbsp; &nbsp; <\/span>&#8211; +Franciszka i Katarzyn\u0119 Karcz<\/p>\n<p><strong>Poniedzia\u0142ek(28)<\/strong><\/p>\n<p><span class=\"Apple-converted-space\">&nbsp;&nbsp; <\/span>godz.6.3o <span class=\"Apple-converted-space\">&nbsp; <\/span>&#8211; +J\u00f3zefa Mrowiec 15 r. \u015bm.<\/p>\n<p><span class=\"Apple-converted-space\">&nbsp;&nbsp; <\/span>godz.17.oo &#8211; +Jaros\u0142awa Tomiczek<\/p>\n<p><strong>Wtorek(29)<\/strong><\/p>\n<p><span class=\"Apple-converted-space\">&nbsp;&nbsp; <\/span>godz.6.3o <span class=\"Apple-converted-space\">&nbsp; <\/span>&#8211; +Rozali\u0119 Smaza od s\u0105siad\u00f3w Kudzia<\/p>\n<p><span class=\"Apple-converted-space\">&nbsp;&nbsp; <\/span>godz.17.oo &#8211; +Marka Mrzyg\u0142\u00f3d<\/p>\n<p><strong>\u015aroda(30)<\/strong><\/p>\n<p><span class=\"Apple-converted-space\">&nbsp;&nbsp; <\/span>godz.6.3o <span class=\"Apple-converted-space\">&nbsp; <\/span>&#8211; +Stanis\u0142awa Sordyl w 30-ty dzie\u0144 po \u015bmierci<\/p>\n<p><span class=\"Apple-converted-space\">&nbsp;&nbsp; <\/span>godz.17.oo &#8211; +Waleri\u0119 Bylica<\/p>\n<p><strong>Czwartek(31)<\/strong><\/p>\n<p><span class=\"Apple-converted-space\">&nbsp;&nbsp; <\/span>godz.6.3o <span class=\"Apple-converted-space\">&nbsp; <\/span>&#8211; +J\u00f3zefa Ochmanek w 30-ty dzie\u0144 po \u015bmierci<\/p>\n<p><span class=\"Apple-converted-space\">&nbsp;&nbsp; <\/span>godz.17.oo &#8211; +Anastazj\u0119 i Sylwestra Kli\u015b<\/p>\n<p><span class=\"Apple-converted-space\">&nbsp;&nbsp; &nbsp; &nbsp; &nbsp; &nbsp; &nbsp; &nbsp; &nbsp; &nbsp; &nbsp; &nbsp; &nbsp; <\/span>&#8211; +S\u0142awomira Pude\u0142ko<\/p>\n<p><strong>Pi\u0105tek(1)<\/strong><\/p>\n<p><span class=\"Apple-converted-space\">&nbsp;&nbsp; <\/span>godz.7.oo <span class=\"Apple-converted-space\">&nbsp; <\/span>&#8211; +Paw\u0142a Miko\u0142ajek<\/p>\n<p><span class=\"Apple-converted-space\">&nbsp;&nbsp; &nbsp; &nbsp; &nbsp; &nbsp; &nbsp; &nbsp; &nbsp; &nbsp; &nbsp; &nbsp; &nbsp; <\/span>&#8211; +Mieczys\u0142awa Piko\u0144<\/p>\n<p><span class=\"Apple-converted-space\">&nbsp;&nbsp; <\/span>godz.9.oo <span class=\"Apple-converted-space\">&nbsp; <\/span>&#8211; +Ma\u0142gorzat\u0119 Siwek<\/p>\n<p><span class=\"Apple-converted-space\">&nbsp; &nbsp; &nbsp; &nbsp; &nbsp; &nbsp; &nbsp; &nbsp; &nbsp; &nbsp; &nbsp; &nbsp; <\/span>&#8211;<span class=\"Apple-converted-space\">&nbsp; <\/span>+Zofi\u0119 i Jana Gwizdalskich z rodzicami<\/p>\n<p><span class=\"Apple-converted-space\">&nbsp;&nbsp; <\/span>godz.11.oo &#8211; +Zofi\u0119 Potoczny od syna z rodzin\u0105 w 1 r. \u015bm. oraz o zdrowie dla m\u0119\u017ca<\/p>\n<p><span class=\"Apple-converted-space\">&nbsp;&nbsp; &nbsp; &nbsp; &nbsp; &nbsp; &nbsp; &nbsp; &nbsp; &nbsp; &nbsp; &nbsp; &nbsp; &nbsp; <\/span>Mieczys\u0142awa<\/p>\n<p><span class=\"Apple-converted-space\">&nbsp;&nbsp; &nbsp; &nbsp; &nbsp; &nbsp; &nbsp; &nbsp; &nbsp; &nbsp; &nbsp; &nbsp; &nbsp; <\/span>&#8211; +Janin\u0119 Hajost<\/p>\n<p><span class=\"Apple-converted-space\">&nbsp;&nbsp; <\/span>godz.15.oo \u2013 +Bart\u0142omieja Harat w 1 r. \u015bm.<\/p>\n<p><span class=\"Apple-converted-space\">&nbsp;&nbsp; &nbsp; &nbsp; &nbsp; &nbsp; &nbsp; &nbsp; &nbsp; &nbsp; &nbsp; &nbsp; &nbsp; <\/span>&#8211; +J\u00f3zef\u0119 Talar<\/p>\n<p><strong>Sobota(2)<\/strong><\/p>\n<p><span class=\"Apple-converted-space\">&nbsp;&nbsp; <\/span>godz.6.3o <span class=\"Apple-converted-space\">&nbsp; <\/span>&#8211; +Adriana Misiek w 30-ty dzie\u0144 po \u015bmierci<\/p>\n<p><span class=\"Apple-converted-space\">&nbsp;&nbsp; <\/span>godz.17.oo &#8211; +J\u00f3zefa Szyd\u0142owskiego r. \u015bm.<\/p>\n<p><strong>Niedziela(3)<\/strong><\/p>\n<p><span class=\"Apple-converted-space\">&nbsp;&nbsp; <\/span>godz.7.oo <span class=\"Apple-converted-space\">&nbsp; <\/span>&#8211; +Katarzyn\u0119 Antoniego Rajda r. \u015bm.<\/p>\n<p><span class=\"Apple-converted-space\">&nbsp;&nbsp; &nbsp; &nbsp; &nbsp; &nbsp; &nbsp; &nbsp; &nbsp; &nbsp; &nbsp; &nbsp; &nbsp; <\/span>&#8211; +Bronis\u0142awa Sordyla<\/p>\n<p><span class=\"Apple-converted-space\">&nbsp;&nbsp; <\/span>godz.9.oo <span class=\"Apple-converted-space\">&nbsp; <\/span>&#8211; +Agnieszk\u0119 Franciszka Zar\u0119ba W\u0142adys\u0142awa syna<\/p>\n<p><span class=\"Apple-converted-space\">&nbsp; &nbsp; &nbsp; &nbsp; &nbsp; &nbsp; &nbsp; &nbsp; &nbsp; &nbsp; &nbsp; &nbsp; <\/span>&#8211; +Emili\u0119 Smaza<\/p>\n<p><span class=\"Apple-converted-space\">&nbsp;&nbsp; <\/span>godz.11.oo &#8211; +Wand\u0119 Zieli\u0144sk\u0105 6 r. \u015bm.<\/p>\n<p><span class=\"Apple-converted-space\">&nbsp;&nbsp; &nbsp; &nbsp; &nbsp; &nbsp; &nbsp; &nbsp; &nbsp; &nbsp; &nbsp; &nbsp; &nbsp; <\/span>&#8211; +Bogdana Komender\u0119<\/p>\n<p><span class=\"Apple-converted-space\">&nbsp;&nbsp; <\/span>godz.15.oo \u2013 W int. Agaty i Eugeniusza w 40-t\u0105 r. \u015blubu dzi\u0119kczynna z pro\u015bb\u0105 o b\u0142. Bo\u017ce<\/p>\n<p><span class=\"Apple-converted-space\">&nbsp;&nbsp; &nbsp; &nbsp; &nbsp; &nbsp; &nbsp; &nbsp; &nbsp; &nbsp; &nbsp; &nbsp; &nbsp; &nbsp; &nbsp; <\/span>i zdrowie na dalsze lata<\/p>\n<p><span class=\"Apple-converted-space\">&nbsp;&nbsp; &nbsp; &nbsp; &nbsp; &nbsp; &nbsp; &nbsp; &nbsp; &nbsp; &nbsp; &nbsp; &nbsp; <\/span>&#8211; +Janin\u0119 Hajost<\/p>\n","protected":false},"excerpt":{"rendered":"<p>W najbli\u017csz\u0105 niedziel\u0119 przypada \u015awi\u0119to \u015awi\u0119tej Rodziny: Jezusa, Maryi i J\u00f3zefa. Ze wzgl\u0119du na epidemi\u0119 w tym roku nie b\u0119dzie <a class=\"read-more\" href=\"http:\/\/roczyny.duszpasterstwa.bielsko.pl\/?p=1261\">czytaj dalej<\/a><\/p>\n","protected":false},"author":2,"featured_media":0,"comment_status":"closed","ping_status":"open","sticky":false,"template":"","format":"standard","meta":{"ngg_post_thumbnail":0,"footnotes":""},"categories":[12],"tags":[],"class_list":["post-1261","post","type-post","status-publish","format-standard","hentry","category-ogloszenia-parafialne","post-item clearfix"],"_links":{"self":[{"href":"http:\/\/roczyny.duszpasterstwa.bielsko.pl\/index.php?rest_route=\/wp\/v2\/posts\/1261"}],"collection":[{"href":"http:\/\/roczyny.duszpasterstwa.bielsko.pl\/index.php?rest_route=\/wp\/v2\/posts"}],"about":[{"href":"http:\/\/roczyny.duszpasterstwa.bielsko.pl\/index.php?rest_route=\/wp\/v2\/types\/post"}],"author":[{"embeddable":true,"href":"http:\/\/roczyny.duszpasterstwa.bielsko.pl\/index.php?rest_route=\/wp\/v2\/users\/2"}],"replies":[{"embeddable":true,"href":"http:\/\/roczyny.duszpasterstwa.bielsko.pl\/index.php?rest_route=%2Fwp%2Fv2%2Fcomments&post=1261"}],"version-history":[{"count":1,"href":"http:\/\/roczyny.duszpasterstwa.bielsko.pl\/index.php?rest_route=\/wp\/v2\/posts\/1261\/revisions"}],"predecessor-version":[{"id":1262,"href":"http:\/\/roczyny.duszpasterstwa.bielsko.pl\/index.php?rest_route=\/wp\/v2\/posts\/1261\/revisions\/1262"}],"wp:attachment":[{"href":"http:\/\/roczyny.duszpasterstwa.bielsko.pl\/index.php?rest_route=%2Fwp%2Fv2%2Fmedia&parent=1261"}],"wp:term":[{"taxonomy":"category","embeddable":true,"href":"http:\/\/roczyny.duszpasterstwa.bielsko.pl\/index.php?rest_route=%2Fwp%2Fv2%2Fcategories&post=1261"},{"taxonomy":"post_tag","embeddable":true,"href":"http:\/\/roczyny.duszpasterstwa.bielsko.pl\/index.php?rest_route=%2Fwp%2Fv2%2Ftags&post=1261"}],"curies":[{"name":"wp","href":"https:\/\/api.w.org\/{rel}","templated":true}]}}