{"id":1256,"date":"2020-12-22T07:05:28","date_gmt":"2020-12-22T06:05:28","guid":{"rendered":"http:\/\/roczyny.duszpasterstwa.bielsko.pl\/?p=1256"},"modified":"2020-12-22T07:05:28","modified_gmt":"2020-12-22T06:05:28","slug":"i-v-n-i-e-d-z-i-e-l-a-a-d-w-e-n-t-u-20-12-2020r","status":"publish","type":"post","link":"http:\/\/roczyny.duszpasterstwa.bielsko.pl\/?p=1256","title":{"rendered":"I V \u00a0 N I E D Z I E L A \u00a0 A D W E N T U (20.12.2020r.)"},"content":{"rendered":"<p>W czwartek 24 grudnia przypada wigilijna uroczysto\u015b\u0107 Narodzenia Pa\u0144skiego.<\/p>\n<p>Liturgiczny obch\u00f3d pami\u0105tki Narodzenia Chrystusa rozpoczniemy od Pasterki, czyli Mszy \u015bw. sprawowanej o p\u00f3\u0142nocy. Ze wzgl\u0119du na czas epidemii i ograniczeniu ilo\u015bci os\u00f3b we Mszach \u015bw. \u2013 aby umo\u017cliwi\u0107 wiernym prze\u017cycie przyj\u015bcia Bo\u017cej Dzieciny \u2013 dodatkowo Msze \u015bw. b\u0119d\u0105 r\u00f3wnie\u017c o godz. <b>20.oo; 22.oo; 24.oo.<\/b><\/p>\n<p>Wcze\u015bniej w naszych domach, wsp\u00f3lnotach rodzinnych \u2013 zadbajmy o tradycyjn\u0105 chrze\u015bcija\u0144sk\u0105 opraw\u0119 wigilijnej wieczerzy. Niech to b\u0119dzie okazja do pojednania, zgody, wyci\u0105gni\u0119cia przyjaznych d\u0142oni do kogo\u015b po\u015br\u00f3d bliskich, znajomych, w s\u0105siedztwie. Niech wigilijnej wieczerzy towarzyszy wsp\u00f3lna modlitwa, \u0142amanie si\u0119 op\u0142atkiem, wsp\u00f3lny \u015bpiew kol\u0119d. Niech czas Bo\u017cego Narodzenia b\u0119dzie przepe\u0142niony chrze\u015bcija\u0144sk\u0105 wzajemn\u0105 \u017cyczliwo\u015bci\u0105 i dobroci\u0105. Pami\u0119ci\u0105 ogarnijmy r\u00f3wnie\u017c tych, kt\u00f3rzy ju\u017c od nas odeszli do Domu Ojca, a \u017cyli z nami, kochali nas i dla nas si\u0119 trudzili.<\/p>\n<p>W Wigili\u0119 Bo\u017cego Narodzenia roraty b\u0119d\u0105 o godz.<b>6.3o.<\/b><\/p>\n<p><b><i>W pi\u0105tek 25 grudnia uroczysto\u015b\u0107 Narodzenia Pa\u0144skiego. Z racji uroczysto\u015bci nie obowi\u0105zuje wstrzemi\u0119\u017aliwo\u015b\u0107 od pokarm\u00f3w mi\u0119snych.<\/i><\/b><\/p>\n<p>W sobot\u0119 26 grudnia \u2013 \u015bwi\u0119to \u015bw. Szczepana pierwszego m\u0119czennika.<\/p>\n<p>Przed \u015bwi\u0119tami nie b\u0119dzie tradycyjnych odwiedzin chorych w domach \u2013 do chorych mo\u017cemy wyje\u017cd\u017ca\u0107 tylko w nag\u0142ych przypadkach.<\/p>\n<p><b><i>I N T E N C J E <span class=\"Apple-converted-space\">&nbsp; <\/span>M S Z Y <span class=\"Apple-converted-space\">&nbsp; <\/span>\u015a W.<\/i><\/b><\/p>\n<p><strong>Poniedzia\u0142ek(21)<\/strong><\/p>\n<p><span class=\"Apple-converted-space\">&nbsp;&nbsp; <\/span>godz.6.3o <span class=\"Apple-converted-space\">&nbsp; <\/span>&#8211; +Jaros\u0142awa Tomiczek<\/p>\n<p><span class=\"Apple-converted-space\">&nbsp;&nbsp; <\/span>godz.17.oo &#8211; +Ireneusza Koczur<\/p>\n<p><strong>Wtorek(22)<\/strong><\/p>\n<p><span class=\"Apple-converted-space\">&nbsp;&nbsp; <\/span>godz.6.3o <span class=\"Apple-converted-space\">&nbsp; <\/span>&#8211; +Marka Mrzyg\u0142\u00f3d<\/p>\n<p><span class=\"Apple-converted-space\">&nbsp;&nbsp; <\/span>godz.17.oo &#8211; +Jadwig\u0119 Smaza<\/p>\n<p><strong>\u015aroda(23)<\/strong><\/p>\n<p><span class=\"Apple-converted-space\">&nbsp;&nbsp; <\/span>godz.6.3o <span class=\"Apple-converted-space\">&nbsp; <\/span>&#8211; +Stanis\u0142awa Sordyla<\/p>\n<p><span class=\"Apple-converted-space\">&nbsp;&nbsp; <\/span>godz.17.oo &#8211; +Stefana Grzmielewskiego r. \u015bm.<\/p>\n<p><strong>Czwartek(24)<\/strong><\/p>\n<p><span class=\"Apple-converted-space\">&nbsp;&nbsp; <\/span>godz.6.3o <span class=\"Apple-converted-space\">&nbsp; <\/span>&#8211; +Wand\u0119 Kud\u0142acik w 30-ty dzie\u0144 po \u015bmierci<\/p>\n<p><span class=\"Apple-converted-space\">&nbsp;&nbsp; &nbsp; &nbsp; &nbsp; &nbsp; &nbsp; &nbsp; &nbsp; &nbsp; &nbsp; &nbsp; &nbsp; <\/span>&#8211; +Rozali\u0119 Smaza<\/p>\n<p><span class=\"Apple-converted-space\">&nbsp;&nbsp; <\/span>godz.20.oo &#8211; +Marka Mrzyg\u0142\u00f3d<\/p>\n<p><span class=\"Apple-converted-space\">&nbsp;&nbsp; &nbsp; &nbsp; &nbsp; &nbsp; &nbsp; &nbsp; &nbsp; &nbsp; &nbsp; &nbsp; &nbsp; <\/span>&#8211; +Waleri\u0119 Bylica<\/p>\n<p><span class=\"Apple-converted-space\">&nbsp;&nbsp; <\/span>godz.22.oo &#8211; +J\u00f3zefa \u017bydek<\/p>\n<p><span class=\"Apple-converted-space\">&nbsp;&nbsp; <\/span>godz.24.oo &#8211; +Stanis\u0142awa Walczak 5 r. \u015bm. z \u017con\u0105 Stanis\u0142aw\u0105 Antonim synem<\/p>\n<p><span class=\"Apple-converted-space\">&nbsp;&nbsp; &nbsp; &nbsp; &nbsp; &nbsp; &nbsp; &nbsp; &nbsp; &nbsp; &nbsp; &nbsp; &nbsp; <\/span>&#8211; +Ew\u0119 \u017bydek<\/p>\n<p><strong>Pi\u0105tek(25)<\/strong><\/p>\n<p><span class=\"Apple-converted-space\">&nbsp;&nbsp; <\/span>godz.7.oo <span class=\"Apple-converted-space\">&nbsp; <\/span>&#8211; +Ks. Jana Rajd\u0119 z rodzicami Stanis\u0142awem i Helen\u0105<\/p>\n<p><span class=\"Apple-converted-space\">&nbsp; &nbsp; &nbsp; &nbsp; &nbsp; &nbsp; &nbsp; &nbsp; &nbsp; &nbsp; &nbsp; &nbsp; <\/span>&#8211;<span class=\"Apple-converted-space\">&nbsp; <\/span>+Stanis\u0142awa Apoloni\u0119 Ku\u017ama z synami ks. Zygmuntem i J\u00f3zefem<\/p>\n<p><span class=\"Apple-converted-space\">&nbsp;&nbsp; <\/span>godz.9.oo <span class=\"Apple-converted-space\">&nbsp; <\/span>&#8211; +J\u00f3zefa Balon 3 r. \u015bm. z rodzicami Szczepanem i Helen\u0105<\/p>\n<p><span class=\"Apple-converted-space\">&nbsp; &nbsp; &nbsp; &nbsp; &nbsp; &nbsp; &nbsp; &nbsp; &nbsp; &nbsp; &nbsp; &nbsp; <\/span>&#8211;<span class=\"Apple-converted-space\">&nbsp; <\/span>+Kazimierza P\u0119kala<\/p>\n<p><span class=\"Apple-converted-space\">&nbsp;&nbsp; <\/span>godz.11.oo &#8211; +Adama W\u0142adys\u0142awa Jerzego Go\u0142\u0105bek<\/p>\n<p><span class=\"Apple-converted-space\">&nbsp;&nbsp; &nbsp; &nbsp; &nbsp; &nbsp; &nbsp; &nbsp; &nbsp; &nbsp; &nbsp; &nbsp; &nbsp; <\/span>&#8211; +Janin\u0119 Oleksy z m\u0119\u017cem Tadeuszem od najbli\u017cszych<\/p>\n<p><span class=\"Apple-converted-space\">&nbsp;&nbsp; <\/span>godz.15.oo &#8211; +Emili\u0119 Smaza<\/p>\n<p><span class=\"Apple-converted-space\">&nbsp;&nbsp; &nbsp; &nbsp; &nbsp; &nbsp; &nbsp; &nbsp; &nbsp; &nbsp; &nbsp; &nbsp; &nbsp; <\/span>&#8211; +J\u00f3zef\u0119 Talar<\/p>\n<p><strong>Sobota(26)<\/strong><\/p>\n<p><span class=\"Apple-converted-space\">&nbsp;&nbsp; <\/span>godz.7.oo <span class=\"Apple-converted-space\">&nbsp; <\/span>&#8211; +Ireneusza Koczur<\/p>\n<p><span class=\"Apple-converted-space\">&nbsp; &nbsp; &nbsp; &nbsp; &nbsp; &nbsp; &nbsp; &nbsp; &nbsp; &nbsp; &nbsp; &nbsp; <\/span>&#8211;<span class=\"Apple-converted-space\">&nbsp; <\/span>+Tomasza Ann\u0119 Kowalczyk Emila syna Dorot\u0119 Marsza\u0142ek<\/p>\n<p><span class=\"Apple-converted-space\">&nbsp;&nbsp; <\/span>godz.9.oo <span class=\"Apple-converted-space\">&nbsp; <\/span>&#8211; +Antoniego Ku\u017ama r \u015bm. i zmar\u0142ych z rodziny Matyaszek<\/p>\n<p><span class=\"Apple-converted-space\">&nbsp; &nbsp; &nbsp; &nbsp; &nbsp; &nbsp; &nbsp; &nbsp; &nbsp; &nbsp; &nbsp; &nbsp; <\/span>&#8211;<span class=\"Apple-converted-space\">&nbsp; <\/span>+Stanis\u0142awa Karolin\u0119 Zmiertka z synem Janem<\/p>\n<p><span class=\"Apple-converted-space\">&nbsp;&nbsp; <\/span>godz.11.oo &#8211; +Emili\u0119 Franciszka \u015alesak z synem Andrzejem<\/p>\n<p><span class=\"Apple-converted-space\">&nbsp;&nbsp; &nbsp; &nbsp; &nbsp; &nbsp; &nbsp; &nbsp; &nbsp; &nbsp; &nbsp; &nbsp; &nbsp; <\/span>&#8211; +Rozali\u0119 Obiedzi\u0144sk\u0105 50 r. \u015bm. Czes\u0142awa M\u0119\u017ca 10 r. \u015bm.<\/p>\n<p><span class=\"Apple-converted-space\">&nbsp;&nbsp; <\/span>godz.15.oo &#8211; +J\u00f3zefa Ga\u0142osz 11 r. \u015bm.<\/p>\n<p><span class=\"Apple-converted-space\">&nbsp;&nbsp; &nbsp; &nbsp; &nbsp; &nbsp; &nbsp; &nbsp; &nbsp; &nbsp; &nbsp; &nbsp; &nbsp; <\/span>&#8211; +Bogdana Komender\u0119<\/p>\n","protected":false},"excerpt":{"rendered":"<p>W czwartek 24 grudnia przypada wigilijna uroczysto\u015b\u0107 Narodzenia Pa\u0144skiego. Liturgiczny obch\u00f3d pami\u0105tki Narodzenia Chrystusa rozpoczniemy od Pasterki, czyli Mszy \u015bw. <a class=\"read-more\" href=\"http:\/\/roczyny.duszpasterstwa.bielsko.pl\/?p=1256\">czytaj dalej<\/a><\/p>\n","protected":false},"author":2,"featured_media":0,"comment_status":"closed","ping_status":"open","sticky":false,"template":"","format":"standard","meta":{"ngg_post_thumbnail":0,"footnotes":""},"categories":[12],"tags":[],"class_list":["post-1256","post","type-post","status-publish","format-standard","hentry","category-ogloszenia-parafialne","post-item clearfix"],"_links":{"self":[{"href":"http:\/\/roczyny.duszpasterstwa.bielsko.pl\/index.php?rest_route=\/wp\/v2\/posts\/1256"}],"collection":[{"href":"http:\/\/roczyny.duszpasterstwa.bielsko.pl\/index.php?rest_route=\/wp\/v2\/posts"}],"about":[{"href":"http:\/\/roczyny.duszpasterstwa.bielsko.pl\/index.php?rest_route=\/wp\/v2\/types\/post"}],"author":[{"embeddable":true,"href":"http:\/\/roczyny.duszpasterstwa.bielsko.pl\/index.php?rest_route=\/wp\/v2\/users\/2"}],"replies":[{"embeddable":true,"href":"http:\/\/roczyny.duszpasterstwa.bielsko.pl\/index.php?rest_route=%2Fwp%2Fv2%2Fcomments&post=1256"}],"version-history":[{"count":1,"href":"http:\/\/roczyny.duszpasterstwa.bielsko.pl\/index.php?rest_route=\/wp\/v2\/posts\/1256\/revisions"}],"predecessor-version":[{"id":1257,"href":"http:\/\/roczyny.duszpasterstwa.bielsko.pl\/index.php?rest_route=\/wp\/v2\/posts\/1256\/revisions\/1257"}],"wp:attachment":[{"href":"http:\/\/roczyny.duszpasterstwa.bielsko.pl\/index.php?rest_route=%2Fwp%2Fv2%2Fmedia&parent=1256"}],"wp:term":[{"taxonomy":"category","embeddable":true,"href":"http:\/\/roczyny.duszpasterstwa.bielsko.pl\/index.php?rest_route=%2Fwp%2Fv2%2Fcategories&post=1256"},{"taxonomy":"post_tag","embeddable":true,"href":"http:\/\/roczyny.duszpasterstwa.bielsko.pl\/index.php?rest_route=%2Fwp%2Fv2%2Ftags&post=1256"}],"curies":[{"name":"wp","href":"https:\/\/api.w.org\/{rel}","templated":true}]}}