{"id":1253,"date":"2020-12-08T08:30:29","date_gmt":"2020-12-08T07:30:29","guid":{"rendered":"http:\/\/roczyny.duszpasterstwa.bielsko.pl\/?p=1253"},"modified":"2020-12-08T08:30:29","modified_gmt":"2020-12-08T07:30:29","slug":"ii-niedziela-adwentu-6-12-2020r","status":"publish","type":"post","link":"http:\/\/roczyny.duszpasterstwa.bielsko.pl\/?p=1253","title":{"rendered":"II \u00a0 Niedziela Adwentu (6.12. 2020r.)"},"content":{"rendered":"<p>&nbsp;<\/p>\n<p>Poniedzia\u0142ek \u2013 wsp. \u015bw. Ambro\u017cego bp. i dK<\/p>\n<p>Wtorek <span class=\"Apple-converted-space\">&nbsp; &nbsp; &nbsp; &nbsp; &nbsp; <\/span>&#8211;<span class=\"Apple-converted-space\">&nbsp; <\/span>uroczysto\u015b\u0107 Niepokalanego Pocz\u0119cia NMP<\/p>\n<p style=\"text-align: center;\"><b><i>I N T E N C J E <span class=\"Apple-converted-space\">&nbsp; <\/span>M S Z Y<span class=\"Apple-converted-space\">&nbsp; &nbsp; <\/span>\u015a W.<\/i><\/b><\/p>\n<p><strong>Poniedzia\u0142ek (7)<\/strong><\/p>\n<p><span class=\"Apple-converted-space\">&nbsp;&nbsp; <\/span>godz.6.3o <span class=\"Apple-converted-space\">&nbsp; <\/span>&#8211; +Janin\u0119 \u015alesak<\/p>\n<p><span class=\"Apple-converted-space\">&nbsp;&nbsp; <\/span>godz.17.oo &#8211; +Ireneusza Koczur<\/p>\n<p><strong>Wtorek(8)<\/strong><\/p>\n<p><span class=\"Apple-converted-space\">&nbsp;&nbsp; <\/span>godz.6.3o <span class=\"Apple-converted-space\">&nbsp; <\/span>&#8211; +Mari\u0119 M\u0119droch<\/p>\n<p><span class=\"Apple-converted-space\">&nbsp;&nbsp; <\/span>godz.17.oo \u2013 Dzi\u0119kczynno-b\u0142agalna z podzi\u0119kowaniem za otrzymane \u0142aski z pro\u015bb\u0105 o dalsz\u0105<\/p>\n<p><span class=\"Apple-converted-space\">&nbsp; &nbsp; &nbsp; &nbsp; &nbsp; &nbsp; &nbsp; &nbsp; &nbsp; &nbsp; &nbsp; &nbsp; &nbsp; &nbsp; <\/span>opiek\u0119<span class=\"Apple-converted-space\">&nbsp; <\/span>w rodzinach z R\u00f3\u017cy \u015bw. Jana Paw\u0142a II<\/p>\n<p><strong>\u015aroda(9)<\/strong><\/p>\n<p><span class=\"Apple-converted-space\">&nbsp;&nbsp; <\/span>godz.6.3o <span class=\"Apple-converted-space\">&nbsp; <\/span>&#8211; +Ann\u0119 Zaremba w 30-ty dzie\u0144 po \u015bmierci<\/p>\n<p><span class=\"Apple-converted-space\">&nbsp;&nbsp; <\/span>godz.17.oo &#8211; +Teres\u0119 Zieli\u0144sk\u0105<\/p>\n<p><strong>Czwartek(1o)<\/strong><\/p>\n<p><span class=\"Apple-converted-space\">&nbsp;&nbsp; <\/span>godz.6.3o <span class=\"Apple-converted-space\">&nbsp; <\/span>&#8211; Za zmar\u0142ych z okresu rocznego naszej parafii<\/p>\n<p><span class=\"Apple-converted-space\">&nbsp;&nbsp; <\/span>godz.17.oo &#8211; +Kazimierza Magier\u0119 od kuzyna<\/p>\n<p><strong>Pi\u0105tek(11)<\/strong><\/p>\n<p><span class=\"Apple-converted-space\">&nbsp;&nbsp; <\/span>godz.6.3o <span class=\"Apple-converted-space\">&nbsp; <\/span>&#8211; +Ignacego Siwek w 30-ty dzie\u0144 po \u015bmierci<\/p>\n<p><span class=\"Apple-converted-space\">&nbsp;&nbsp; <\/span>godz.17.oo &#8211; +Waleri\u0119 Jana Ku\u015bmierczyk Stanis\u0142awa syna<\/p>\n<p><strong>Sobota(12)<\/strong><\/p>\n<p><span class=\"Apple-converted-space\">&nbsp;&nbsp; <\/span>godz.6.3o <span class=\"Apple-converted-space\">&nbsp; <\/span>&#8211; +Aleksandr\u0119 Pilarczyk od m\u0119\u017ca i c\u00f3rki<\/p>\n<p><span class=\"Apple-converted-space\">&nbsp;&nbsp; <\/span>godz.17.oo &#8211; +Stefani\u0119 W\u0142adys\u0142awa Zieli\u0144skich z c\u00f3rk\u0105 Alicj\u0105 z Piotrem wnukiem<\/p>\n<p><strong>Niedziela(13)<\/strong><\/p>\n<p><span class=\"Apple-converted-space\">&nbsp;&nbsp; <\/span>godz.7.oo <span class=\"Apple-converted-space\">&nbsp; <\/span>&#8211; +Mari\u0119 Ochmanek 26 r. \u015bm. z rodzicami Ann\u0105 i Stanis\u0142awem<\/p>\n<p><span class=\"Apple-converted-space\">&nbsp;&nbsp; &nbsp; &nbsp; &nbsp; &nbsp; &nbsp; &nbsp; &nbsp; &nbsp; &nbsp; &nbsp; &nbsp; <\/span>&#8211; ks. O. Herubina Piko\u0144 17 r. \u015bm z rodzicami Aleksandrem i Stefani\u0105<\/p>\n<p><span class=\"Apple-converted-space\">&nbsp;&nbsp; <\/span>godz.9.oo <span class=\"Apple-converted-space\">&nbsp; <\/span>&#8211; +Mariana Mrzyg\u0142\u00f3d 22 r. \u015bm. od \u017cony i najbli\u017cszych<\/p>\n<p><span class=\"Apple-converted-space\">&nbsp; &nbsp; &nbsp; &nbsp; &nbsp; &nbsp; &nbsp; &nbsp; &nbsp; &nbsp; &nbsp; &nbsp; <\/span>&#8211;<span class=\"Apple-converted-space\">&nbsp; <\/span>+Leokadi\u0119 \u017bywio\u0142 6 r. \u015bm.<\/p>\n<p><span class=\"Apple-converted-space\">&nbsp;&nbsp; <\/span>godz.11.oo &#8211; +Urbana Palacz z rodzicami<\/p>\n<p><span class=\"Apple-converted-space\">&nbsp;&nbsp; &nbsp; &nbsp; &nbsp; &nbsp; &nbsp; &nbsp; &nbsp; &nbsp; &nbsp; &nbsp; &nbsp; <\/span>&#8211; +Agnieszk\u0119 Brzazgacz Franciszka m\u0119\u017ca<\/p>\n<p><span class=\"Apple-converted-space\">&nbsp;&nbsp; <\/span>godz.15.oo &#8211; +Zofi\u0119 Tomiczek 3 r. \u015bm z m\u0119\u017cem Edwardem i rodzicami<\/p>\n<p><span class=\"Apple-converted-space\">&nbsp;&nbsp; &nbsp; &nbsp; &nbsp; &nbsp; &nbsp; &nbsp; &nbsp; &nbsp; &nbsp; &nbsp; &nbsp; <\/span>&#8211; +Miros\u0142awa Kacorzyk 12 r. \u015bm z rodzicami i te\u015bciami , z Andrzejem bratem<\/p>\n","protected":false},"excerpt":{"rendered":"<p>&nbsp; Poniedzia\u0142ek \u2013 wsp. \u015bw. Ambro\u017cego bp. i dK Wtorek &nbsp; &nbsp; &nbsp; &nbsp; &nbsp; &#8211;&nbsp; uroczysto\u015b\u0107 Niepokalanego Pocz\u0119cia NMP <a class=\"read-more\" href=\"http:\/\/roczyny.duszpasterstwa.bielsko.pl\/?p=1253\">czytaj dalej<\/a><\/p>\n","protected":false},"author":2,"featured_media":0,"comment_status":"closed","ping_status":"open","sticky":false,"template":"","format":"standard","meta":{"ngg_post_thumbnail":0,"footnotes":""},"categories":[12],"tags":[],"class_list":["post-1253","post","type-post","status-publish","format-standard","hentry","category-ogloszenia-parafialne","post-item clearfix"],"_links":{"self":[{"href":"http:\/\/roczyny.duszpasterstwa.bielsko.pl\/index.php?rest_route=\/wp\/v2\/posts\/1253"}],"collection":[{"href":"http:\/\/roczyny.duszpasterstwa.bielsko.pl\/index.php?rest_route=\/wp\/v2\/posts"}],"about":[{"href":"http:\/\/roczyny.duszpasterstwa.bielsko.pl\/index.php?rest_route=\/wp\/v2\/types\/post"}],"author":[{"embeddable":true,"href":"http:\/\/roczyny.duszpasterstwa.bielsko.pl\/index.php?rest_route=\/wp\/v2\/users\/2"}],"replies":[{"embeddable":true,"href":"http:\/\/roczyny.duszpasterstwa.bielsko.pl\/index.php?rest_route=%2Fwp%2Fv2%2Fcomments&post=1253"}],"version-history":[{"count":1,"href":"http:\/\/roczyny.duszpasterstwa.bielsko.pl\/index.php?rest_route=\/wp\/v2\/posts\/1253\/revisions"}],"predecessor-version":[{"id":1254,"href":"http:\/\/roczyny.duszpasterstwa.bielsko.pl\/index.php?rest_route=\/wp\/v2\/posts\/1253\/revisions\/1254"}],"wp:attachment":[{"href":"http:\/\/roczyny.duszpasterstwa.bielsko.pl\/index.php?rest_route=%2Fwp%2Fv2%2Fmedia&parent=1253"}],"wp:term":[{"taxonomy":"category","embeddable":true,"href":"http:\/\/roczyny.duszpasterstwa.bielsko.pl\/index.php?rest_route=%2Fwp%2Fv2%2Fcategories&post=1253"},{"taxonomy":"post_tag","embeddable":true,"href":"http:\/\/roczyny.duszpasterstwa.bielsko.pl\/index.php?rest_route=%2Fwp%2Fv2%2Ftags&post=1253"}],"curies":[{"name":"wp","href":"https:\/\/api.w.org\/{rel}","templated":true}]}}