{"id":1250,"date":"2020-12-01T13:42:30","date_gmt":"2020-12-01T12:42:30","guid":{"rendered":"http:\/\/roczyny.duszpasterstwa.bielsko.pl\/?p=1250"},"modified":"2020-12-01T13:42:30","modified_gmt":"2020-12-01T12:42:30","slug":"i-n-i-e-d-z-i-e-l-a-a-d-w-e-n-t-u-29-11-2020r","status":"publish","type":"post","link":"http:\/\/roczyny.duszpasterstwa.bielsko.pl\/?p=1250","title":{"rendered":"I \u00a0 N I E D Z I E L A \u00a0 A D W E N T U (29.11.2020r.)"},"content":{"rendered":"<p>&nbsp;<\/p>\n<p>Adwent jest radosnym oczekiwaniem na przyj\u015bcie Pana. Szczeg\u00f3lnym przygotowaniem do \u015awi\u0105t Bo\u017cego Narodzenia b\u0119dzie nasz udzia\u0142 w Roratach, kt\u00f3re b\u0119d\u0105 odprawiane o godz.17.oo.<\/p>\n<p>Niech nie zabraknie, tak\u017ce podejmowanych przez nas dobrowolnych umartwie\u0144. Pami\u0119tajmy o wspieraniu wszystkich potrzebuj\u0105cych zw\u0142aszcza dzieci z ubogich rodzin, os\u00f3b starszych, samotnych \u2013 cho\u0107by przez zakup \u015bwiec Caritas, kt\u00f3re mo\u017cna naby\u0107 od dnia dzisiejszego w zakrystii. Do nabycia s\u0105 r\u00f3wnie\u017c op\u0142atki wigilijne w zakrystii lub u p. organistki. Ofiara za op\u0142atki jest wynagrodzeniem dla p. organistki za ca\u0142oroczn\u0105 jej prac\u0119 w naszej parafii.<\/p>\n<p>Poniedzia\u0142ek \u2013 \u015bwi\u0119to \u015bw. Andrzeja Ap.<\/p>\n<p>Czwartek<span class=\"Apple-converted-space\">&nbsp; &nbsp; &nbsp; &nbsp; <\/span>&#8211; wsp. \u015bw. Franciszka Ksawerego, kap\u0142.<\/p>\n<p>Pi\u0105tek<span class=\"Apple-converted-space\">&nbsp; &nbsp; &nbsp; &nbsp; &nbsp; &nbsp; &nbsp; <\/span>&#8211; wsp. \u015bw. Barbary, dz. i m. \u2013 Panu Bogu w tym dniu polecamy<\/p>\n<p><span class=\"Apple-converted-space\">&nbsp;&nbsp; &nbsp; &nbsp; &nbsp; &nbsp; &nbsp; &nbsp; &nbsp; &nbsp; &nbsp; &nbsp; &nbsp; &nbsp; <\/span>intencje g\u00f3rnik\u00f3w oraz ich rodziny. Msza \u015bw. w intencji g\u00f3rnik\u00f3w<\/p>\n<p><span class=\"Apple-converted-space\">&nbsp;&nbsp; &nbsp; &nbsp; &nbsp; &nbsp; &nbsp; &nbsp; &nbsp; &nbsp; &nbsp; &nbsp; &nbsp; &nbsp; <\/span>ich rodzin i zmar\u0142ych g\u00f3rnik\u00f3w naszej parafii o godz.10.oo<\/p>\n<p>W tym tygodniu I-wszy czwartek i I-wszy pi\u0105tek miesi\u0105ca.<\/p>\n<p><b><i>I N T E N C J E <span class=\"Apple-converted-space\">&nbsp; <\/span>M S Z Y<span class=\"Apple-converted-space\">&nbsp; &nbsp; <\/span>\u015a W.<\/i><\/b><\/p>\n<p><strong>Poniedzia\u0142ek(30)<\/strong><\/p>\n<p><span class=\"Apple-converted-space\">&nbsp;&nbsp; <\/span>godz.6.3o <span class=\"Apple-converted-space\">&nbsp; <\/span>&#8211; +Krzysztofa Migda\u0142ek w 30-ty dzie\u0144 po \u015bmierci<\/p>\n<p><span class=\"Apple-converted-space\">&nbsp;&nbsp; <\/span>godz.17.oo &#8211; +Ireneusza Koczur<\/p>\n<p><strong>Wtorek (1.)<\/strong><\/p>\n<p><span class=\"Apple-converted-space\">&nbsp;&nbsp; <\/span>godz.6.3o <span class=\"Apple-converted-space\">&nbsp; <\/span>&#8211; +Stanis\u0142awa Koczur<\/p>\n<p><span class=\"Apple-converted-space\">&nbsp;&nbsp; <\/span>godz.17.oo &#8211; +Bronis\u0142awa Sordyl<\/p>\n<p><strong>\u015aroda(2)<\/strong><\/p>\n<p><span class=\"Apple-converted-space\">&nbsp;&nbsp; <\/span>godz.6.3o <span class=\"Apple-converted-space\">&nbsp; <\/span>&#8211; +S\u0142awomira Pude\u0142ko<\/p>\n<p><span class=\"Apple-converted-space\">&nbsp;&nbsp; <\/span>godz.17.oo &#8211;<span class=\"Apple-converted-space\">&nbsp; <\/span>+Kazimierza Tomiak r. \u015bm. od \u017cony<\/p>\n<p><strong>Czwartek(3)<\/strong><\/p>\n<p><span class=\"Apple-converted-space\">&nbsp;&nbsp; <\/span>godz.6.3o <span class=\"Apple-converted-space\">&nbsp; <\/span>&#8211; Za dusze wypominane (WYPOMINKI)<\/p>\n<p><span class=\"Apple-converted-space\">&nbsp;&nbsp; <\/span>godz.17.oo &#8211; +Jadwig\u0119 Smaza<\/p>\n<p><strong>Pi\u0105tek(4)<\/strong><\/p>\n<p><span class=\"Apple-converted-space\">&nbsp;&nbsp; <\/span>godz.6.3o <span class=\"Apple-converted-space\">&nbsp; <\/span>&#8211; +Janin\u0119 \u015alesak<\/p>\n<p><span class=\"Apple-converted-space\">&nbsp;&nbsp; <\/span>godz.10.oo \u2013 W int. g\u00f3rnik\u00f3w, ich rodzin i zmar\u0142ych g\u00f3rnik\u00f3w naszej parafii<\/p>\n<p><span class=\"Apple-converted-space\">&nbsp;&nbsp; <\/span>godz.17.oo &#8211; +Zenona Sordyla 3 r. \u015bm. z synem Mateuszem 17 r. \u015bm.<\/p>\n<p><strong>Sobota(5)<\/strong><\/p>\n<p><span class=\"Apple-converted-space\">&nbsp;&nbsp; <\/span>godz.6.3o <span class=\"Apple-converted-space\">&nbsp; <\/span>&#8211; +Janin\u0119 \u015alesak<\/p>\n<p><span class=\"Apple-converted-space\">&nbsp;&nbsp;<\/span> godz.17.oo \u2013 O zdrowie i b\u0142. Bo\u017ce dla Emilii i Karola Smaza<\/p>\n<p><strong>Niedziela(6)<\/strong><\/p>\n<p><span class=\"Apple-converted-space\">&nbsp;&nbsp; <\/span>godz.7.oo <span class=\"Apple-converted-space\">&nbsp; <\/span>&#8211; +Krystyn\u0119 Zi\u0119ba 3 r. \u015bm. Stanis\u0142awa m\u0119\u017ca z rodzicami i rodze\u0144stwem<\/p>\n<p><span class=\"Apple-converted-space\">&nbsp;&nbsp; &nbsp; &nbsp; &nbsp; &nbsp; &nbsp; &nbsp; &nbsp; &nbsp; &nbsp; &nbsp; &nbsp; <\/span>&#8211; W int. Kazimiery w 75 r. urodzin<\/p>\n<p><span class=\"Apple-converted-space\">&nbsp;&nbsp; <\/span>godz.9.oo <span class=\"Apple-converted-space\">&nbsp; <\/span>&#8211; +Janusza M\u0142odzik 8 r. \u015bm. z synem Piotrem<\/p>\n<p><span class=\"Apple-converted-space\">&nbsp;&nbsp; &nbsp; &nbsp; &nbsp; &nbsp; &nbsp; &nbsp; &nbsp; &nbsp; &nbsp; &nbsp; &nbsp; <\/span>&#8211; +Jana Helen\u0119 Rajda od dzieci<\/p>\n<p><span class=\"Apple-converted-space\">&nbsp;&nbsp; <\/span>godz.11.oo &#8211; +Barbar\u0119 Kud\u0142acik 9 r. \u015bm. z m\u0119\u017cem Hieronimem i rodzicami<\/p>\n<p><span class=\"Apple-converted-space\">&nbsp;&nbsp; &nbsp; &nbsp; &nbsp; &nbsp; &nbsp; &nbsp; &nbsp; &nbsp; &nbsp; &nbsp; &nbsp; <\/span>&#8211; +Wojciecha Rajd\u0119 z \u017con\u0105 Ann\u0105 Czes\u0142awem synem<\/p>\n<p><span class=\"Apple-converted-space\">&nbsp;&nbsp; <\/span>godz.15.oo &#8211; +Zuzann\u0119 Bronis\u0142awa So\u0142tysiak<\/p>\n<p><span class=\"Apple-converted-space\">&nbsp;&nbsp; &nbsp; &nbsp; &nbsp; &nbsp; &nbsp; &nbsp; &nbsp; &nbsp; &nbsp; &nbsp; &nbsp; <\/span>&#8211; +Helen\u0119 Bury 3 r. \u015bm.<\/p>\n","protected":false},"excerpt":{"rendered":"<p>&nbsp; Adwent jest radosnym oczekiwaniem na przyj\u015bcie Pana. Szczeg\u00f3lnym przygotowaniem do \u015awi\u0105t Bo\u017cego Narodzenia b\u0119dzie nasz udzia\u0142 w Roratach, kt\u00f3re <a class=\"read-more\" href=\"http:\/\/roczyny.duszpasterstwa.bielsko.pl\/?p=1250\">czytaj dalej<\/a><\/p>\n","protected":false},"author":2,"featured_media":0,"comment_status":"closed","ping_status":"open","sticky":false,"template":"","format":"standard","meta":{"ngg_post_thumbnail":0,"footnotes":""},"categories":[12],"tags":[],"class_list":["post-1250","post","type-post","status-publish","format-standard","hentry","category-ogloszenia-parafialne","post-item clearfix"],"_links":{"self":[{"href":"http:\/\/roczyny.duszpasterstwa.bielsko.pl\/index.php?rest_route=\/wp\/v2\/posts\/1250"}],"collection":[{"href":"http:\/\/roczyny.duszpasterstwa.bielsko.pl\/index.php?rest_route=\/wp\/v2\/posts"}],"about":[{"href":"http:\/\/roczyny.duszpasterstwa.bielsko.pl\/index.php?rest_route=\/wp\/v2\/types\/post"}],"author":[{"embeddable":true,"href":"http:\/\/roczyny.duszpasterstwa.bielsko.pl\/index.php?rest_route=\/wp\/v2\/users\/2"}],"replies":[{"embeddable":true,"href":"http:\/\/roczyny.duszpasterstwa.bielsko.pl\/index.php?rest_route=%2Fwp%2Fv2%2Fcomments&post=1250"}],"version-history":[{"count":2,"href":"http:\/\/roczyny.duszpasterstwa.bielsko.pl\/index.php?rest_route=\/wp\/v2\/posts\/1250\/revisions"}],"predecessor-version":[{"id":1252,"href":"http:\/\/roczyny.duszpasterstwa.bielsko.pl\/index.php?rest_route=\/wp\/v2\/posts\/1250\/revisions\/1252"}],"wp:attachment":[{"href":"http:\/\/roczyny.duszpasterstwa.bielsko.pl\/index.php?rest_route=%2Fwp%2Fv2%2Fmedia&parent=1250"}],"wp:term":[{"taxonomy":"category","embeddable":true,"href":"http:\/\/roczyny.duszpasterstwa.bielsko.pl\/index.php?rest_route=%2Fwp%2Fv2%2Fcategories&post=1250"},{"taxonomy":"post_tag","embeddable":true,"href":"http:\/\/roczyny.duszpasterstwa.bielsko.pl\/index.php?rest_route=%2Fwp%2Fv2%2Ftags&post=1250"}],"curies":[{"name":"wp","href":"https:\/\/api.w.org\/{rel}","templated":true}]}}