{"id":1247,"date":"2020-11-23T13:42:56","date_gmt":"2020-11-23T12:42:56","guid":{"rendered":"http:\/\/roczyny.duszpasterstwa.bielsko.pl\/?p=1247"},"modified":"2020-11-23T13:42:56","modified_gmt":"2020-11-23T12:42:56","slug":"uroczystosc-jezusa-chrystusa-krola-wszechswiata-22-11-2020r","status":"publish","type":"post","link":"http:\/\/roczyny.duszpasterstwa.bielsko.pl\/?p=1247","title":{"rendered":"UROCZYSTO\u015a\u0106 \u00a0 JEZUSA \u00a0 CHRYSTUSA \u00a0 KR\u00d3LA \u00a0 WSZECH\u015aWIATA (22.11.2020r.)"},"content":{"rendered":"<p>Wtorek<span class=\"Apple-converted-space\">&nbsp; &nbsp; <\/span>&#8211; wsp. \u015bwi\u0119tych m\u0119czennik\u00f3w Andrzeja Dung-Lanc, kap\u0142ana i Towarzyszy.<\/p>\n<p style=\"text-align: center;\"><b><i>I N T E N C J E <span class=\"Apple-converted-space\">&nbsp; <\/span>M S Z Y <span class=\"Apple-converted-space\">&nbsp; <\/span>\u015a W.<\/i><\/b><\/p>\n<p><strong>Poniedzia\u0142ek(23)<\/strong><\/p>\n<p><span class=\"Apple-converted-space\">&nbsp;&nbsp; <\/span>godz.6.3o <span class=\"Apple-converted-space\">&nbsp; <\/span>&#8211; +S\u0142awomir Pude\u0142ko<\/p>\n<p><span class=\"Apple-converted-space\">&nbsp;&nbsp; <\/span>godz.17.oo &#8211; +Ireneusza Koczur<\/p>\n<p><strong>Wtorek(24)<\/strong><\/p>\n<p><span class=\"Apple-converted-space\">&nbsp;&nbsp; <\/span>godz.6.3o <span class=\"Apple-converted-space\">&nbsp; <\/span>&#8211; +Mari\u0119 \u017bywio\u0142 w 30-ty dzie\u0144 po \u015bmierci<\/p>\n<p><span class=\"Apple-converted-space\">&nbsp;&nbsp; <\/span>godz.17.oo &#8211; +Rozali\u0119 Ga\u0142osz 2 r. \u015bm.<\/p>\n<p><strong>\u015aroda(25)<\/strong><\/p>\n<p><span class=\"Apple-converted-space\">&nbsp;&nbsp; <\/span>godz.6.3o <span class=\"Apple-converted-space\">&nbsp; <\/span>&#8211; +Wies\u0142aw\u0119 Matlak w 30-ty dzie\u0144 po \u015bmierci<\/p>\n<p><span class=\"Apple-converted-space\">&nbsp;&nbsp; <\/span>godz.17.oo \u2013 Bronis\u0142awa Sordyl<\/p>\n<p><strong>Czwartek(26)<\/strong><\/p>\n<p><span class=\"Apple-converted-space\">&nbsp;&nbsp; <\/span>godz.6.3o <span class=\"Apple-converted-space\">&nbsp; <\/span>&#8211; +Janin\u0119 \u015alesak<\/p>\n<p><span class=\"Apple-converted-space\">&nbsp;&nbsp; <\/span>godz.17.oo &#8211; +Mari\u0119 \u0106wiertnia<\/p>\n<p><strong>Pi\u0105tek(27)<\/strong><\/p>\n<p><span class=\"Apple-converted-space\">&nbsp;&nbsp; <\/span>godz.6.3o <span class=\"Apple-converted-space\">&nbsp; <\/span>&#8211; +Stanis\u0142awa Sordyla<\/p>\n<p><span class=\"Apple-converted-space\">&nbsp;&nbsp; <\/span>godz.17.oo &#8211; +Halin\u0119 Sordyl z rodzicami Piotrem i Helen\u0105<\/p>\n<p><strong>Sobota(28)<\/strong><\/p>\n<p><span class=\"Apple-converted-space\">&nbsp;&nbsp; <\/span>godz.6.3o <span class=\"Apple-converted-space\">&nbsp; <\/span>&#8211; +Jadwig\u0119 Smaza<\/p>\n<p><span class=\"Apple-converted-space\">&nbsp;&nbsp; <\/span>godz.17.oo &#8211; <span class=\"Apple-converted-space\">&nbsp; <\/span>W 30-t\u0105 r. \u015blubu Bogus\u0142awy i Adama o zdrowie i b\u0142. Bo\u017ce w rodzinie<\/p>\n<p>&nbsp; &nbsp; &nbsp; &nbsp; &nbsp; &nbsp; &nbsp; &nbsp; &nbsp; &nbsp; &nbsp; &nbsp;&#8211; Za cz\u0142onk\u00f3w orkiestry OSP Roczyny i ich rodzin z okazji 150-lecia istnienia orkiestry<span class=\"Apple-converted-space\">&nbsp;<\/span><\/p>\n<p><strong>Niedziela(29)<\/strong><\/p>\n<p><span class=\"Apple-converted-space\">&nbsp;&nbsp; <\/span>godz.7.oo <span class=\"Apple-converted-space\">&nbsp; <\/span>&#8211; +ks. Jana Rajd\u0119 1 r. \u015bm.<\/p>\n<p><span class=\"Apple-converted-space\">&nbsp; &nbsp; &nbsp; &nbsp; &nbsp; &nbsp; &nbsp; &nbsp; &nbsp; &nbsp; &nbsp; &nbsp; <\/span>-+Mari\u0119 Kasprzak 1 r. \u015bm. Ignacego m\u0119\u017ca<\/p>\n<p><span class=\"Apple-converted-space\">&nbsp;&nbsp; <\/span>godz.9.oo <span class=\"Apple-converted-space\">&nbsp; <\/span>&#8211; +J\u00f3zef\u0119 Franciszka Byrskiego r. \u015bm.<\/p>\n<p><span class=\"Apple-converted-space\">&nbsp; &nbsp; &nbsp; &nbsp; &nbsp; &nbsp; &nbsp; &nbsp; &nbsp; &nbsp; &nbsp; &nbsp; <\/span>&#8211; +Franciszka Mazgaj z \u017con\u0105 Ann\u0105 synami Andrzejem i Stanis\u0142awem z \u017con\u0105 Eugeni\u0105<\/p>\n<p><span class=\"Apple-converted-space\">&nbsp;&nbsp; <\/span>godz.11.oo &#8211; +Kazimierza Ku\u017am\u0119 z synem Andrzejem<\/p>\n<p><span class=\"Apple-converted-space\">&nbsp; &nbsp; &nbsp; &nbsp; &nbsp; &nbsp; &nbsp; &nbsp; &nbsp; &nbsp; &nbsp; &nbsp; <\/span>&#8211; +Grzegorza Helen\u0119 Miku\u0142a<\/p>\n<p><span class=\"Apple-converted-space\">&nbsp;&nbsp; <\/span>godz.15.oo &#8211; +Franciszka Guzdak 33 r. \u015bm. z \u017con\u0105 Iren\u0105<\/p>\n<p><span class=\"Apple-converted-space\">&nbsp;&nbsp; &nbsp; &nbsp; &nbsp; &nbsp; &nbsp; &nbsp; &nbsp; &nbsp; &nbsp; &nbsp; &nbsp; <\/span>&#8211; +Teofila Mrzyg\u0142\u00f3d z te\u015bciami<\/p>\n","protected":false},"excerpt":{"rendered":"<p>Wtorek&nbsp; &nbsp; &#8211; wsp. \u015bwi\u0119tych m\u0119czennik\u00f3w Andrzeja Dung-Lanc, kap\u0142ana i Towarzyszy. I N T E N C J E &nbsp; <a class=\"read-more\" href=\"http:\/\/roczyny.duszpasterstwa.bielsko.pl\/?p=1247\">czytaj dalej<\/a><\/p>\n","protected":false},"author":2,"featured_media":0,"comment_status":"closed","ping_status":"open","sticky":false,"template":"","format":"standard","meta":{"ngg_post_thumbnail":0,"footnotes":""},"categories":[12],"tags":[],"class_list":["post-1247","post","type-post","status-publish","format-standard","hentry","category-ogloszenia-parafialne","post-item clearfix"],"_links":{"self":[{"href":"http:\/\/roczyny.duszpasterstwa.bielsko.pl\/index.php?rest_route=\/wp\/v2\/posts\/1247"}],"collection":[{"href":"http:\/\/roczyny.duszpasterstwa.bielsko.pl\/index.php?rest_route=\/wp\/v2\/posts"}],"about":[{"href":"http:\/\/roczyny.duszpasterstwa.bielsko.pl\/index.php?rest_route=\/wp\/v2\/types\/post"}],"author":[{"embeddable":true,"href":"http:\/\/roczyny.duszpasterstwa.bielsko.pl\/index.php?rest_route=\/wp\/v2\/users\/2"}],"replies":[{"embeddable":true,"href":"http:\/\/roczyny.duszpasterstwa.bielsko.pl\/index.php?rest_route=%2Fwp%2Fv2%2Fcomments&post=1247"}],"version-history":[{"count":1,"href":"http:\/\/roczyny.duszpasterstwa.bielsko.pl\/index.php?rest_route=\/wp\/v2\/posts\/1247\/revisions"}],"predecessor-version":[{"id":1248,"href":"http:\/\/roczyny.duszpasterstwa.bielsko.pl\/index.php?rest_route=\/wp\/v2\/posts\/1247\/revisions\/1248"}],"wp:attachment":[{"href":"http:\/\/roczyny.duszpasterstwa.bielsko.pl\/index.php?rest_route=%2Fwp%2Fv2%2Fmedia&parent=1247"}],"wp:term":[{"taxonomy":"category","embeddable":true,"href":"http:\/\/roczyny.duszpasterstwa.bielsko.pl\/index.php?rest_route=%2Fwp%2Fv2%2Fcategories&post=1247"},{"taxonomy":"post_tag","embeddable":true,"href":"http:\/\/roczyny.duszpasterstwa.bielsko.pl\/index.php?rest_route=%2Fwp%2Fv2%2Ftags&post=1247"}],"curies":[{"name":"wp","href":"https:\/\/api.w.org\/{rel}","templated":true}]}}