{"id":1242,"date":"2020-11-15T22:21:58","date_gmt":"2020-11-15T21:21:58","guid":{"rendered":"http:\/\/roczyny.duszpasterstwa.bielsko.pl\/?p=1242"},"modified":"2020-11-17T07:36:20","modified_gmt":"2020-11-17T06:36:20","slug":"x-x-x-i-i-i-n-i-e-de-z-i-e-l-a-z-w-y-k-l-a-15-11-2020r","status":"publish","type":"post","link":"http:\/\/roczyny.duszpasterstwa.bielsko.pl\/?p=1242","title":{"rendered":"X X X I I I \u00a0 N I E DE Z I E L A \u00a0 Z W Y K \u0141 A (15.11.2020r.)"},"content":{"rendered":"<p>&nbsp;<\/p>\n<p><strong>Wtorek<\/strong> <span class=\"Apple-converted-space\">&nbsp; <\/span>&#8211; wsp. \u015bw. El\u017cbiety W\u0119gierskiej, zak.<\/p>\n<p><strong>\u015aroda. &nbsp; &nbsp;&#8211; <\/strong>wsp. b\u0142. Karoliny k\u00f3zk\u00f3wny, dz. i m.<\/p>\n<p><strong>Pi\u0105tek<\/strong> <span class=\"Apple-converted-space\">&nbsp; &nbsp; <\/span>&#8211; wsp. \u015bw. Rafa\u0142a Kalinowskiego, kap\u0142.<\/p>\n<p><strong>Sobota<\/strong><span class=\"Apple-converted-space\">&nbsp; &nbsp; <\/span>&#8211; wsp. Ofiarowania NMP<\/p>\n<p>W przysz\u0142\u0105 niedziel\u0119 22 listopada, obchodzimy uroczysto\u015b\u0107 Jezusa Chrystusa Kr\u00f3la Wszech\u015bwiata.<\/p>\n<p style=\"text-align: center;\"><b><i>I N T E N C J E <span class=\"Apple-converted-space\">&nbsp; <\/span>M S Z Y <span class=\"Apple-converted-space\">&nbsp; <\/span>\u015a W.<\/i><\/b><\/p>\n<p><strong>Poniedzia\u0142ek (16)<\/strong><\/p>\n<p><span class=\"Apple-converted-space\">&nbsp;&nbsp; <\/span>godz.6.3o <span class=\"Apple-converted-space\">&nbsp; <\/span>&#8211; +Bogdana Komender\u0119 w 30-ty dzie\u0144 po \u015bmierci<\/p>\n<p><span class=\"Apple-converted-space\">&nbsp;&nbsp; <\/span>godz.17.oo &#8211; +S\u0142awomira Pude\u0142ko<\/p>\n<p><strong>Wtorek(17)<\/strong><\/p>\n<p><span class=\"Apple-converted-space\">&nbsp;&nbsp; <\/span>godz.6.3o <span class=\"Apple-converted-space\">&nbsp; <\/span>&#8211; +Stanis\u0142awa Koczur<\/p>\n<p><span class=\"Apple-converted-space\">&nbsp;&nbsp; <\/span>godz.17.oo &#8211; +Iren\u0119 Wojewodzic od rodziny Kijas\u00f3w z Targanic<\/p>\n<p><strong>\u015aroda(18)<\/strong><\/p>\n<p><span class=\"Apple-converted-space\">&nbsp;&nbsp; <\/span>godz.6.3o <span class=\"Apple-converted-space\">&nbsp; <\/span>&#8211; +Ks. Jana Rajd\u0119 r. \u015bm.<\/p>\n<p><span class=\"Apple-converted-space\">&nbsp;&nbsp; <\/span>godz.17.oo &#8211; +Stanis\u0142awa Kud\u0142acika z rodzicami<\/p>\n<p><strong>Czwartek(19)<\/strong><\/p>\n<p><span class=\"Apple-converted-space\">&nbsp;&nbsp; <\/span>godz.6.3o <span class=\"Apple-converted-space\">&nbsp; <\/span>&#8211; W int. 71 r. urodzin dzi\u0119kczynna z pro\u015bb\u0105 o dalsze \u0142aski<\/p>\n<p><span class=\"Apple-converted-space\">&nbsp;&nbsp; <\/span>godz.17.oo -+Tadeusza Bylic\u0119 z \u017con\u0105 Waleri\u0105<\/p>\n<p><strong>Pi\u0105tek(20)<\/strong><\/p>\n<p><span class=\"Apple-converted-space\">&nbsp;&nbsp; <\/span>godz.6.3o <span class=\"Apple-converted-space\">&nbsp; <\/span>&#8211; +Stanis\u0142awa Babi\u0144skiego 16 r. \u015bm. z rodzicami i te\u015bciami<\/p>\n<p><span class=\"Apple-converted-space\">&nbsp;&nbsp; <\/span>godz.17.oo &#8211; +Henryka Borgosz 5 r. \u015bm.<\/p>\n<p><strong>Sobota(21)<\/strong><\/p>\n<p><span class=\"Apple-converted-space\">&nbsp;&nbsp; <\/span>godz.6.3o <span class=\"Apple-converted-space\">&nbsp; <\/span>&#8211; +Mari\u0119 \u0106wiertnia<\/p>\n<p><span class=\"Apple-converted-space\">&nbsp;&nbsp; <\/span>godz.17.oo &#8211; +Grzegorza Szub\u0119 z rodzicami i te\u015bciami<\/p>\n<p><strong>Niedziela(22)<\/strong><\/p>\n<p><span class=\"Apple-converted-space\">&nbsp;&nbsp; <\/span>godz.7.oo <span class=\"Apple-converted-space\">&nbsp; <\/span>&#8211; +Ireneusza Koczur od Rady Parafialnej<\/p>\n<p><span class=\"Apple-converted-space\">&nbsp; &nbsp; &nbsp; &nbsp; &nbsp; &nbsp; &nbsp; &nbsp; &nbsp; &nbsp; &nbsp; <\/span>&#8211; +Wiktora Wi\u015bniowskiego<\/p>\n<p><span class=\"Apple-converted-space\">&nbsp;&nbsp; <\/span>godz.9.oo <span class=\"Apple-converted-space\">&nbsp; <\/span>&#8211; W int. Emilii i Edwarda Jarosz 55 r. \u015blubu<\/p>\n<p><span class=\"Apple-converted-space\">&nbsp; &nbsp; &nbsp; &nbsp; &nbsp; &nbsp; &nbsp; &nbsp; &nbsp; &nbsp; &nbsp; <\/span>&#8211; +Jana Sordyla z 2 \u017conami<\/p>\n<p><span class=\"Apple-converted-space\">&nbsp;&nbsp; <\/span>godz.11.oo &#8211; +Mari\u0119 Og\u00f3rek 11 r. \u015bm.<\/p>\n<p><span class=\"Apple-converted-space\">&nbsp; &nbsp; &nbsp; &nbsp; &nbsp; &nbsp; &nbsp; &nbsp; &nbsp; &nbsp; &nbsp; <\/span>&#8211; +Kazimierza Ku\u017am\u0119 z synem Andrzejem<\/p>\n<p><span class=\"Apple-converted-space\">&nbsp;&nbsp; <\/span>godz.15.oo \u2013 O zdrowie i b\u0142. Bo\u017ce dla cz\u0142onki\u0144 z R\u00f3\u017cy \u015bw. Katarzyny<\/p>\n<p><span class=\"Apple-converted-space\">&nbsp; &nbsp; &nbsp; &nbsp; &nbsp; &nbsp; &nbsp; &nbsp; &nbsp; &nbsp; &nbsp; <\/span>&#8211; +Jana Kud\u0142acika z rodzicami Rozali\u0105 i Franciszkiem<\/p>\n","protected":false},"excerpt":{"rendered":"<p>&nbsp; Wtorek &nbsp; &#8211; wsp. \u015bw. El\u017cbiety W\u0119gierskiej, zak. \u015aroda. &nbsp; &nbsp;&#8211; wsp. b\u0142. Karoliny k\u00f3zk\u00f3wny, dz. i m. Pi\u0105tek <a class=\"read-more\" href=\"http:\/\/roczyny.duszpasterstwa.bielsko.pl\/?p=1242\">czytaj dalej<\/a><\/p>\n","protected":false},"author":2,"featured_media":0,"comment_status":"closed","ping_status":"open","sticky":false,"template":"","format":"standard","meta":{"ngg_post_thumbnail":0,"footnotes":""},"categories":[12],"tags":[],"class_list":["post-1242","post","type-post","status-publish","format-standard","hentry","category-ogloszenia-parafialne","post-item clearfix"],"_links":{"self":[{"href":"http:\/\/roczyny.duszpasterstwa.bielsko.pl\/index.php?rest_route=\/wp\/v2\/posts\/1242"}],"collection":[{"href":"http:\/\/roczyny.duszpasterstwa.bielsko.pl\/index.php?rest_route=\/wp\/v2\/posts"}],"about":[{"href":"http:\/\/roczyny.duszpasterstwa.bielsko.pl\/index.php?rest_route=\/wp\/v2\/types\/post"}],"author":[{"embeddable":true,"href":"http:\/\/roczyny.duszpasterstwa.bielsko.pl\/index.php?rest_route=\/wp\/v2\/users\/2"}],"replies":[{"embeddable":true,"href":"http:\/\/roczyny.duszpasterstwa.bielsko.pl\/index.php?rest_route=%2Fwp%2Fv2%2Fcomments&post=1242"}],"version-history":[{"count":4,"href":"http:\/\/roczyny.duszpasterstwa.bielsko.pl\/index.php?rest_route=\/wp\/v2\/posts\/1242\/revisions"}],"predecessor-version":[{"id":1246,"href":"http:\/\/roczyny.duszpasterstwa.bielsko.pl\/index.php?rest_route=\/wp\/v2\/posts\/1242\/revisions\/1246"}],"wp:attachment":[{"href":"http:\/\/roczyny.duszpasterstwa.bielsko.pl\/index.php?rest_route=%2Fwp%2Fv2%2Fmedia&parent=1242"}],"wp:term":[{"taxonomy":"category","embeddable":true,"href":"http:\/\/roczyny.duszpasterstwa.bielsko.pl\/index.php?rest_route=%2Fwp%2Fv2%2Fcategories&post=1242"},{"taxonomy":"post_tag","embeddable":true,"href":"http:\/\/roczyny.duszpasterstwa.bielsko.pl\/index.php?rest_route=%2Fwp%2Fv2%2Ftags&post=1242"}],"curies":[{"name":"wp","href":"https:\/\/api.w.org\/{rel}","templated":true}]}}