{"id":1239,"date":"2020-11-08T12:43:34","date_gmt":"2020-11-08T11:43:34","guid":{"rendered":"http:\/\/roczyny.duszpasterstwa.bielsko.pl\/?p=1239"},"modified":"2020-11-08T12:43:34","modified_gmt":"2020-11-08T11:43:34","slug":"xxxii-niedziela-okresu-zwyklego-08-11-2020r","status":"publish","type":"post","link":"http:\/\/roczyny.duszpasterstwa.bielsko.pl\/?p=1239","title":{"rendered":"XXXII Niedziela Okresu Zwyk\u0142ego (08.11.2020r.)"},"content":{"rendered":"<p>&nbsp;<\/p>\n<p><strong>Poniedzia\u0142ek<\/strong> &#8211; \u015bwi\u0119to rocznicy po\u015bwi\u0119cenia Bazyliki Latera\u0144skiej<span class=\"Apple-converted-space\">&nbsp;<\/span><\/p>\n<p><strong>Wtorek<\/strong> &#8211; wspomnienie \u015bw. Leona Wielkiego, papie\u017ca i Doktor Ko\u015bcio\u0142a<\/p>\n<p><strong>\u015aroda<\/strong> &#8211; 11 listopada, wspomnienie \u015bw. Marcina z Tours, biskupa. W tym dniu obchodzimy rocznic\u0119 odzyskania przez Polsk\u0119 Niepodleg\u0142o\u015bci.<span class=\"Apple-converted-space\">&nbsp;<\/span><\/p>\n<p><strong>Czwartek<\/strong> &#8211; wspomnienie \u015bw. Jozafata, biskupa i m\u0119czennika. Jest to zarazem dzie\u0144 solidarno\u015bci z Ko\u015bcio\u0142em Prze\u015bladowanym<span class=\"Apple-converted-space\">&nbsp;<\/span><\/p>\n<p><strong>Pi\u0105tek<\/strong> &#8211; wspomnienie \u015bwi\u0119tych Benedykta, Jana, Mateusza, Izaaka, i<span class=\"Apple-converted-space\">&nbsp; &nbsp; <\/span>Krystyna pierwszych m\u0119czennik\u00f3w Polski.<\/p>\n<p><b><i>I N T E N C J E <span class=\"Apple-converted-space\">&nbsp; <\/span>M S Z Y<span class=\"Apple-converted-space\">&nbsp; &nbsp; <\/span>\u015aW.<\/i><\/b><\/p>\n<p><strong>Poniedzia\u0142ek(9)<\/strong><\/p>\n<p><span class=\"Apple-converted-space\">&nbsp;&nbsp; <\/span>godz.6.3o <span class=\"Apple-converted-space\">&nbsp; <\/span>&#8211; +Stanis\u0142awa Koczur <span class=\"Apple-converted-space\">&nbsp; &nbsp; &nbsp; &nbsp; &nbsp; &nbsp;<\/span><\/p>\n<p><span class=\"Apple-converted-space\">&nbsp; <\/span>Godz. 17.00 +Karzimierza Magier\u0119 &#8211; od brata Edwarda z rodzin\u0105<\/p>\n<p><strong>Wtorek(10)<\/strong><\/p>\n<p><span class=\"Apple-converted-space\">&nbsp;&nbsp; <\/span>godz.6.3o <span class=\"Apple-converted-space\">&nbsp; <\/span>&#8211; +Tomasza Vogler<\/p>\n<p><span class=\"Apple-converted-space\">&nbsp;&nbsp; <\/span>godz.17.oo \u2013 W int Ojczyzny<\/p>\n<p><strong>\u015aroda(11)<\/strong><\/p>\n<p><span class=\"Apple-converted-space\">&nbsp;&nbsp; <\/span>godz.6.3o <span class=\"Apple-converted-space\">&nbsp; <\/span>&#8211; +Krystyn\u0119 Fra\u015b<\/p>\n<p><span class=\"Apple-converted-space\">&nbsp;&nbsp; <\/span>godz.17.oo \u2013 +Felicj\u0119 Walusiak 2 rocznica \u015bmierci z m\u0119\u017cem Paw\u0142em<span class=\"Apple-converted-space\">&nbsp;<\/span><\/p>\n<p><strong>Czwartek(12)<\/strong><\/p>\n<p><span class=\"Apple-converted-space\">&nbsp;&nbsp; <\/span>godz.6.3o <span class=\"Apple-converted-space\">&nbsp; <\/span>&#8211; Za zmar\u0142ych z okresu rocznego naszej parafii<span class=\"Apple-converted-space\">&nbsp;<\/span><\/p>\n<p><span class=\"Apple-converted-space\">&nbsp;&nbsp; <\/span>godz.17.oo \u2013 +Krzysztofa<\/p>\n<p><strong>Pi\u0105tek(13)<\/strong><\/p>\n<p><span class=\"Apple-converted-space\">&nbsp;&nbsp; <\/span>godz.6.3o <span class=\"Apple-converted-space\">&nbsp; <\/span>&#8211; +J\u00f3zef\u0119 Talar w 30-ty dzie\u0144 po \u015bmierci<span class=\"Apple-converted-space\">&nbsp;<\/span><\/p>\n<p><span class=\"Apple-converted-space\">&nbsp;&nbsp; <\/span>godz.17.oo \u2013 +W\u0142adys\u0142aw\u0119 Dwojak z m\u0119\u017cem Antonim<\/p>\n<p><strong>Sobota(14)<\/strong><\/p>\n<p><span class=\"Apple-converted-space\">&nbsp;&nbsp; <\/span>godz.6.3o <span class=\"Apple-converted-space\">&nbsp; <\/span>&#8211; +Anne Stefana \u0106wiertnia<span class=\"Apple-converted-space\">&nbsp;<\/span><\/p>\n<p><span class=\"Apple-converted-space\">&nbsp;&nbsp; <\/span>godz.17.oo \u2013 +Stanis\u0142awa Tomiak z \u017con\u0105 Ludmi\u0142\u0105<span class=\"Apple-converted-space\">&nbsp;<\/span><\/p>\n<p><strong>Niedziela(15)<\/strong><\/p>\n<p><span class=\"Apple-converted-space\">&nbsp;&nbsp; <\/span>godz.7.oo <span class=\"Apple-converted-space\">&nbsp; <\/span>&#8211; +W\u0142adys\u0142awa Zar\u0119b\u0119 z rodzicami<span class=\"Apple-converted-space\">&nbsp;<\/span><\/p>\n<p><span class=\"Apple-converted-space\">&nbsp; &nbsp; &nbsp; &nbsp; &nbsp; &nbsp; &nbsp; &nbsp; &nbsp; &nbsp; &nbsp; &nbsp; <\/span>&#8211;<span class=\"Apple-converted-space\">&nbsp; <\/span>Dzi\u0119kczynna za otrzymane \u0142aski z pro\u015bb\u0105 o zdrowie i opiek\u0119 Bo\u017c\u0105 w rodzinie <span class=\"Apple-converted-space\">&nbsp; <\/span>Barbary Marii i Stanis\u0142awa<span class=\"Apple-converted-space\">&nbsp;<\/span><\/p>\n<p><span class=\"Apple-converted-space\">&nbsp;&nbsp; <\/span>godz.9.oo <span class=\"Apple-converted-space\">&nbsp; <\/span>&#8211; +Rozali\u0119 Sordyl 12 rocz \u015bm z m\u0119\u017cem W\u0142adys\u0142awem<span class=\"Apple-converted-space\">&nbsp;<\/span><\/p>\n<p><span class=\"Apple-converted-space\">&nbsp; &nbsp; &nbsp; &nbsp; &nbsp; &nbsp; &nbsp; &nbsp; &nbsp; &nbsp; &nbsp; &nbsp; <\/span>&#8211; +Beat\u0119 Pilarczyk &#8211; od m\u0119\u017ca<span class=\"Apple-converted-space\">&nbsp;<\/span><\/p>\n<p><span class=\"Apple-converted-space\">&nbsp;&nbsp; <\/span>godz.11.oo \u2013 +Stanis\u0142awa Sordyl z rodzicami<\/p>\n<p><span class=\"Apple-converted-space\">&nbsp;&nbsp; &nbsp; &nbsp; &nbsp; &nbsp; &nbsp; &nbsp; &nbsp; &nbsp; &nbsp; &nbsp; &nbsp; <\/span>&#8211; W intencji Amelii<span class=\"Apple-converted-space\">&nbsp;<\/span><\/p>\n<p><span class=\"Apple-converted-space\">&nbsp;&nbsp; <\/span>godz.15.oo &#8211; +Antonin\u0119 Mazgaj 1 rocz \u015bm z m\u0119\u017cem W\u0142adys\u0142awem<span class=\"Apple-converted-space\">&nbsp;<\/span><\/p>\n<p><span class=\"Apple-converted-space\">&nbsp;&nbsp; &nbsp; &nbsp; &nbsp; &nbsp; &nbsp; &nbsp; &nbsp; &nbsp; &nbsp; &nbsp; &nbsp; <\/span>&#8211; +Danut\u0119 Zawarus 7 rocz \u015bm z m\u0119\u017cem Mieczys\u0142awem i synem Stanis\u0142awem.<\/p>\n","protected":false},"excerpt":{"rendered":"<p>&nbsp; Poniedzia\u0142ek &#8211; \u015bwi\u0119to rocznicy po\u015bwi\u0119cenia Bazyliki Latera\u0144skiej&nbsp; Wtorek &#8211; wspomnienie \u015bw. Leona Wielkiego, papie\u017ca i Doktor Ko\u015bcio\u0142a \u015aroda &#8211; <a class=\"read-more\" href=\"http:\/\/roczyny.duszpasterstwa.bielsko.pl\/?p=1239\">czytaj dalej<\/a><\/p>\n","protected":false},"author":2,"featured_media":0,"comment_status":"closed","ping_status":"open","sticky":false,"template":"","format":"standard","meta":{"ngg_post_thumbnail":0,"footnotes":""},"categories":[12],"tags":[],"class_list":["post-1239","post","type-post","status-publish","format-standard","hentry","category-ogloszenia-parafialne","post-item clearfix"],"_links":{"self":[{"href":"http:\/\/roczyny.duszpasterstwa.bielsko.pl\/index.php?rest_route=\/wp\/v2\/posts\/1239"}],"collection":[{"href":"http:\/\/roczyny.duszpasterstwa.bielsko.pl\/index.php?rest_route=\/wp\/v2\/posts"}],"about":[{"href":"http:\/\/roczyny.duszpasterstwa.bielsko.pl\/index.php?rest_route=\/wp\/v2\/types\/post"}],"author":[{"embeddable":true,"href":"http:\/\/roczyny.duszpasterstwa.bielsko.pl\/index.php?rest_route=\/wp\/v2\/users\/2"}],"replies":[{"embeddable":true,"href":"http:\/\/roczyny.duszpasterstwa.bielsko.pl\/index.php?rest_route=%2Fwp%2Fv2%2Fcomments&post=1239"}],"version-history":[{"count":1,"href":"http:\/\/roczyny.duszpasterstwa.bielsko.pl\/index.php?rest_route=\/wp\/v2\/posts\/1239\/revisions"}],"predecessor-version":[{"id":1240,"href":"http:\/\/roczyny.duszpasterstwa.bielsko.pl\/index.php?rest_route=\/wp\/v2\/posts\/1239\/revisions\/1240"}],"wp:attachment":[{"href":"http:\/\/roczyny.duszpasterstwa.bielsko.pl\/index.php?rest_route=%2Fwp%2Fv2%2Fmedia&parent=1239"}],"wp:term":[{"taxonomy":"category","embeddable":true,"href":"http:\/\/roczyny.duszpasterstwa.bielsko.pl\/index.php?rest_route=%2Fwp%2Fv2%2Fcategories&post=1239"},{"taxonomy":"post_tag","embeddable":true,"href":"http:\/\/roczyny.duszpasterstwa.bielsko.pl\/index.php?rest_route=%2Fwp%2Fv2%2Ftags&post=1239"}],"curies":[{"name":"wp","href":"https:\/\/api.w.org\/{rel}","templated":true}]}}