{"id":1235,"date":"2020-11-01T16:28:21","date_gmt":"2020-11-01T15:28:21","guid":{"rendered":"http:\/\/roczyny.duszpasterstwa.bielsko.pl\/?p=1235"},"modified":"2020-11-01T22:57:51","modified_gmt":"2020-11-01T21:57:51","slug":"1235","status":"publish","type":"post","link":"http:\/\/roczyny.duszpasterstwa.bielsko.pl\/?p=1235","title":{"rendered":"UROCZYSTO\u015a\u0106 \u00a0 WSZYSTKICH \u00a0 \u015aWI\u0118TYCH (1.11.2020r.)"},"content":{"rendered":"<p>Dzisiejsza uroczysto\u015b\u0107 wskazuje nam prawd\u0119 o \u015bwi\u0119tych obcowaniu, czyli ich szczeg\u00f3lnym wstawiennictwu za nami przed tronem Bo\u017cym.<\/p>\n<p>Poniedzia\u0142ek 2 listopada wspomnienie Wszystkich Wiernych Zmar\u0142ych (Dzie\u0144 Zaduszny).<\/p>\n<p>Msze \u015bw. o godz. 7.oo; 9.oo; 17.oo<\/p>\n<p>\u015aroda \u2013 wspomnienie \u015bw. Karola Boremeusza, bp.<\/p>\n<p>W tym tygodniu I-wszy czwartek i I-wszy pi\u0105tek miesi\u0105ca.<\/p>\n<p>&nbsp;<\/p>\n<p>Po raz kolejny w Polsce organizowane jest dzie\u0142o modlitwy<span class=\"Apple-converted-space\">&nbsp; <\/span>\u201eR\u00f3\u017caniec do granic Nieba\u201d<span class=\"Apple-converted-space\">&nbsp;<\/span><\/p>\n<p>Organizatorzy podkre\u015blaj\u0105 i zach\u0119caj\u0105 do podj\u0119cia dzie\u0142 pokuty i postu w intencji os\u00f3b kt\u00f3re dokona\u0142y aborcji, lub zamierzaj\u0105 to zrobi\u0107 : \u201e<b><i>Musimy chwyci\u0107 za r\u00f3\u017ca\u0144ce i z ca\u0142ych si\u0142 wo\u0142a\u0107 do Boga Ojca o zmi\u0142owanie. Podejmijmy pokut\u0119 za nasze grzechy i wo\u0142ajmy do Nieba o wybaczenie<\/i><\/b>. Sta\u0144my wszyscy jako prawdziwi Katolicy w obronie \u017cycia.<span class=\"Apple-converted-space\">&nbsp;<\/span><\/p>\n<p>W Oktawie Uroczysto\u015bci Wszystkich \u015awi\u0119tych od 1-8 listopada zach\u0119camy do odmawiania r\u00f3\u017ca\u0144ca w rodzinach. W naszej parafii b\u0119dzie r\u00f3wnie\u017c taka mo\u017cliwo\u015b\u0107 od 2 do 8 listopada po wieczornej Eucharystii (wyj\u0105tkowo 8 listopada o godzinie 15.00 po Mszy \u015awi\u0119tej) wraz z wystawieniem Naj\u015bwi\u0119tszego Sakramentu.<span class=\"Apple-converted-space\">&nbsp;<\/span><\/p>\n<p>Prosimy o nie przekraczanie dozwolonej li\u015bci miejsc w naszym ko\u015bciele ze wzgl\u0119du na stan epidemiczny, wyj\u0105tkowo dzisiaj bardzo prosimy, aby odm\u00f3wi\u0107 r\u00f3\u017caniec w domach i rodzinach wsp\u00f3lnie \u0142\u0105cz\u0105c si\u0119 z transmisji na \u017cywo z Gietrzwa\u0142du o godzinie 19.00. poprzez stron\u0119 internetow\u0105<span class=\"Apple-converted-space\">&nbsp; <\/span><a href=\"https:\/\/www.rozaniecdogranic.pl\/\">https:\/\/www.rozaniecdogranic.pl\/<\/a><\/p>\n<p>Kiedy rozpoczynamy modlitw\u0119 w domu lub w \u015bwi\u0105tyni b\u0105d\u017amy przygotowani (Przygotujmy miejsce modlitwy. Stolik, \u015bwiec\u0119, Pismo \u015awi\u0119te, Krzy\u017c) b\u0105d\u017amy w tym czasie w stanie \u0141aski U\u015bwi\u0119caj\u0105cej, zach\u0119camy do skorzystania z Sakramentalnej Spowiedzi codziennie p\u00f3\u0142 godziny przed ka\u017cd\u0105 Msz\u0105, rano b\u0105d\u017a wiecz\u00f3r.<\/p>\n<p>Ju\u017c teraz za wszystkie rodziny i ka\u017cdego z was kt\u00f3rzy podejmiecie si\u0119 tego dzie\u0142a z serca dzi\u0119kujemy i prosimy o wasz\u0105 wytrwa\u0142o\u015b\u0107 w tym\u017ce dziele.<\/p>\n<p><b><i>I N T E N C J E <span class=\"Apple-converted-space\">&nbsp; <\/span>M S Z Y<span class=\"Apple-converted-space\">&nbsp; &nbsp; <\/span>\u015aW.<\/i><\/b><\/p>\n<p><strong>Poniedzia\u0142ek(2)<\/strong><\/p>\n<p><span class=\"Apple-converted-space\">&nbsp;&nbsp; <\/span>godz.7.oo <span class=\"Apple-converted-space\">&nbsp; <\/span>&#8211; +Helen\u0119 Stanis\u0142awa Sordyl od najbli\u017cszych<\/p>\n<p><span class=\"Apple-converted-space\">&nbsp;&nbsp; &nbsp; &nbsp; &nbsp; &nbsp; &nbsp; &nbsp; &nbsp; &nbsp; &nbsp; &nbsp; &nbsp; <\/span>+Iren\u0119 Prus<\/p>\n<p><span class=\"Apple-converted-space\">&nbsp;&nbsp; <\/span>godz.9.oo <span class=\"Apple-converted-space\">&nbsp; <\/span>&#8211; +Tadeusza Tomczak 3 r. \u015bm. z synami Krzysztofem i Stanis\u0142awem<\/p>\n<p><span class=\"Apple-converted-space\">&nbsp;&nbsp; &nbsp; &nbsp; &nbsp; &nbsp; &nbsp; &nbsp; &nbsp; &nbsp; &nbsp; &nbsp; &nbsp; <\/span>&#8211; +J\u00f3zefa Ko\u017abia\u0142<\/p>\n<p><span class=\"Apple-converted-space\">&nbsp;&nbsp; <\/span>godz.17.oo \u2013 Za zmar\u0142e cz\u0142onkinie z R\u00f3\u017cy \u015bw. Katarzyny<\/p>\n<p><span class=\"Apple-converted-space\">&nbsp;&nbsp; &nbsp; &nbsp; &nbsp; &nbsp; &nbsp; &nbsp; &nbsp; &nbsp; &nbsp; &nbsp; &nbsp; <\/span>&#8211; +Ew\u0119 \u017bydek<\/p>\n<p><strong>Wtorek(3)<\/strong><\/p>\n<p><span class=\"Apple-converted-space\">&nbsp;&nbsp; <\/span>godz.6.3o <span class=\"Apple-converted-space\">&nbsp; <\/span>&#8211; +Mari\u0119 M\u0119droch<\/p>\n<p><span class=\"Apple-converted-space\">&nbsp;&nbsp; <\/span>godz.17.oo \u2013 +Franciszka Brzazgacza Agnieszk\u0119 \u017con\u0119<\/p>\n<p><strong>\u015aroda(4)<\/strong><\/p>\n<p><span class=\"Apple-converted-space\">&nbsp;&nbsp; <\/span>godz.6.3o <span class=\"Apple-converted-space\">&nbsp; <\/span>&#8211; W int. Kingi i Jaros\u0142awa 16 r. \u015blubu o zdrowie w rodzinie<\/p>\n<p><span class=\"Apple-converted-space\">&nbsp;&nbsp; <\/span>godz.17.oo \u2013 +Stanis\u0142awa Sordyla od Lucyny i Marcina Guzdek<\/p>\n<p><strong>Czwartek(5)<\/strong><\/p>\n<p><span class=\"Apple-converted-space\">&nbsp;&nbsp; <\/span>godz.6.3o <span class=\"Apple-converted-space\">&nbsp; <\/span>&#8211; Za dusze wypominane (WYPOMINKI)<\/p>\n<p><span class=\"Apple-converted-space\">&nbsp;&nbsp; <\/span>godz.17.oo \u2013 +Ew\u0119 \u017bydek<\/p>\n<p><strong>Pi\u0105tek(6)<\/strong><\/p>\n<p><span class=\"Apple-converted-space\">&nbsp;&nbsp; <\/span>godz.6.3o <span class=\"Apple-converted-space\">&nbsp; <\/span>&#8211; +Stanis\u0142awa Sordyl<\/p>\n<p><span class=\"Apple-converted-space\">&nbsp;&nbsp; <\/span>godz.17.oo \u2013 +Zofi\u0119 J\u00f3zefa Kowalczyk z siostr\u0105 J\u00f3zef\u0105<\/p>\n<p><strong>Sobota(7)<\/strong><\/p>\n<p><span class=\"Apple-converted-space\">&nbsp;&nbsp; <\/span>godz.6.3o <span class=\"Apple-converted-space\">&nbsp; <\/span>&#8211; +Franciszka Wawrzyn z \u017con\u0105 Ludwik\u0105 z siostrami Ann\u0105 i Agnieszk\u0105<\/p>\n<p><span class=\"Apple-converted-space\">&nbsp;&nbsp; <\/span>godz.17.oo \u2013 +Helen\u0119 Mokwa z rodzicami<\/p>\n<p><strong>Niedziela(8)<\/strong><\/p>\n<p><span class=\"Apple-converted-space\">&nbsp;&nbsp; <\/span>godz.7.oo <span class=\"Apple-converted-space\">&nbsp; <\/span>&#8211; Za zmar\u0142e cz\u0142onkinie z r\u00f3\u017cy \u015bw. siostry Faustyny<\/p>\n<p><span class=\"Apple-converted-space\">&nbsp; &nbsp; &nbsp; &nbsp; &nbsp; &nbsp; &nbsp; &nbsp; &nbsp; &nbsp; &nbsp; &nbsp; <\/span>&#8211;<span class=\"Apple-converted-space\">&nbsp; <\/span>+Tadeusza Oleksy od najbli\u017cszych<\/p>\n<p><span class=\"Apple-converted-space\">&nbsp;&nbsp; <\/span>godz.9.oo <span class=\"Apple-converted-space\">&nbsp; <\/span>&#8211; +Stanis\u0142awa Weronik\u0119 Harat r. \u015bm.<\/p>\n<p><span class=\"Apple-converted-space\">&nbsp; &nbsp; &nbsp; &nbsp; &nbsp; &nbsp; &nbsp; &nbsp; &nbsp; &nbsp; &nbsp; &nbsp; <\/span>&#8211; +Andrzeja \u015alesak z rodzicami Franciszkiem i Emili\u0105<\/p>\n<p><span class=\"Apple-converted-space\">&nbsp;&nbsp; <\/span>godz.11.oo \u2013 +Rudolfa Maciejczyk 15 r. \u015bm.<\/p>\n<p><span class=\"Apple-converted-space\">&nbsp;&nbsp; &nbsp; &nbsp; &nbsp; &nbsp; &nbsp; &nbsp; &nbsp; &nbsp; &nbsp; &nbsp; &nbsp; <\/span>&#8211; +Kazimierza Talar J\u00f3zefa syna<\/p>\n<p><span class=\"Apple-converted-space\">&nbsp;&nbsp; <\/span>godz.15.oo &#8211; +Romana Sordyl 8 r. \u015bm od \u017cony i dzieci<\/p>\n<p><span class=\"Apple-converted-space\">&nbsp;&nbsp; &nbsp; &nbsp; &nbsp; &nbsp; &nbsp; &nbsp; &nbsp; &nbsp; &nbsp; &nbsp; &nbsp; <\/span>&#8211; W int. Marii i Stanis\u0142awa w 20-t\u0105 r. \u015blubu o zdrowie i b\u0142. Bo\u017ce<\/p>\n","protected":false},"excerpt":{"rendered":"<p>Dzisiejsza uroczysto\u015b\u0107 wskazuje nam prawd\u0119 o \u015bwi\u0119tych obcowaniu, czyli ich szczeg\u00f3lnym wstawiennictwu za nami przed tronem Bo\u017cym. Poniedzia\u0142ek 2 listopada <a class=\"read-more\" href=\"http:\/\/roczyny.duszpasterstwa.bielsko.pl\/?p=1235\">czytaj dalej<\/a><\/p>\n","protected":false},"author":2,"featured_media":0,"comment_status":"closed","ping_status":"open","sticky":false,"template":"","format":"standard","meta":{"ngg_post_thumbnail":0,"footnotes":""},"categories":[12],"tags":[],"class_list":["post-1235","post","type-post","status-publish","format-standard","hentry","category-ogloszenia-parafialne","post-item clearfix"],"_links":{"self":[{"href":"http:\/\/roczyny.duszpasterstwa.bielsko.pl\/index.php?rest_route=\/wp\/v2\/posts\/1235"}],"collection":[{"href":"http:\/\/roczyny.duszpasterstwa.bielsko.pl\/index.php?rest_route=\/wp\/v2\/posts"}],"about":[{"href":"http:\/\/roczyny.duszpasterstwa.bielsko.pl\/index.php?rest_route=\/wp\/v2\/types\/post"}],"author":[{"embeddable":true,"href":"http:\/\/roczyny.duszpasterstwa.bielsko.pl\/index.php?rest_route=\/wp\/v2\/users\/2"}],"replies":[{"embeddable":true,"href":"http:\/\/roczyny.duszpasterstwa.bielsko.pl\/index.php?rest_route=%2Fwp%2Fv2%2Fcomments&post=1235"}],"version-history":[{"count":3,"href":"http:\/\/roczyny.duszpasterstwa.bielsko.pl\/index.php?rest_route=\/wp\/v2\/posts\/1235\/revisions"}],"predecessor-version":[{"id":1238,"href":"http:\/\/roczyny.duszpasterstwa.bielsko.pl\/index.php?rest_route=\/wp\/v2\/posts\/1235\/revisions\/1238"}],"wp:attachment":[{"href":"http:\/\/roczyny.duszpasterstwa.bielsko.pl\/index.php?rest_route=%2Fwp%2Fv2%2Fmedia&parent=1235"}],"wp:term":[{"taxonomy":"category","embeddable":true,"href":"http:\/\/roczyny.duszpasterstwa.bielsko.pl\/index.php?rest_route=%2Fwp%2Fv2%2Fcategories&post=1235"},{"taxonomy":"post_tag","embeddable":true,"href":"http:\/\/roczyny.duszpasterstwa.bielsko.pl\/index.php?rest_route=%2Fwp%2Fv2%2Ftags&post=1235"}],"curies":[{"name":"wp","href":"https:\/\/api.w.org\/{rel}","templated":true}]}}