{"id":1232,"date":"2020-10-28T18:59:59","date_gmt":"2020-10-28T17:59:59","guid":{"rendered":"http:\/\/roczyny.duszpasterstwa.bielsko.pl\/?p=1232"},"modified":"2020-10-28T18:59:59","modified_gmt":"2020-10-28T17:59:59","slug":"uroczystosc-rocznicy-poswiecenia-kosciola-wlasnego25-1o-22","status":"publish","type":"post","link":"http:\/\/roczyny.duszpasterstwa.bielsko.pl\/?p=1232","title":{"rendered":"UROCZYSTO\u015a\u0106\u00a0 ROCZNICY \u00a0 PO\u015aWI\u0118CENIA\u00a0 \u00a0 KO\u015aCIO\u0141A\u00a0 W\u0141ASNEGO(25.1o.22)"},"content":{"rendered":"<p>Dzi\u015b ostatnia niedziela miesi\u0105ca pa\u017adziernika obchodzona jest jako uroczysto\u015b\u0107 rocznicy po\u015bwi\u0119cenia ko\u015bcio\u0142a w\u0142asnego.<\/p>\n<p>\u015aroda \u2013 \u015bwi\u0119to \u015bwi\u0119tych Aposto\u0142\u00f3w Szymona i Judy Tadeusza.<\/p>\n<p>W przysz\u0142\u0105 niedziel\u0119 1 listopada przypada uroczysto\u015b\u0107 Wszystkich \u015awi\u0119tych. W tym dniu Ko\u015bci\u00f3\u0142 oddaje cze\u015b\u0107 wszystkim, kt\u00f3rzy ju\u017c weszli do chwa\u0142y niebieskiej, a wiernym pielgrzymuj\u0105cym na ziemi wskazuje drog\u0119, kt\u00f3ra ich starszych braci zaprowadzi\u0142a do \u015bwi\u0119to\u015bci. Przypomina nam r\u00f3wnie\u017c prawd\u0119 o naszej wsp\u00f3lnocie ze \u015bwi\u0119tymi, kt\u00f3rzy otaczaj\u0105 nas opiek\u0105.<\/p>\n<p><b>Msze \u015bw. o godz.7.oo; 9.oo; 11.oo; 14oo.<\/b><\/p>\n<p>Po Mszy \u015bw. o godz.14.oo \u2013 nie b\u0119dzie procesji na cmentarz jak to by\u0142o w ubieg\u0142ych latach.<\/p>\n<p>Za zmar\u0142ych wypominanych b\u0119dziemy modli\u0107 si\u0119 w ko\u015bciele po Mszy \u015bw.<\/p>\n<p>Poniedzia\u0142ek 2 listopada \u2013 Wspomnienie Wszystkich Wiernych Zmar\u0142ych (Dzie\u0144 Zaduszny).<\/p>\n<p>Ko\u015bci\u00f3\u0142 w tym dniu wspomina wszystkich, kt\u00f3rzy w czy\u015b\u0107cu pokutuj\u0105 za swoje grzechy. Aby im przyj\u015b\u0107 z pomoc\u0105 przedstawia Bogu modlitwy i odpusty zyskane przez \u017cyj\u0105cych, a przede wszystkim Ofiar\u0119 Chrystusa uobecniaj\u0105c\u0105 si\u0119 we Mszy \u015bw.<\/p>\n<p>Msze \u015bw. w Dzie\u0144 Zaduszny o godz.7.oo; 9.oo; 17.oo<\/p>\n<p>Za dusze w czy\u015b\u0107cu cierpi\u0105ce odpust zupe\u0142ny mo\u017cna uzyska\u0107:<\/p>\n<p>1.od po\u0142udnia uroczysto\u015bci Wszystkich \u015awi\u0119tych i w Dzie\u0144 Zaduszny przez nawiedzenie ko\u015bcio\u0142a, odmawiaj\u0105c <i>Ojcze nasz i Wierz\u0119, <\/i>modlitwa w intencji Ojca \u015bw. oraz przyj\u0119cie \u0142aski sakramentalnej spowiedzi i Komunii \u015bw.<\/p>\n<p>2.oraz do ko\u0144ca listopada nawiedzaj\u0105c pobo\u017cnie cmentarz, modl\u0105c si\u0119 za zmar\u0142ych i spe\u0142niaj\u0105c przy tym zwyk\u0142e warunki odpustu.<\/p>\n<p><b><i>I N T E N C J E <span class=\"Apple-converted-space\">&nbsp; <\/span>M S Z Y <span class=\"Apple-converted-space\">&nbsp; <\/span>\u015a W.<\/i><\/b><\/p>\n<p><strong>Poniedzia\u0142ek(26)<\/strong><\/p>\n<p><span class=\"Apple-converted-space\">&nbsp;&nbsp; <\/span>godz.6.3o <span class=\"Apple-converted-space\">&nbsp; <\/span>&#8211;<span class=\"Apple-converted-space\">&nbsp; <\/span>+Franciszka Talar<\/p>\n<p><span class=\"Apple-converted-space\">&nbsp;&nbsp; <\/span>godz.17.oo \u2013 O zdrowie i b\u0142. Bo\u017ce w rodzinie Marii i Krzysztofa w 45-t\u0105 r. \u015blubu<\/p>\n<p><strong>Wtorek(27)<\/strong><\/p>\n<p><span class=\"Apple-converted-space\">&nbsp;&nbsp; <\/span>godz.6.3o <span class=\"Apple-converted-space\">&nbsp; <\/span>&#8211; +Mari\u0119 M\u0119droch 2 r. \u015bm.<\/p>\n<p><span class=\"Apple-converted-space\">&nbsp;&nbsp; <\/span>godz.17.oo \u2013 +Mari\u0119 J\u00f3zefa Chrapkiewicz<\/p>\n<p><strong>\u015aroda(28)<\/strong><\/p>\n<p><span class=\"Apple-converted-space\">&nbsp;&nbsp; <\/span>godz.6.3o <span class=\"Apple-converted-space\">&nbsp; <\/span>&#8211; +Stefani\u0119 Chmura z m\u0119\u017cem i dzie\u0107mi<\/p>\n<p><span class=\"Apple-converted-space\">&nbsp;&nbsp; <\/span>godz.17.oo \u2013 +Tadeusza Franciszk\u0119 Kowalsk\u0105 Stanis\u0142awa syna<\/p>\n<p><strong>Czwartek(29)<\/strong><\/p>\n<p><span class=\"Apple-converted-space\">&nbsp;&nbsp; <\/span>godz.6.3o <span class=\"Apple-converted-space\">&nbsp; <\/span>&#8211; +Stanis\u0142awa Sordyla<\/p>\n<p><span class=\"Apple-converted-space\">&nbsp;&nbsp; <\/span>godz.17.oo \u2013 +Mari\u0119 Barciak r. \u015bm.<\/p>\n<p><strong>Pi\u0105tek(3o)<\/strong><\/p>\n<p><span class=\"Apple-converted-space\">&nbsp;&nbsp; <\/span>godz.6.3o <span class=\"Apple-converted-space\">&nbsp; <\/span>&#8211; +Grzegorza Sordyl 14 r. \u015bm.<\/p>\n<p><span class=\"Apple-converted-space\">&nbsp;&nbsp; <\/span>godz.17.oo \u2013 +Karola Ludwik\u0119 Polak z rodze\u0144stwem Karolem, Stanis\u0142awem i siostrami<\/p>\n<p><span class=\"Apple-converted-space\">&nbsp; &nbsp; &nbsp; &nbsp; &nbsp; &nbsp; &nbsp; &nbsp; &nbsp; &nbsp; &nbsp; &nbsp; &nbsp; &nbsp; <\/span>Iren\u0105 i J\u00f3zef\u0105<\/p>\n<p><strong>Sobota(31)<\/strong><\/p>\n<p><span class=\"Apple-converted-space\">&nbsp;&nbsp; <\/span>godz.6.3o <span class=\"Apple-converted-space\">&nbsp; <\/span>&#8211; +Stanis\u0142awa Kowalskiego 2 r. \u015bm<\/p>\n<p><span class=\"Apple-converted-space\">&nbsp;&nbsp; &nbsp; &nbsp; &nbsp; &nbsp; &nbsp; &nbsp; &nbsp; &nbsp; &nbsp; &nbsp; &nbsp; &nbsp; <\/span>+Urszul\u0119 Rajda<\/p>\n<p><span class=\"Apple-converted-space\">&nbsp;&nbsp; <\/span>godz.17.oo \u2013 +J\u00f3zefa Kud\u0142acika z rodzicami<\/p>\n<p><strong>Niedziela(1)<\/strong><\/p>\n<p><span class=\"Apple-converted-space\">&nbsp;&nbsp; <\/span>godz.7.oo <span class=\"Apple-converted-space\">&nbsp; <\/span>&#8211; +Mari\u0119 J\u00f3zefa Fra\u015b<\/p>\n<p><span class=\"Apple-converted-space\">&nbsp;&nbsp; &nbsp; &nbsp; &nbsp; &nbsp; &nbsp; &nbsp; &nbsp; &nbsp; &nbsp; &nbsp; &nbsp; &nbsp; <\/span>+Aleksandra Karkoszk\u0119 z te\u015bciami<\/p>\n<p><span class=\"Apple-converted-space\">&nbsp;&nbsp; <\/span>godz.9.oo <span class=\"Apple-converted-space\">&nbsp; <\/span>&#8211; +Grzegorza Romik 2 r. \u015bm. od najbli\u017cszych<\/p>\n<p><span class=\"Apple-converted-space\">&nbsp;&nbsp; &nbsp; &nbsp; &nbsp; &nbsp; &nbsp; &nbsp; &nbsp; &nbsp; &nbsp; &nbsp; &nbsp; &nbsp; <\/span>+Balbin\u0119 Franciszka Bury<\/p>\n<p><span class=\"Apple-converted-space\">&nbsp;&nbsp; <\/span>godz.11.oo \u2013 O b\u0142. Bo\u017ce i \u0142aski dla Oliwi w 18-t\u0105 r. urodzin<\/p>\n<p><span class=\"Apple-converted-space\">&nbsp; &nbsp; &nbsp; &nbsp; &nbsp; &nbsp; &nbsp; &nbsp; &nbsp; &nbsp; &nbsp; &nbsp; &nbsp; &nbsp; <\/span>+Jana Sordyl J\u00f3zefa syna<\/p>\n<p><span class=\"Apple-converted-space\">&nbsp;&nbsp; <\/span>godz.14.oo \u2013 W int. nosz\u0105cych feretrony i ich rodzin o b\u0142. Bo\u017ce w rodzinach<\/p>\n<p><span class=\"Apple-converted-space\">&nbsp;&nbsp; &nbsp; &nbsp; &nbsp; &nbsp; &nbsp; &nbsp; &nbsp; &nbsp; &nbsp; &nbsp; &nbsp; &nbsp; &nbsp; <\/span>+Karola Soch\u0119<\/p>\n","protected":false},"excerpt":{"rendered":"<p>Dzi\u015b ostatnia niedziela miesi\u0105ca pa\u017adziernika obchodzona jest jako uroczysto\u015b\u0107 rocznicy po\u015bwi\u0119cenia ko\u015bcio\u0142a w\u0142asnego. \u015aroda \u2013 \u015bwi\u0119to \u015bwi\u0119tych Aposto\u0142\u00f3w Szymona i <a class=\"read-more\" href=\"http:\/\/roczyny.duszpasterstwa.bielsko.pl\/?p=1232\">czytaj dalej<\/a><\/p>\n","protected":false},"author":2,"featured_media":0,"comment_status":"closed","ping_status":"open","sticky":false,"template":"","format":"standard","meta":{"ngg_post_thumbnail":0,"footnotes":""},"categories":[12],"tags":[],"class_list":["post-1232","post","type-post","status-publish","format-standard","hentry","category-ogloszenia-parafialne","post-item clearfix"],"_links":{"self":[{"href":"http:\/\/roczyny.duszpasterstwa.bielsko.pl\/index.php?rest_route=\/wp\/v2\/posts\/1232"}],"collection":[{"href":"http:\/\/roczyny.duszpasterstwa.bielsko.pl\/index.php?rest_route=\/wp\/v2\/posts"}],"about":[{"href":"http:\/\/roczyny.duszpasterstwa.bielsko.pl\/index.php?rest_route=\/wp\/v2\/types\/post"}],"author":[{"embeddable":true,"href":"http:\/\/roczyny.duszpasterstwa.bielsko.pl\/index.php?rest_route=\/wp\/v2\/users\/2"}],"replies":[{"embeddable":true,"href":"http:\/\/roczyny.duszpasterstwa.bielsko.pl\/index.php?rest_route=%2Fwp%2Fv2%2Fcomments&post=1232"}],"version-history":[{"count":1,"href":"http:\/\/roczyny.duszpasterstwa.bielsko.pl\/index.php?rest_route=\/wp\/v2\/posts\/1232\/revisions"}],"predecessor-version":[{"id":1233,"href":"http:\/\/roczyny.duszpasterstwa.bielsko.pl\/index.php?rest_route=\/wp\/v2\/posts\/1232\/revisions\/1233"}],"wp:attachment":[{"href":"http:\/\/roczyny.duszpasterstwa.bielsko.pl\/index.php?rest_route=%2Fwp%2Fv2%2Fmedia&parent=1232"}],"wp:term":[{"taxonomy":"category","embeddable":true,"href":"http:\/\/roczyny.duszpasterstwa.bielsko.pl\/index.php?rest_route=%2Fwp%2Fv2%2Fcategories&post=1232"},{"taxonomy":"post_tag","embeddable":true,"href":"http:\/\/roczyny.duszpasterstwa.bielsko.pl\/index.php?rest_route=%2Fwp%2Fv2%2Ftags&post=1232"}],"curies":[{"name":"wp","href":"https:\/\/api.w.org\/{rel}","templated":true}]}}