{"id":1230,"date":"2020-10-20T22:06:36","date_gmt":"2020-10-20T20:06:36","guid":{"rendered":"http:\/\/roczyny.duszpasterstwa.bielsko.pl\/?p=1230"},"modified":"2020-10-20T22:06:36","modified_gmt":"2020-10-20T20:06:36","slug":"xxix-n-i-e-d-z-i-e-l-a-z-w-y-k-l-a-18-10-2020r","status":"publish","type":"post","link":"http:\/\/roczyny.duszpasterstwa.bielsko.pl\/?p=1230","title":{"rendered":"XXIX \u00a0 N I E D Z I E L A \u00a0 Z W Y K \u0141 A\u00a0 (18.10.2020r.)"},"content":{"rendered":"<p>&nbsp;<\/p>\n<p>Wtorek wsp.\u015bw. Jana Kantego, kap\u0142ana &#8211; patrona naszej diecezji<\/p>\n<p>Czwartek wsp. \u015bw. Jana Paw\u0142a II, papie\u017ca<span class=\"Apple-converted-space\">&nbsp;<\/span><\/p>\n<p>Pi\u0105tek wsp. \u015bw. J\u00f3zefa Bilczewskiego, biskupa<\/p>\n<p>W przysz\u0142\u0105 Niedziel\u0119 uroczysto\u015b\u0107 po\u015bwiecenia ko\u015bcio\u0142a w\u0142asnego.<\/p>\n<p><b><i>I N T E N C J E <span class=\"Apple-converted-space\">&nbsp; <\/span>M S Z Y<span class=\"Apple-converted-space\">&nbsp; &nbsp; <\/span>\u015a W.<\/i><\/b><\/p>\n<p><strong>Poniedzia\u0142ek(19)<\/strong><\/p>\n<p><span class=\"Apple-converted-space\">&nbsp;&nbsp; <\/span>godz.6.3o <span class=\"Apple-converted-space\">&nbsp; <\/span>+Emili\u0119 Smaza w 30-ty dzie\u0144 po pogrzebie<span class=\"Apple-converted-space\">&nbsp;<\/span><\/p>\n<p><span class=\"Apple-converted-space\">&nbsp;&nbsp; <\/span>godz.17.oo &nbsp;+J\u00f3zefa Sordyla z synem Adamem i Grzegorzem<span class=\"Apple-converted-space\">&nbsp;<\/span><\/p>\n<p><strong>Wtorek(20)<\/strong><\/p>\n<p><span class=\"Apple-converted-space\">&nbsp;&nbsp; <\/span>godz.6.3o <span class=\"Apple-converted-space\">&nbsp; <\/span>Dzi\u0119kczynna za otrzymane \u0142aski z pro\u015bb\u0105 o zdrowie i opiek\u0119 w chorobie dla Ludwiki<span class=\"Apple-converted-space\">&nbsp;<\/span><\/p>\n<p>&nbsp; &nbsp; &nbsp; &nbsp; &nbsp; &nbsp; &nbsp; &nbsp; &nbsp; &nbsp; &nbsp; &nbsp; +Janin\u0119 Hajost w 30-ty dzie\u0144 po \u015bmierci<\/p>\n<p><span class=\"Apple-converted-space\">&nbsp;&nbsp; <\/span>godz.17.oo +Janusza Maciuszek 3 rocznic\u0119 \u015bmierci -od \u017cony i dzieci<\/p>\n<p><strong>\u015aroda(21)<\/strong><\/p>\n<p><span class=\"Apple-converted-space\">&nbsp;&nbsp; <\/span>godz.6.3o <span class=\"Apple-converted-space\">&nbsp; <\/span>O zdrowie dla Marii i potrzebne \u0142aski<\/p>\n<p><span class=\"Apple-converted-space\">&nbsp;&nbsp; <\/span>godz.17.oo &nbsp;+Stanis\u0142aw\u0119 Piwowarsk\u0105 Mariana M\u0119\u017ca 20 rocznica \u015bmierci<\/p>\n<p><strong>Czwartek(22)<\/strong><\/p>\n<p><span class=\"Apple-converted-space\">&nbsp;&nbsp; <\/span>godz.6.3o <span class=\"Apple-converted-space\">&nbsp; <\/span>+Mari\u0119 Sordyl z rodzicami<\/p>\n<p><span class=\"Apple-converted-space\">&nbsp;&nbsp; <\/span>godz.17.oo &nbsp;O zdrowie i b\u0142. Bo\u017ce dla uczestnik\u00f3w maj\u00f3wek z Polany<\/p>\n<p><strong>Pi\u0105tek(23)<\/strong><\/p>\n<p><span class=\"Apple-converted-space\">&nbsp;&nbsp; <\/span>godz.6.3o <span class=\"Apple-converted-space\">&nbsp; <\/span>+Mari\u0119 i Micha\u0142a Piko\u0144 z c\u00f3rk\u0105 Mari\u0105 i Krystyn\u0105<\/p>\n<p><span class=\"Apple-converted-space\">&nbsp;&nbsp; <\/span>godz.17.oo &nbsp;O zdrowie i opiek\u0119 Matki Bo\u017cej dla Anny w 9-ta rocznice urodzin<span class=\"Apple-converted-space\">&nbsp;<\/span><\/p>\n<p><strong>Sobota(24)<\/strong><\/p>\n<p><span class=\"Apple-converted-space\">&nbsp;&nbsp; <\/span>godz.6.3o <span class=\"Apple-converted-space\">&nbsp; <\/span>O zdrowie dla Dominiki<span class=\"Apple-converted-space\">&nbsp;<\/span><\/p>\n<p><span class=\"Apple-converted-space\">&nbsp;&nbsp; <\/span>godz.17.oo W int. Stanis\u0142awy i Tadeusza w 30-t\u0105 rocz \u015blubu<\/p>\n<p>&nbsp; &nbsp; &nbsp; &nbsp; &nbsp; &nbsp; &nbsp; &nbsp; &nbsp; &nbsp; &nbsp; &nbsp; &nbsp;w int. Jadwigi i Karola w 60-t\u0105 rocz \u015blubu<\/p>\n<p><span class=\"Apple-converted-space\">&nbsp;&nbsp; &nbsp; &nbsp; &nbsp; &nbsp; &nbsp; &nbsp; &nbsp; &nbsp; &nbsp; &nbsp; &nbsp; <\/span><\/p>\n<p><strong>Niedziela(25)<\/strong><\/p>\n<p><span class=\"Apple-converted-space\">&nbsp;&nbsp; <\/span>godz.7.oo <span class=\"Apple-converted-space\">&nbsp; <\/span>+Iwon\u0119 Kurzyniec 8 rocz. \u015amierci<span class=\"Apple-converted-space\">&nbsp;<\/span><\/p>\n<p>&nbsp; &nbsp; &nbsp; &nbsp; &nbsp; &nbsp; &nbsp; &nbsp; &nbsp; &nbsp; &nbsp; &nbsp; +Natali\u0119 i Bronis\u0142awa Stachowicz<\/p>\n<p><span class=\"Apple-converted-space\">&nbsp;&nbsp; <\/span>godz.9.oo <span class=\"Apple-converted-space\">&nbsp; <\/span>W int. Alfredy i Andrzeja w 45-t\u0105 rocz. \u015alubu<span class=\"Apple-converted-space\">&nbsp;<\/span><\/p>\n<p>&nbsp; &nbsp; &nbsp; &nbsp; &nbsp; &nbsp; &nbsp; &nbsp; &nbsp; &nbsp; &nbsp; &nbsp; W int. Joanny i Tomasza w 10-t\u0105 rocz. \u015blubu<\/p>\n<p><span class=\"Apple-converted-space\">&nbsp;&nbsp; <\/span>godz.11.oo +Katarzyn\u0119 Kud\u0142acik 7 rocz \u015bmierci, Jakuba m\u0119\u017ca z synami W\u0142adys\u0142awem i Kazimierzem<\/p>\n<p>&nbsp; &nbsp; &nbsp; &nbsp; &nbsp; &nbsp; &nbsp; &nbsp; &nbsp; &nbsp; &nbsp; &nbsp;W int. Eleonory i Jaros\u0142awa o Bo\u017ce B\u0142ogos\u0142awie\u0144stwo, \u0142aski i zdrowie.<span class=\"Apple-converted-space\">&nbsp;<\/span><\/p>\n<p><span class=\"Apple-converted-space\">&nbsp;&nbsp; <\/span>godz.15.oo +Cecyli\u0119 i Maksymiliana Talar z synem Tadeuszem -od najbli\u017cszych<\/p>\n<p>&nbsp; &nbsp; &nbsp; &nbsp; &nbsp; &nbsp; &nbsp; &nbsp; &nbsp; &nbsp; &nbsp; &nbsp; +Paw\u0142a Skowron w 1-sz\u0105 rocz. \u015amierci.<span class=\"Apple-converted-space\">&nbsp; <\/span><\/p>\n<p><span class=\"Apple-converted-space\">&nbsp; &nbsp; &nbsp; &nbsp; &nbsp; &nbsp; &nbsp; &nbsp; &nbsp; &nbsp; &nbsp; &nbsp; &nbsp; <\/span><\/p>\n","protected":false},"excerpt":{"rendered":"<p>&nbsp; Wtorek wsp.\u015bw. Jana Kantego, kap\u0142ana &#8211; patrona naszej diecezji Czwartek wsp. \u015bw. Jana Paw\u0142a II, papie\u017ca&nbsp; Pi\u0105tek wsp. \u015bw. <a class=\"read-more\" href=\"http:\/\/roczyny.duszpasterstwa.bielsko.pl\/?p=1230\">czytaj dalej<\/a><\/p>\n","protected":false},"author":2,"featured_media":0,"comment_status":"closed","ping_status":"open","sticky":false,"template":"","format":"standard","meta":{"ngg_post_thumbnail":0,"footnotes":""},"categories":[12],"tags":[],"class_list":["post-1230","post","type-post","status-publish","format-standard","hentry","category-ogloszenia-parafialne","post-item clearfix"],"_links":{"self":[{"href":"http:\/\/roczyny.duszpasterstwa.bielsko.pl\/index.php?rest_route=\/wp\/v2\/posts\/1230"}],"collection":[{"href":"http:\/\/roczyny.duszpasterstwa.bielsko.pl\/index.php?rest_route=\/wp\/v2\/posts"}],"about":[{"href":"http:\/\/roczyny.duszpasterstwa.bielsko.pl\/index.php?rest_route=\/wp\/v2\/types\/post"}],"author":[{"embeddable":true,"href":"http:\/\/roczyny.duszpasterstwa.bielsko.pl\/index.php?rest_route=\/wp\/v2\/users\/2"}],"replies":[{"embeddable":true,"href":"http:\/\/roczyny.duszpasterstwa.bielsko.pl\/index.php?rest_route=%2Fwp%2Fv2%2Fcomments&post=1230"}],"version-history":[{"count":1,"href":"http:\/\/roczyny.duszpasterstwa.bielsko.pl\/index.php?rest_route=\/wp\/v2\/posts\/1230\/revisions"}],"predecessor-version":[{"id":1231,"href":"http:\/\/roczyny.duszpasterstwa.bielsko.pl\/index.php?rest_route=\/wp\/v2\/posts\/1230\/revisions\/1231"}],"wp:attachment":[{"href":"http:\/\/roczyny.duszpasterstwa.bielsko.pl\/index.php?rest_route=%2Fwp%2Fv2%2Fmedia&parent=1230"}],"wp:term":[{"taxonomy":"category","embeddable":true,"href":"http:\/\/roczyny.duszpasterstwa.bielsko.pl\/index.php?rest_route=%2Fwp%2Fv2%2Fcategories&post=1230"},{"taxonomy":"post_tag","embeddable":true,"href":"http:\/\/roczyny.duszpasterstwa.bielsko.pl\/index.php?rest_route=%2Fwp%2Fv2%2Ftags&post=1230"}],"curies":[{"name":"wp","href":"https:\/\/api.w.org\/{rel}","templated":true}]}}