{"id":1227,"date":"2020-10-06T19:47:49","date_gmt":"2020-10-06T17:47:49","guid":{"rendered":"http:\/\/roczyny.duszpasterstwa.bielsko.pl\/?p=1227"},"modified":"2020-10-06T19:47:49","modified_gmt":"2020-10-06T17:47:49","slug":"xxvii-niedziela-zwykla-4-10-2020","status":"publish","type":"post","link":"http:\/\/roczyny.duszpasterstwa.bielsko.pl\/?p=1227","title":{"rendered":"XXVII NIEDZIELA ZWYK\u0141A (4.10.2020)"},"content":{"rendered":"<p>Dzi\u015b I-sza Niedziela miesi\u0105ca &#8211; po Mszy \u015awi\u0119tej adoracja Naj\u015bwi\u0119tszego Sakramentu.<\/p>\n<p>Poniedzia\u0142ek &#8211; wspomnienie \u015bw. Faustyny Kowalskiej dziewicy.<\/p>\n<p>\u015aroda &#8211; wspomnienie NMP R\u00f3\u017ca\u0144cowej.<\/p>\n<p>W przysz\u0142a Niedziel\u0119 11 Pa\u017adziernika, b\u0119dziemy obchodzi\u0107 XX dzie\u0144 Papieski. Zbierana do puszek ofiara jest przeznaczona na fundusz stypendialny &#8211; dla uzdolnionej m\u0142odzie\u017cy pochodz\u0105cej z ubogich rodzin.<\/p>\n<p style=\"text-align: center;\"><b><i>I N T E N C J E <span class=\"Apple-converted-space\">&nbsp; <\/span>M S Z Y<span class=\"Apple-converted-space\">&nbsp; &nbsp; <\/span>\u015a W.<\/i><\/b><\/p>\n<p><strong>Poniedzia\u0142ek(5)<\/strong><\/p>\n<p><span class=\"Apple-converted-space\">&nbsp;&nbsp; <\/span>godz.6.3o <span class=\"Apple-converted-space\">&nbsp; <\/span>+Marka Mrzyg\u0142\u00f3d<\/p>\n<p><span class=\"Apple-converted-space\">&nbsp;&nbsp; <\/span>godz.17.oo W int. El\u017cbiety i Sebastiana w 3 rocznic\u0119 ma\u0142\u017ce\u0144stwa.<\/p>\n<p>&nbsp;<\/p>\n<p><strong>Wtorek(6)<\/strong><\/p>\n<p><span class=\"Apple-converted-space\">&nbsp;&nbsp; <\/span>godz.6.3o <span class=\"Apple-converted-space\">&nbsp; <\/span>+Tomasza Vogler<\/p>\n<p>&nbsp; &nbsp; &nbsp; &nbsp; &nbsp; &nbsp; &nbsp; &nbsp; &nbsp; &nbsp; &nbsp; &nbsp; + Weronik\u0119 Walas 9 rock. \u015amierci z m\u0119\u017cem Boles\u0142awem<\/p>\n<p><span class=\"Apple-converted-space\">&nbsp;&nbsp; <\/span>godz.17.oo &nbsp;+Franciszk\u0119 Sordyl, Stanis\u0142awa Bizo\u0144, Alojzego Ptasznika w rocz. \u015amierci<\/p>\n<p>&nbsp;<\/p>\n<p><strong>\u015aroda(7)<\/strong><\/p>\n<p><span class=\"Apple-converted-space\">&nbsp;&nbsp; <\/span>godz.6.3o <span class=\"Apple-converted-space\">&nbsp; <\/span>+Romana Rozali\u0119 Mazgaj z c\u00f3rk\u0105 Stefani\u0105<\/p>\n<p><span class=\"Apple-converted-space\">&nbsp;&nbsp; <\/span>godz.17.oo &nbsp;+Mari\u0119 i W\u0142adys\u0142awa<span class=\"Apple-converted-space\">&nbsp;<\/span><\/p>\n<p>&nbsp;<\/p>\n<p><strong>Czwartek(8)<\/strong><\/p>\n<p><span class=\"Apple-converted-space\">&nbsp;&nbsp; <\/span>godz.6.3o <span class=\"Apple-converted-space\">&nbsp; <\/span>+Za zmar\u0142ych z okresu rocznego naszej parafii<span class=\"Apple-converted-space\">&nbsp;<\/span><\/p>\n<p>&nbsp; &nbsp; &nbsp; &nbsp; &nbsp; &nbsp; &nbsp; &nbsp; &nbsp; &nbsp; &nbsp; &nbsp; +Rozali\u0119 Smaza w 30-ty dzie\u0144 po \u015bmierci<\/p>\n<p><span class=\"Apple-converted-space\">&nbsp;&nbsp; <\/span>godz.17.oo &nbsp;+Alojz\u0119 Lisick\u0105 9 rocznica \u015bmierci &#8211; od najbli\u017cszych<span class=\"Apple-converted-space\">&nbsp;<\/span><\/p>\n<p>&nbsp;<\/p>\n<p><strong>Pi\u0105tek(9)<\/strong><\/p>\n<p><span class=\"Apple-converted-space\">&nbsp;&nbsp; <\/span>godz.6.3o <span class=\"Apple-converted-space\">&nbsp; <\/span>+Waleri\u0119 Bylica w 30-ty dzie\u0144 po \u015bmierci<\/p>\n<p><span class=\"Apple-converted-space\">&nbsp;&nbsp; <\/span>godz.17.oo<span class=\"Apple-converted-space\">&nbsp;<\/span> W intencji ofiarodawc\u00f3w I-go o\u0142tarza Bo\u017cego Cia\u0142a o B\u0142ogos\u0142awie\u0144stwo Bo\u017ce<\/p>\n<p>&nbsp;<\/p>\n<p><strong>Sobota(10)<\/strong><\/p>\n<p><span class=\"Apple-converted-space\">&nbsp;&nbsp; <\/span>godz.6.3o <span class=\"Apple-converted-space\">&nbsp; <\/span>+Mari\u0119 Prus<\/p>\n<p>&nbsp; &nbsp; &nbsp; &nbsp; &nbsp; &nbsp; &nbsp; &nbsp; &nbsp; &nbsp; &nbsp; &nbsp; W intencji Aleksandra i Danuty w 35-t\u0105 rocznic\u0119 \u015blubu<\/p>\n<p><span class=\"Apple-converted-space\">&nbsp;&nbsp; <\/span>godz.17.oo &nbsp;+W\u0142adys\u0142awa Jo\u0144czego 2 rocznic\u0119 \u015bmierci &#8211; od rodziny<\/p>\n<p><span class=\"Apple-converted-space\">&nbsp;&nbsp; &nbsp; &nbsp; &nbsp; &nbsp; &nbsp; &nbsp; &nbsp; &nbsp; &nbsp; &nbsp; &nbsp; <\/span><\/p>\n<p><strong>Niedziela(11)<\/strong><\/p>\n<p><span class=\"Apple-converted-space\">&nbsp;&nbsp; <\/span>godz.7.oo <span class=\"Apple-converted-space\">&nbsp; <\/span>+Bronis\u0142awa Sordyl z zon\u0105 Mari\u0105 synem Stanis\u0142awem synem Bronis\u0142awem i rodzicami<\/p>\n<p><span class=\"Apple-converted-space\">&nbsp; &nbsp; &nbsp; &nbsp; &nbsp; &nbsp; &nbsp; &nbsp; &nbsp; &nbsp; &nbsp; &nbsp; <\/span>+Ks. Jana Nowaka i ks. Krzysztofa Staniszewskiego oraz ks. Jana Rajd\u0119 &#8211; od cz\u0142onki\u0144 z R\u00f3\u017cy \u015bw. Maksymiliana<span class=\"Apple-converted-space\">&nbsp;<\/span><\/p>\n<p><span class=\"Apple-converted-space\">&nbsp;&nbsp; <\/span>godz.9.oo <span class=\"Apple-converted-space\">&nbsp; <\/span>W intencji Alicji i Ireneusza w 25-t\u0105 rocznic\u0119 \u015blubu i 50-t\u0105 rocz. Urodzin Ireneusza<span class=\"Apple-converted-space\">&nbsp;<\/span><\/p>\n<p><span class=\"Apple-converted-space\">&nbsp; &nbsp; &nbsp; &nbsp; &nbsp; &nbsp; &nbsp; &nbsp; &nbsp; &nbsp; &nbsp; &nbsp; <\/span>+J\u00f3zefa Skupie\u0144 z rodzicami<\/p>\n<p><span class=\"Apple-converted-space\">&nbsp;&nbsp; <\/span>godz.11.oo +Stanis\u0142awa Tomiczek 11 rocznic\u0119 \u015bmierci.<span class=\"Apple-converted-space\">&nbsp;<\/span><\/p>\n<p><span class=\"Apple-converted-space\">&nbsp;&nbsp; &nbsp; &nbsp; &nbsp; &nbsp; &nbsp; &nbsp; &nbsp; &nbsp; &nbsp; &nbsp; &nbsp; <\/span>+Helen\u0119 Walczak Jana m\u0119\u017ca z c\u00f3rk\u0105 J\u00f3zef\u0105 Babik<span class=\"Apple-converted-space\">&nbsp;<\/span><\/p>\n<p><span class=\"Apple-converted-space\">&nbsp;&nbsp; <\/span>godz.15.oo +Antoniego Szypu\u0142a 1 rocznic\u0119 \u015bmierci &#8211; od \u017cony<\/p>\n<p><span class=\"Apple-converted-space\">&nbsp;&nbsp; &nbsp; &nbsp; &nbsp; &nbsp; &nbsp; &nbsp; &nbsp; &nbsp; &nbsp; &nbsp; &nbsp; <\/span>+Iren\u0119 Prus &#8211; od rodziny Siekank\u00f3w<\/p>\n","protected":false},"excerpt":{"rendered":"<p>Dzi\u015b I-sza Niedziela miesi\u0105ca &#8211; po Mszy \u015awi\u0119tej adoracja Naj\u015bwi\u0119tszego Sakramentu. Poniedzia\u0142ek &#8211; wspomnienie \u015bw. Faustyny Kowalskiej dziewicy. \u015aroda &#8211; <a class=\"read-more\" href=\"http:\/\/roczyny.duszpasterstwa.bielsko.pl\/?p=1227\">czytaj dalej<\/a><\/p>\n","protected":false},"author":2,"featured_media":0,"comment_status":"closed","ping_status":"open","sticky":false,"template":"","format":"standard","meta":{"ngg_post_thumbnail":0,"footnotes":""},"categories":[12],"tags":[],"class_list":["post-1227","post","type-post","status-publish","format-standard","hentry","category-ogloszenia-parafialne","post-item clearfix"],"_links":{"self":[{"href":"http:\/\/roczyny.duszpasterstwa.bielsko.pl\/index.php?rest_route=\/wp\/v2\/posts\/1227"}],"collection":[{"href":"http:\/\/roczyny.duszpasterstwa.bielsko.pl\/index.php?rest_route=\/wp\/v2\/posts"}],"about":[{"href":"http:\/\/roczyny.duszpasterstwa.bielsko.pl\/index.php?rest_route=\/wp\/v2\/types\/post"}],"author":[{"embeddable":true,"href":"http:\/\/roczyny.duszpasterstwa.bielsko.pl\/index.php?rest_route=\/wp\/v2\/users\/2"}],"replies":[{"embeddable":true,"href":"http:\/\/roczyny.duszpasterstwa.bielsko.pl\/index.php?rest_route=%2Fwp%2Fv2%2Fcomments&post=1227"}],"version-history":[{"count":1,"href":"http:\/\/roczyny.duszpasterstwa.bielsko.pl\/index.php?rest_route=\/wp\/v2\/posts\/1227\/revisions"}],"predecessor-version":[{"id":1228,"href":"http:\/\/roczyny.duszpasterstwa.bielsko.pl\/index.php?rest_route=\/wp\/v2\/posts\/1227\/revisions\/1228"}],"wp:attachment":[{"href":"http:\/\/roczyny.duszpasterstwa.bielsko.pl\/index.php?rest_route=%2Fwp%2Fv2%2Fmedia&parent=1227"}],"wp:term":[{"taxonomy":"category","embeddable":true,"href":"http:\/\/roczyny.duszpasterstwa.bielsko.pl\/index.php?rest_route=%2Fwp%2Fv2%2Fcategories&post=1227"},{"taxonomy":"post_tag","embeddable":true,"href":"http:\/\/roczyny.duszpasterstwa.bielsko.pl\/index.php?rest_route=%2Fwp%2Fv2%2Ftags&post=1227"}],"curies":[{"name":"wp","href":"https:\/\/api.w.org\/{rel}","templated":true}]}}