{"id":1224,"date":"2020-10-02T20:57:53","date_gmt":"2020-10-02T18:57:53","guid":{"rendered":"http:\/\/roczyny.duszpasterstwa.bielsko.pl\/?p=1224"},"modified":"2020-10-03T07:25:52","modified_gmt":"2020-10-03T05:25:52","slug":"xxvi-n-i-e-d-z-i-e-l-a-z-w-y-k-l-a-27-o9-2020r","status":"publish","type":"post","link":"http:\/\/roczyny.duszpasterstwa.bielsko.pl\/?p=1224","title":{"rendered":"XXVI\u00a0 N I E D Z I E L A \u00a0 Z W Y K \u0141 A\u00a0 (27.o9.2020r.)"},"content":{"rendered":"<p>&nbsp;<\/p>\n<p><b>Poniedzia\u0142ek<\/b> &#8211; wspomnienie \u015bw. Wac\u0142awa m\u0119czennika.<\/p>\n<p><b>Wtorek<\/b> -\u015a\u015b. Archanio\u0142\u00f3w, Micha\u0142a, Gabriela, Rafa\u0142a<\/p>\n<p><b>\u015aroda<\/b> &#8211; wspomnienie \u015bwi\u0119tego Hieronima, kap\u0142ana i Doktor Ko\u015bcio\u0142a<\/p>\n<p><b>Czwartek<\/b> &#8211; wspomnienie \u015bwi\u0119tej Teresy od Dzieci\u0105tka Jezus, dziewicy i Doktor Ko\u015bcio\u0142a<\/p>\n<p><b>W tym dniu rozpoczynamy nabo\u017ce\u0144stwa r\u00f3\u017ca\u0144cowe, kt\u00f3re bed\u0105 odprawiane<span class=\"Apple-converted-space\">&nbsp; <\/span>po Mszy \u015awi\u0119tej wieczornej.<\/b><\/p>\n<p><b>Pi\u0105tek<\/b> &#8211; wspomnienie \u015a\u015b. Anio\u0142\u00f3w Str\u00f3\u017c\u00f3w.<span class=\"Apple-converted-space\">&nbsp;<\/span><\/p>\n<p>W tym tygodniu Pierwszy Czwartek i Pi\u0105tek miesi\u0105ca.<span class=\"Apple-converted-space\">&nbsp;<\/span><\/p>\n<p><b><i>Od Poniedzia\u0142ku Msze \u015awi\u0119te wieczorne odprawiane b\u0119d\u0105 o godzinie 17.00<\/i><\/b><\/p>\n<p>&nbsp;<\/p>\n<p style=\"text-align: center;\"><b><i>I N T E N C J E <span class=\"Apple-converted-space\">&nbsp; <\/span>M S Z Y<span class=\"Apple-converted-space\">&nbsp; &nbsp; <\/span>\u015a W.<\/i><\/b><\/p>\n<p><strong>Poniedzia\u0142ek(28)<\/strong><\/p>\n<p><span class=\"Apple-converted-space\">&nbsp;&nbsp; <\/span>godz.6.3o <span class=\"Apple-converted-space\">&nbsp; <\/span>&#8211; +Jaros\u0142aw Tomiczek w 30-ty dzie\u0144 po \u015bmierci<span class=\"Apple-converted-space\">&nbsp;<\/span><\/p>\n<p><span class=\"Apple-converted-space\">&nbsp;&nbsp; <\/span>godz.17.oo \u2013 +W\u0142adys\u0142aw\u0119 i Stanis\u0142awa Dyba\u0142<\/p>\n<p><strong>Wtorek(29)<\/strong><\/p>\n<p><span class=\"Apple-converted-space\">&nbsp;&nbsp; <\/span>godz.6.3o <span class=\"Apple-converted-space\">&nbsp; <\/span>&#8211; +Micha\u0142a Krucza\u0142\u0119 z \u017con\u0105 Jadwig\u0105<\/p>\n<p><span class=\"Apple-converted-space\">&nbsp;&nbsp; <\/span>godz.17.oo \u2013 +Wies\u0142awa Bylic\u0119 -od rodzic\u00f3w<\/p>\n<p><strong>\u015aroda(30)<\/strong><\/p>\n<p><span class=\"Apple-converted-space\">&nbsp;&nbsp; <\/span>godz.6.3o <span class=\"Apple-converted-space\">&nbsp; <\/span>&#8211; +Franciszek Talar<\/p>\n<p><span class=\"Apple-converted-space\">&nbsp;&nbsp; <\/span>godz.17.oo \u2013 W intencji Ma\u0142gorzaty i Rafa\u0142a w 25-t\u0105 rocznic\u0119 \u015blub, dzi\u0119kczynna b\u0142agalna z pro\u015bb\u0105 o Bo\u017ce B\u0142ogos\u0142awie\u0144stwo i \u0142aski w \u017cyciu ma\u0142\u017ce\u0144skim<\/p>\n<p><strong>Czwartek(1)<\/strong><\/p>\n<p><span class=\"Apple-converted-space\">&nbsp;&nbsp; <\/span>godz.6.3o <span class=\"Apple-converted-space\">&nbsp; <\/span>&#8211; +Za dusze wypominane (WYPOMINKI)<\/p>\n<p><span class=\"Apple-converted-space\">&nbsp;&nbsp; <\/span>godz.17.oo \u2013 +Joann\u0119 Zabrzesk\u0105<\/p>\n<p><strong>Pi\u0105tek(2)<\/strong><\/p>\n<p><span class=\"Apple-converted-space\">&nbsp;&nbsp; <\/span>godz.6.3o <span class=\"Apple-converted-space\">&nbsp; <\/span>&#8211; +Mieczys\u0142awa Piko\u0144<\/p>\n<p><span class=\"Apple-converted-space\">&nbsp;&nbsp; <\/span>godz.17.oo \u2013 +Katarzyn\u0119 Stefana Krucza\u0142a z c\u00f3rk\u0105 Urszul\u0105 i synem Bronis\u0142awem.<span class=\"Apple-converted-space\">&nbsp;<\/span><\/p>\n<p><strong>Sobota(3)<\/strong><\/p>\n<p><span class=\"Apple-converted-space\">&nbsp;&nbsp; <\/span>godz.6.3o <span class=\"Apple-converted-space\">&nbsp; <\/span>&#8211; +Ann\u0119 Stanek 6 rock. \u015am z m\u0119\u017cem Tadeuszem<\/p>\n<p><span class=\"Apple-converted-space\">&nbsp;&nbsp; <\/span>godz.17.oo \u2013 +Jana Magier\u0119 z zon\u0105 Ann\u0105 i synami J\u00f3zefem i Janem<\/p>\n<p><span class=\"Apple-converted-space\">&nbsp; &nbsp; &nbsp; &nbsp; &nbsp; &nbsp; &nbsp; &nbsp; &nbsp; &nbsp; &nbsp; &nbsp; <\/span>-W intencji Zdzis\u0142awa i Marii w 45-t\u0105 rock \u015blubu, o Bo\u017ce B\u0142ogos\u0142awie\u0144stwo i \u0142aski w rodzinie.<\/p>\n<p><span class=\"Apple-converted-space\">&nbsp; &nbsp; &nbsp; &nbsp; &nbsp; &nbsp; &nbsp; &nbsp; &nbsp; &nbsp; &nbsp; &nbsp; &nbsp; &nbsp;<\/span><\/p>\n<p><strong>Niedziela(4)<\/strong><\/p>\n<p><span class=\"Apple-converted-space\">&nbsp;&nbsp; <\/span>godz.7.oo <span class=\"Apple-converted-space\">&nbsp; <\/span>&#8211; +Za zmar\u0142e cz\u0142onkinie z r\u00f3\u017cy \u015bwiat\u0142a<span class=\"Apple-converted-space\">&nbsp;<\/span><\/p>\n<p><span class=\"Apple-converted-space\">&nbsp; &nbsp; &nbsp; &nbsp; &nbsp; &nbsp; &nbsp; &nbsp; &nbsp; &nbsp; &nbsp; &nbsp; <\/span>&#8211; W int. Cz\u0142onki\u0144 z R\u00f3\u017cy \u015bw. S. Faustyny o zdrowie i b\u0142ogos\u0142awie\u0144stwo Bo\u017ce w rodzinach<\/p>\n<p><span class=\"Apple-converted-space\">&nbsp;&nbsp; <\/span>godz.9.oo <span class=\"Apple-converted-space\">&nbsp; <\/span>&#8211; +Stanis\u0142awa Matejko w rocz. \u015am -od najbli\u017cszych<span class=\"Apple-converted-space\">&nbsp;<\/span><\/p>\n<p><span class=\"Apple-converted-space\">&nbsp; &nbsp; &nbsp; &nbsp; &nbsp; &nbsp; &nbsp; &nbsp; &nbsp; &nbsp; &nbsp; &nbsp; <\/span>&#8211; O zdrowie i b\u0142o. Bo\u017ce dla cz\u0142onki\u0144 z R\u00f3\u017cy \u015bw. Maksymiliana i ich rodzin<\/p>\n<p><span class=\"Apple-converted-space\">&nbsp;&nbsp; <\/span>godz.11.oo \u2013+Aleksandra -od synowej Magdaleny<span class=\"Apple-converted-space\">&nbsp;<\/span><\/p>\n<p><span class=\"Apple-converted-space\">&nbsp;&nbsp; &nbsp; &nbsp; &nbsp; &nbsp; &nbsp; &nbsp; &nbsp; &nbsp; &nbsp; &nbsp; &nbsp; <\/span>&#8211; Ann\u0119 i Jana Kud\u0142acik<\/p>\n<p><span class=\"Apple-converted-space\">&nbsp;&nbsp; <\/span>godz.15.oo &#8211; +Leszka Rajd\u0119 11 r. \u015am ojca W\u0142adys\u0142awa, Leokadi\u0119 i Stanis\u0142awa Sordyl<span class=\"Apple-converted-space\">&nbsp;<\/span><\/p>\n<p><span class=\"Apple-converted-space\">&nbsp;&nbsp; &nbsp; &nbsp; &nbsp; &nbsp; &nbsp; &nbsp; &nbsp; &nbsp; &nbsp; &nbsp; &nbsp; <\/span>&#8211; +Ew\u0119 \u017bydek.<span class=\"Apple-converted-space\">&nbsp;<\/span><\/p>\n","protected":false},"excerpt":{"rendered":"<p>&nbsp; Poniedzia\u0142ek &#8211; wspomnienie \u015bw. Wac\u0142awa m\u0119czennika. Wtorek -\u015a\u015b. Archanio\u0142\u00f3w, Micha\u0142a, Gabriela, Rafa\u0142a \u015aroda &#8211; wspomnienie \u015bwi\u0119tego Hieronima, kap\u0142ana i <a class=\"read-more\" href=\"http:\/\/roczyny.duszpasterstwa.bielsko.pl\/?p=1224\">czytaj dalej<\/a><\/p>\n","protected":false},"author":2,"featured_media":0,"comment_status":"closed","ping_status":"open","sticky":false,"template":"","format":"standard","meta":{"ngg_post_thumbnail":0,"footnotes":""},"categories":[12],"tags":[],"class_list":["post-1224","post","type-post","status-publish","format-standard","hentry","category-ogloszenia-parafialne","post-item clearfix"],"_links":{"self":[{"href":"http:\/\/roczyny.duszpasterstwa.bielsko.pl\/index.php?rest_route=\/wp\/v2\/posts\/1224"}],"collection":[{"href":"http:\/\/roczyny.duszpasterstwa.bielsko.pl\/index.php?rest_route=\/wp\/v2\/posts"}],"about":[{"href":"http:\/\/roczyny.duszpasterstwa.bielsko.pl\/index.php?rest_route=\/wp\/v2\/types\/post"}],"author":[{"embeddable":true,"href":"http:\/\/roczyny.duszpasterstwa.bielsko.pl\/index.php?rest_route=\/wp\/v2\/users\/2"}],"replies":[{"embeddable":true,"href":"http:\/\/roczyny.duszpasterstwa.bielsko.pl\/index.php?rest_route=%2Fwp%2Fv2%2Fcomments&post=1224"}],"version-history":[{"count":2,"href":"http:\/\/roczyny.duszpasterstwa.bielsko.pl\/index.php?rest_route=\/wp\/v2\/posts\/1224\/revisions"}],"predecessor-version":[{"id":1226,"href":"http:\/\/roczyny.duszpasterstwa.bielsko.pl\/index.php?rest_route=\/wp\/v2\/posts\/1224\/revisions\/1226"}],"wp:attachment":[{"href":"http:\/\/roczyny.duszpasterstwa.bielsko.pl\/index.php?rest_route=%2Fwp%2Fv2%2Fmedia&parent=1224"}],"wp:term":[{"taxonomy":"category","embeddable":true,"href":"http:\/\/roczyny.duszpasterstwa.bielsko.pl\/index.php?rest_route=%2Fwp%2Fv2%2Fcategories&post=1224"},{"taxonomy":"post_tag","embeddable":true,"href":"http:\/\/roczyny.duszpasterstwa.bielsko.pl\/index.php?rest_route=%2Fwp%2Fv2%2Ftags&post=1224"}],"curies":[{"name":"wp","href":"https:\/\/api.w.org\/{rel}","templated":true}]}}