{"id":1208,"date":"2020-09-06T16:27:01","date_gmt":"2020-09-06T14:27:01","guid":{"rendered":"http:\/\/roczyny.duszpasterstwa.bielsko.pl\/?p=1208"},"modified":"2020-09-11T10:51:54","modified_gmt":"2020-09-11T08:51:54","slug":"x-x-i-i-i-n-i-e-d-z-i-e-l-a-z-w-y-k-l-a-7-o9-2020r","status":"publish","type":"post","link":"http:\/\/roczyny.duszpasterstwa.bielsko.pl\/?p=1208","title":{"rendered":"XXIII\u00a0 NIEDZIELA\u00a0ZWYK\u0141A\u00a0(6.09.2020r.)"},"content":{"rendered":"<p style=\"text-align: center;\"><em><strong>X X I I I<span class=\"Apple-converted-space\">&nbsp; &nbsp; <\/span>N I E D Z I E L A<span class=\"Apple-converted-space\">&nbsp; &nbsp; <\/span>Z W Y K \u0141 A<span class=\"Apple-converted-space\">&nbsp; <\/span>(7.o9.2020r.)<\/strong><\/em><\/p>\n<p>Dzi\u015b I-wsza niedziela miesi\u0105ca \u2013 po Mszy \u015bw. adoracja Naj\u015bw. Sakramentu.<\/p>\n<p>Poniedzia\u0142ek \u2013 wsp. \u015bw. Melchiora Grodzieckiego kap\u0142. i m.<\/p>\n<p>Wtorek <span class=\"Apple-converted-space\">&nbsp; &nbsp; &nbsp; &nbsp; &nbsp; <\/span>&#8211; \u015bwi\u0119to Narodzenia NMP<\/p>\n<p>W przysz\u0142\u0105 niedziel\u0119 rozpoczynamy coroczny Tydzie\u0144 Wychowania<\/p>\n<p>&nbsp;<\/p>\n<p style=\"text-align: center;\"><b><i>I N T E N C J E <span class=\"Apple-converted-space\">&nbsp; <\/span>M S Z Y<span class=\"Apple-converted-space\">&nbsp; &nbsp; <\/span>\u015a W.<\/i><\/b><\/p>\n<p><strong>Poniedzia\u0142ek(7)<\/strong><\/p>\n<p><span class=\"Apple-converted-space\">&nbsp;&nbsp; <\/span>godz.6.3o <span class=\"Apple-converted-space\">&nbsp; <\/span>&#8211; +Tomasza Vogler<\/p>\n<p><span class=\"Apple-converted-space\">&nbsp;&nbsp; <\/span>godz.18.oo &#8211; +Helen\u0119 J\u00f3zefa B\u0142achut<\/p>\n<p><strong>Wtorek(8)<\/strong><\/p>\n<p><span class=\"Apple-converted-space\">&nbsp;&nbsp; <\/span>godz.6.3o <span class=\"Apple-converted-space\">&nbsp; <\/span>&#8211; +Krystyn\u0119 Fra\u015b<\/p>\n<p><span class=\"Apple-converted-space\">&nbsp;&nbsp; <\/span>godz.18.oo &#8211; +Mari\u0119 Lipowsk\u0105<span class=\"Apple-converted-space\">&nbsp; <\/span>Janem Wojewodzic<\/p>\n<p><strong>\u015aroda(9)<\/strong><\/p>\n<p><span class=\"Apple-converted-space\">&nbsp;&nbsp; <\/span>godz.6.3o <span class=\"Apple-converted-space\">&nbsp; <\/span>&#8211; +Mari\u0119 \u0106wiertnia<\/p>\n<p><span class=\"Apple-converted-space\">&nbsp;&nbsp; <\/span>godz.18.oo &#8211; +Aleksandra Wo\u015b 4 r. \u015bm<\/p>\n<p><strong>Czwartek(10)<\/strong><\/p>\n<p><span class=\"Apple-converted-space\">&nbsp;&nbsp; <\/span>godz.6.3o <span class=\"Apple-converted-space\">&nbsp; <\/span>&#8211; Za zmar\u0142ych z okresu rocznego naszej parafii<\/p>\n<p><span class=\"Apple-converted-space\">&nbsp;&nbsp; <\/span>godz.18.oo &#8211; +Stanis\u0142aw\u0119 Pietraszek 1 r. \u015bm. z m\u0119\u017cem Antonim<\/p>\n<p><strong>Pi\u0105tek(11)<\/strong><\/p>\n<p><span class=\"Apple-converted-space\">&nbsp;&nbsp; <\/span>godz.6.3o <span class=\"Apple-converted-space\">&nbsp; <\/span>&#8211; +Ma\u0142gorzat\u0119 Siwek w 30-ty dzie\u0144 po \u015bmierci<\/p>\n<p><span class=\"Apple-converted-space\">&nbsp;&nbsp; <\/span>godz.18.oo &#8211; +Antoniego Kud\u0142acika od \u017cony z rodzin\u0105<\/p>\n<p><strong>Sobota(12)<\/strong><\/p>\n<p><span class=\"Apple-converted-space\">&nbsp;&nbsp; <\/span>godz.6.3o <span class=\"Apple-converted-space\">&nbsp; <\/span>&#8211; +Krzysztofa Pacholarz<\/p>\n<p><span class=\"Apple-converted-space\">&nbsp;&nbsp; <\/span>godz.18.oo &#8211; +Ryszarda Malczyk z ojcem J\u00f3zefem i te\u015bciami<\/p>\n<p><strong>Niedziela(13)<\/strong><\/p>\n<p><span class=\"Apple-converted-space\">&nbsp;&nbsp; <\/span>godz.7.oo <span class=\"Apple-converted-space\">&nbsp; <\/span>&#8211; +W\u0142adys\u0142awa Kud\u0142acika<\/p>\n<p><span class=\"Apple-converted-space\">&nbsp; &nbsp; &nbsp; &nbsp; &nbsp; &nbsp; &nbsp; &nbsp; &nbsp; &nbsp; &nbsp; &nbsp; <\/span>&#8211; +Ew\u0119 \u017bydek<\/p>\n<p><span class=\"Apple-converted-space\">&nbsp;&nbsp; <\/span>godz.9.oo &#8211; +Boles\u0142awa Ku\u017ama z \u017con\u0105 Alojz\u0105<\/p>\n<p><span class=\"Apple-converted-space\">&nbsp;&nbsp; &nbsp; &nbsp; &nbsp; &nbsp; &nbsp; &nbsp; &nbsp; &nbsp; &nbsp; &nbsp; <\/span>&#8211; +Henryka Skupie\u0144 1 r. \u015bm.<\/p>\n<p><span class=\"Apple-converted-space\">&nbsp;&nbsp; <\/span>godz.11.oo &#8211; +Jana i J\u00f3zef\u0119<\/p>\n<p><span class=\"Apple-converted-space\">&nbsp; &nbsp; &nbsp; &nbsp; &nbsp; &nbsp; &nbsp; &nbsp; &nbsp; &nbsp; &nbsp; &nbsp; <\/span>&#8211; +W\u0142adys\u0142awa Sordyl z \u017con\u0105 Stanis\u0142aw\u0105 od brata Stefana z \u017con\u0105<\/p>\n<p><span class=\"Apple-converted-space\">&nbsp;&nbsp; <\/span>godz.15.oo &#8211; +J\u00f3zef\u0119 Stanis\u0142awa Matejk\u00f3w od wnuczki Magdaleny<\/p>\n<p><span class=\"Apple-converted-space\">&nbsp;&nbsp; &nbsp; &nbsp; &nbsp; &nbsp; &nbsp; &nbsp; &nbsp; &nbsp; &nbsp; &nbsp; &nbsp; <\/span>&#8211; W int. Ewy i Stanis\u0142awa w 35 r. \u015blubu dzi\u0119kczynna z pro\u015bb\u0105 o dalsz\u0105 opiek\u0119<\/p>\n<p><span class=\"Apple-converted-space\">&nbsp; &nbsp; &nbsp; &nbsp; &nbsp; &nbsp; &nbsp; &nbsp; &nbsp; &nbsp; &nbsp; &nbsp; &nbsp; &nbsp; <\/span>i<span class=\"Apple-converted-space\">&nbsp; <\/span>b\u0142. Bo\u017ce w rodzinie.<\/p>\n<p>obraz: <a href=\"https:\/\/pl.wikipedia.org\/wiki\/Narodzenie_Naj%C5%9Bwi%C4%99tszej_Maryi_Panny#\/media\/Plik:Giotto_-_Scrovegni_-_-07-_-_The_Birth_of_the_Virgin.jpg\">\u017ar\u00f3d\u0142o<\/a><\/p>\n","protected":false},"excerpt":{"rendered":"<p>X X I I I&nbsp; &nbsp; N I E D Z I E L A&nbsp; &nbsp; Z W Y K <a class=\"read-more\" href=\"http:\/\/roczyny.duszpasterstwa.bielsko.pl\/?p=1208\">czytaj dalej<\/a><\/p>\n","protected":false},"author":2,"featured_media":1216,"comment_status":"closed","ping_status":"open","sticky":false,"template":"","format":"standard","meta":{"ngg_post_thumbnail":0,"footnotes":""},"categories":[12],"tags":[],"class_list":["post-1208","post","type-post","status-publish","format-standard","has-post-thumbnail","hentry","category-ogloszenia-parafialne","post-item clearfix"],"_links":{"self":[{"href":"http:\/\/roczyny.duszpasterstwa.bielsko.pl\/index.php?rest_route=\/wp\/v2\/posts\/1208"}],"collection":[{"href":"http:\/\/roczyny.duszpasterstwa.bielsko.pl\/index.php?rest_route=\/wp\/v2\/posts"}],"about":[{"href":"http:\/\/roczyny.duszpasterstwa.bielsko.pl\/index.php?rest_route=\/wp\/v2\/types\/post"}],"author":[{"embeddable":true,"href":"http:\/\/roczyny.duszpasterstwa.bielsko.pl\/index.php?rest_route=\/wp\/v2\/users\/2"}],"replies":[{"embeddable":true,"href":"http:\/\/roczyny.duszpasterstwa.bielsko.pl\/index.php?rest_route=%2Fwp%2Fv2%2Fcomments&post=1208"}],"version-history":[{"count":5,"href":"http:\/\/roczyny.duszpasterstwa.bielsko.pl\/index.php?rest_route=\/wp\/v2\/posts\/1208\/revisions"}],"predecessor-version":[{"id":1214,"href":"http:\/\/roczyny.duszpasterstwa.bielsko.pl\/index.php?rest_route=\/wp\/v2\/posts\/1208\/revisions\/1214"}],"wp:featuredmedia":[{"embeddable":true,"href":"http:\/\/roczyny.duszpasterstwa.bielsko.pl\/index.php?rest_route=\/wp\/v2\/media\/1216"}],"wp:attachment":[{"href":"http:\/\/roczyny.duszpasterstwa.bielsko.pl\/index.php?rest_route=%2Fwp%2Fv2%2Fmedia&parent=1208"}],"wp:term":[{"taxonomy":"category","embeddable":true,"href":"http:\/\/roczyny.duszpasterstwa.bielsko.pl\/index.php?rest_route=%2Fwp%2Fv2%2Fcategories&post=1208"},{"taxonomy":"post_tag","embeddable":true,"href":"http:\/\/roczyny.duszpasterstwa.bielsko.pl\/index.php?rest_route=%2Fwp%2Fv2%2Ftags&post=1208"}],"curies":[{"name":"wp","href":"https:\/\/api.w.org\/{rel}","templated":true}]}}